{"id":3477,"date":"2021-05-23T00:00:00","date_gmt":"2021-05-23T00:00:00","guid":{"rendered":"https:\/\/www.imovirtual.com\/noticias2\/2021\/05\/23\/mude-de-casa-mude-de-vida-evora\/"},"modified":"2024-08-28T10:29:55","modified_gmt":"2024-08-28T10:29:55","slug":"mude-de-casa-mude-de-vida-evora","status":"publish","type":"post","link":"https:\/\/www.imovirtual.com\/noticias\/imobiliario\/mude-de-casa-mude-de-vida-evora\/","title":{"rendered":"Mude de Casa, Mude de Vida: \u00c9vora"},"content":{"rendered":"<p class=\"css-8qfla4\">\n<p class=\"css-m5h6m0 edperro0\">\n<h1><strong>Mude de Casa, Mude de Vida: \u00c9vora<\/strong><\/h1>\n<p>Mudar de casa \u00e9 um processo moroso, cansativo e complexo. Da procura \u00e0 conclus\u00e3o do processo, s\u00e3o muitas as&nbsp;<a href=\"https:\/\/www.imovirtual.com\/en\/noticias\/imobiliario\/esta-a-vender-casa-prepare-a-sua-mudanca-id67.html\" target=\"_blank\" rel=\"noopener\">fases pelas quais ter\u00e1 de passar<\/a>. O Mercado Imobili\u00e1rio tem imensas op\u00e7\u00f5es de fant\u00e1sticos im\u00f3veis e por isso queremos facilitar a sua vida na hora da escolha. Na rubrica&nbsp;<strong><em>Mude de Casa, Mude de Vida<\/em><\/strong>, iremos sugerir oportunidades de casas para comprar e para arrendar numa determinada cidade, ao mesmo tempo que lhe damos a conhecer os empreendimentos que por l\u00e1 est\u00e3o a surgir.<\/p>\n<p>Esta semana mostramos-lhe as oportunidades de im\u00f3veis para comprar na regi\u00e3o de \u00c9vora, bem como os novos Empreendimentos que por l\u00e1 est\u00e3o a ser edificados. Pela sua centralidade, hist\u00f3ria e din\u00e2mica social, \u00c9vora \u00e9 uma das cidades mais concorridas da zona do Alentejo. Com v\u00e1rios pontos de interesse, que agua\u00e7am a curiosidade dos turistas, como o Templo de Diana e a Capela dos Ossos, \u00e9 tamb\u00e9m a casa da 2\u00aa Universidade mais antiga do pa\u00eds a Universidade de \u00c9vora. Conhe\u00e7a as oportunidades de im\u00f3veis dispon\u00edveis na zona!<\/p>\n<\/p>\n<h2><strong>Para comprar<\/strong><\/h2>\n<\/p>\n<h3><strong>\ud83d\udc49&nbsp;Moradia T0<\/strong><\/h3>\n<p class=\" block-img\"><img decoding=\"async\" src=\"https:\/\/www.imovirtual.com\/noticias\/wp-content\/uploads\/2022\/11\/d441d58a-dcb8-471a-8525-c14560b1f10c_moradia-t0.png\" alt=\"moradia t0 \u00e9vora\"><\/p>\n<p>Localizada no Largo dos Esta\u00e7os, junto \u00e0 Porta de Avis, no Centro Hist\u00f3rico de \u00c9vora, encontra-se esta <a href=\"https:\/\/www.imovirtual.com\/pt\/anuncio\/moradia-t0-recuperada-de-r-chao-centro-historico-de-evora-ID15uWv.html#2e7a5890c2\" target=\"_blank\" rel=\"noopener\">Moradia T0<\/a> recuperada de r\u00e9s do ch\u00e3o. O im\u00f3vel tem cerca de 40 m2 e apesar de ser em open space, encontra-se dividido em 2 ambientes distintos: de um lado tem a zona social, que contempla a sala com kitchenette; do outro tem uma zona mais reservada, onde se encontra o quarto e wc completo, ambos com janela. A habita\u00e7\u00e3o possui 2 aparelhos de ar condicionado, posicionados de forma a oferecerem conforto t\u00e9rmico aos 2 ambientes.<\/p>\n<\/p>\n<h3><strong>\ud83d\udc49&nbsp;Apartamento T1<\/strong><\/h3>\n<p class=\" block-img\"><img decoding=\"async\" src=\"https:\/\/www.imovirtual.com\/noticias\/wp-content\/uploads\/2022\/11\/550794dc-febe-483e-833f-3927a08b9721_apartamento-1.png\" alt=\"apartamento t1 \u00e9vora para venda\"><\/p>\n<p><a href=\"https:\/\/www.imovirtual.com\/pt\/anuncio\/t1-2-assoalhadas-no-centro-historico-de-evora-totalmente-remodelado-ID15y8G.html#59aff2a638\" target=\"_blank\" rel=\"noopener\">Apartamento T1<\/a> totalmente renovado e novo em pleno centro hist\u00f3rico de \u00c9vora a menos de 5 minutos a p\u00e9 da Pra\u00e7a do Giraldo, Templo de Diana e S\u00e9 de \u00c9vora, e a 2 minutos a p\u00e9 do Aqueduto. Renovado com materiais de primeira qualidade. Disp\u00f5e de um terra\u00e7o agrad\u00e1vel; cozinha nova, a estrear e totalmente equipada, com m\u00e1quinas de lavar a<br \/>roupa e loi\u00e7a, forno, placa vitrocer\u00e2mica e micro ondas, tudo da marca TEKA; ilha de cozinha com bancada para refei\u00e7\u00f5es; bancadas em pedra m\u00e1rmore, sistema de aquecimento de \u00e1guas com termo-acumulador TEKA de 74 litros; suite com teto em abobada e ilumina\u00e7\u00e3o LED a todo comprimento.<\/p>\n<\/p>\n<h3><strong>\ud83d\udc49&nbsp;Moradia T2<\/strong><\/h3>\n<p class=\" block-img\"><img decoding=\"async\" src=\"https:\/\/www.imovirtual.com\/noticias\/wp-content\/uploads\/2022\/11\/9ea71fed-ce72-44d1-9035-74ff45d89fc3_moradia-t2-reguengos.png\" alt=\"moradia t2 \u00e0 venda em reguengos de monsaraz\"><\/p>\n<p><a href=\"https:\/\/www.imovirtual.com\/pt\/anuncio\/moradia-t2-com-terraco-e-box-para-um-carro-em-sao-pedro-d-ID15W4r.html#03062d7e45\" target=\"_blank\" rel=\"noopener\">Moradia T2<\/a> em Corval, Reguengos de Monsaraz com 3 Terra\u00e7os e Box para um carro. Composta por 2 pisos sendo que no R\/C tem sala, cozinha, semi equipada, um quarto com roupeiro e uma casa de banho e um terra\u00e7o com acesso direto \u00e0 sala e \u00e0 cozinha. No 1\u00ba piso \u00e9 composta por 1 hall, 1 casa de banho com banheira, 1 quarto com acesso ao 2\u00ba terra\u00e7o e um 3\u00ba terra\u00e7o onde \u00e9 poss\u00edvel construir um outro quarto. Com a viabilidade de construir piscina e colocar um barbecue. A moradia est\u00e1 equipada com pain\u00e9is solares t\u00e9rmicos para aquecimento das \u00e1guas.<\/p>\n<\/p>\n<h3><strong>\ud83d\udc49&nbsp;Moradia T3<\/strong><\/h3>\n<p class=\" block-img\"><img decoding=\"async\" src=\"https:\/\/www.imovirtual.com\/noticias\/wp-content\/uploads\/2022\/11\/62759175-dbf0-45e7-b4c0-257ee27a7c79_moradia-t3-vendas-novas-evora.png\" alt=\"moradia t3 para venda em vendas novas \"><\/p>\n<p><a href=\"https:\/\/www.imovirtual.com\/pt\/anuncio\/moradia-t3-para-venda-em-vendas-novas-ID10uBz.html#f48cddabb0\" target=\"_blank\" rel=\"noopener\">Moradia T3<\/a> T\u00e9rrea isolada inserida em lote com 10.500m2, com \u00e1rvores de frutos, telheiro para 4 carros e ampla zona de lazer para venda em Vendas Novas. Constitu\u00edda por sala de estar, sala de jantar, 1 Suite, 2 Quartos, 1 Casa de banho e Cozinha.<\/p>\n<h3><strong>\ud83d\udc49&nbsp;Quinta T4<\/strong><\/h3>\n<p class=\" block-img\"><img decoding=\"async\" src=\"https:\/\/www.imovirtual.com\/noticias\/wp-content\/uploads\/2022\/11\/cda1ca6a-6970-4575-839e-73b22c59cb07_quinta-t4.png\" alt=\"quinta t4 em \u00e9vora\"><\/p>\n<p>O Monte dos Figueiras est\u00e1 localizado nos Foros do Queimado, junto \u00e0 S\u00e3o Miguel de Machede. A <a href=\"https:\/\/www.imovirtual.com\/pt\/anuncio\/quinta-4-quartos-ID15MCd.html#8947cd30cb\" target=\"_blank\" rel=\"noopener\">Quinta T4<\/a> fica situada a 20km de \u00c9vora e a 10km do Redondo. O terreno de 4250m2, encontra-se vedado, encontrando-se uma habita\u00e7\u00e3o t\u00edpica alentejana. Possui paneis solares, paneis fotovoltaicos, aquecimento central (Roca) abastecido por combust\u00edvel e em todos os Wc barras de aquecimento. A habita\u00e7\u00e3o de 206m2 composta por 4 quartos, encontra-se em bom estado de conserva\u00e7\u00e3o. O Alpendre em todo o seu comprimento, permite uma vista sobre as azinheiras, sobreiros e oliveiras. O Furo de 90m, abastece a piscina assim como o sistema de rega (gota a gota) da horta e pomar. Para al\u00e9m da casa principal, existe uma casa de apoio com cozinha devidamente equipada. <\/p>\n<\/p>\n<h2><strong>Empreendimentos<\/strong><\/h2>\n<\/p>\n<h3><strong>\ud83d\udc49&nbsp;<a href=\"https:\/\/www.imovirtual.com\/pt\/anuncio\/land-vineyards-arinto-ID15MCR.html#cf17f9ecb6\" target=\"_blank\" rel=\"noopener\">L&#8217;AND Vineyards Arinto<\/a><\/strong><\/h3>\n<p>Foros de Vale de Figueira, Montemor-o-Novo, \u00c9vora<\/p>\n<p class=\" block-img\"><img decoding=\"async\" src=\"https:\/\/www.imovirtual.com\/noticias\/wp-content\/uploads\/2022\/11\/2d250501-b0ee-4877-bfcd-5321bd7a9e0d_empre1.png\" alt=\"land vineyards arinto empreendimento \u00e9vora\"><\/p>\n<p>Localizado no cora\u00e7\u00e3o do Alentejo, o L&#8217;AND Vineyards \u00e9 um resort v\u00ednico exclusivo, integrando a componente de hospitalidade (hotel 5 estrelas e spa) a componente residencial, uma vinha e uma adega.<\/p>\n<p>O L&#8217;AND Vineyards integra a arquitectura na Natureza, numa paisagem \u00fanica definida pela vinha e por um grande lago, promovendo uma atmosfera intimista de luxo s\u00f3brio, beleza natural e tranquilidade.<\/p>\n<p>No n\u00facleo Arinto as villas A5 s\u00e3o projetadas por Promont\u00f3rio Arquitetos e usam o terreno como suporte para a cria\u00e7\u00e3o de um baseamento onde assenta a casa. O p\u00e1tio central \u00e9 um grande terreiro, um espa\u00e7o de perman\u00eancia, uma zona de estar coletiva. Cada unidade tem uma sala ampla que funciona como elemento central e organizador da tipologia, numa rela\u00e7\u00e3o franca com a paisagem. Lotes a partir de 4 000m2, com piscina privativa e tipologias entre T4 ou T4 + 1 com \u00e1reas brutas de constru\u00e7\u00e3o entre 237m2 e 270m2.<\/p>\n<\/p>\n<h3><strong>\ud83d\udc49 <a href=\"https:\/\/www.imovirtual.com\/pt\/anuncio\/land-vineyards-villas-e-townhouses-ID15Anu.html#cf17f9ecb6\" target=\"_blank\" rel=\"noopener\">L&#8217;AND Vineyards Villas e Townhouses<\/a><\/strong><\/h3>\n<p>Cabrela, Montemor-o-Novo, \u00c9vora<\/p>\n<p class=\" block-img\"><img decoding=\"async\" src=\"https:\/\/www.imovirtual.com\/noticias\/wp-content\/uploads\/2022\/11\/ad133c8d-8b0b-40c5-a9aa-defcda532f01_empre2.png\" alt=\"empreendimento \u00e9vora land vineyards\"><\/p>\n<p>O L&#8217;AND Vineyards \u00e9 um Resort v\u00ednico de 5 estrelas, localizado em Montemor-o-Novo. O projeto desenvolve-se com o conceito do L&#8217;AND integrando a com- ponente de hospitalidade (hotel 5 estrelas e spa), a componente residencial, uma vinha e uma adega. Mais do que um Country Club, o L&#8217;AND oferece um retiro exclusivo caracterizado pela deslumbrante paisagem envolvente, onde os h\u00f3spedes podem desfrutar de um Restaurante com Estrela Michelin e de um SPA Caudalie com um excelente n\u00edvel de servi\u00e7o, complementado uma experi\u00eancia discreta e enriquecedora. Existem 29 Villas dispon\u00edveis para comercializa\u00e7\u00e3o.<\/p>\n<\/p>\n<h3><strong>\ud83d\udc49 <a href=\"https:\/\/www.imovirtual.com\/pt\/anuncio\/l-39and-vineyards-castelao-lake-villas-ID14ukS.html#cf17f9ecb6\" target=\"_blank\" rel=\"noopener\">L&#8217;AND Vineyards&nbsp;&#8211; Castel\u00e3o Lake Villas<\/a><\/strong><\/h3>\n<p>Nossa Senhora da Vila, Montemor-o-Novo, \u00c9vora<\/p>\n<p class=\" block-img\"><img decoding=\"async\" src=\"https:\/\/images.prismic.io\/imovirtual\/28d77bd3-36c2-4c2a-a99b-09be43eebe5d_empre3.png\" alt=\"land vineyards empreendimento \u00e9vora\"><\/p>\n<p>O L\u2019AND disponibiliza um n\u00famero reduzido de resid\u00eancias exclusivas com servi\u00e7os, desenhadas por arquitetos de renome internacional. Cada Villa \u00e9 cuidadosamente integrada na paisagem, por forma a assegurar total privacidade, tranquilidade e a valorizar a vista. Constru\u00eddas com materiais naturais, como pedra e a madeira natural, as Villas s\u00e3o baseadas na reinterpreta\u00e7\u00e3o contempor\u00e2nea das casas p\u00e1tio mediterr\u00e2neas e desenhadas de modo a permitir uma liga\u00e7\u00e3o interior exterior fluida e natural e a viv\u00eancia dos espa\u00e7os exteriores. Cada vila disp\u00f5e da sua vinha privada, para que o propriet\u00e1rio produza o seu vinho, de modo totalmente personalizado na adega do empreendimento, com apoio da nossa equipa de enologia.<\/p>\n<\/p>\n<p class=\" block-img\"><img decoding=\"async\" src=\"https:\/\/www.imovirtual.com\/noticias\/wp-content\/uploads\/2022\/11\/3c23b667-0a08-4ca1-abcb-74566be5c538_Copia-de-Banners-Autores-2.png\" alt=\"alexandre lu\u00eds imovirtual\"><\/p>\n<h5><em>Tamb\u00e9m conhecido como &#8216;O Consultor&#8217;. Pode encontr\u00e1-lo a consultar o \u00faltimo estudo de mercado. N\u00e3o tem talento para vender, mas sabe tudo sobre Imobili\u00e1rio. Fala sobre quest\u00f5es relacionadas com o tema no Blog do Imovirtual.<\/em><\/h5>\n<\/p>\n<h4><strong>Veja tamb\u00e9m<\/strong><\/h4>\n<p>Mude de Casa, Mude de Vida: <a href=\"https:\/\/www.imovirtual.com\/en\/noticias\/imobiliario\/mude-de-casa-mude-de-vida-leiria\" target=\"_blank\" rel=\"noopener\"><strong>Leiria<\/strong><\/a><\/p>\n<p>Mude de Casa, Mude de Vida: <a href=\"https:\/\/www.imovirtual.com\/en\/noticias\/imobiliario\/mude-de-casa-mude-de-vida-castelo-branco\" target=\"_blank\" rel=\"noopener\"><strong>Castelo Branco<\/strong><\/a><\/p>\n<p>Mude de Casa, Mude de Vida: <a href=\"https:\/\/www.imovirtual.com\/noticias\/imobiliario\/conheca-as-novas-oportunidades-de-imoveis-em-faro\" target=\"_blank\" rel=\"noopener\"><strong>Faro<\/strong><\/a><\/p>\n<\/p>\n<div class=\"css-h5fkc8\"><strong>Ultima actualiza\u00e7\u00e3o:<\/strong> 11 agosto 2021<\/div>\n","protected":false},"excerpt":{"rendered":"<p>Mude de Casa, Mude de Vida: \u00c9vora Mudar de casa \u00e9 um processo moroso, cansativo e complexo. Da procura \u00e0 conclus\u00e3o do processo, s\u00e3o muitas as&nbsp;fases pelas quais ter\u00e1 de passar. O Mercado Imobili\u00e1rio tem imensas op\u00e7\u00f5es de fant\u00e1sticos im\u00f3veis e por isso queremos facilitar a sua vida na hora da escolha. Na rubrica&nbsp;Mude de &hellip;<\/p>\n","protected":false},"author":3,"featured_media":3478,"comment_status":"closed","ping_status":"open","sticky":false,"template":"","format":"standard","meta":{"footnotes":""},"categories":[37,5],"tags":[],"class_list":["post-3477","post","type-post","status-publish","format-standard","has-post-thumbnail","hentry","category-financas-e-imobiliario","category-imobiliario"],"_links":{"self":[{"href":"https:\/\/www.imovirtual.com\/noticias\/wp-json\/wp\/v2\/posts\/3477","targetHints":{"allow":["GET"]}}],"collection":[{"href":"https:\/\/www.imovirtual.com\/noticias\/wp-json\/wp\/v2\/posts"}],"about":[{"href":"https:\/\/www.imovirtual.com\/noticias\/wp-json\/wp\/v2\/types\/post"}],"author":[{"embeddable":true,"href":"https:\/\/www.imovirtual.com\/noticias\/wp-json\/wp\/v2\/users\/3"}],"replies":[{"embeddable":true,"href":"https:\/\/www.imovirtual.com\/noticias\/wp-json\/wp\/v2\/comments?post=3477"}],"version-history":[{"count":0,"href":"https:\/\/www.imovirtual.com\/noticias\/wp-json\/wp\/v2\/posts\/3477\/revisions"}],"wp:featuredmedia":[{"embeddable":true,"href":"https:\/\/www.imovirtual.com\/noticias\/wp-json\/wp\/v2\/media\/3478"}],"wp:attachment":[{"href":"https:\/\/www.imovirtual.com\/noticias\/wp-json\/wp\/v2\/media?parent=3477"}],"wp:term":[{"taxonomy":"category","embeddable":true,"href":"https:\/\/www.imovirtual.com\/noticias\/wp-json\/wp\/v2\/categories?post=3477"},{"taxonomy":"post_tag","embeddable":true,"href":"https:\/\/www.imovirtual.com\/noticias\/wp-json\/wp\/v2\/tags?post=3477"}],"curies":[{"name":"wp","href":"https:\/\/api.w.org\/{rel}","templated":true}]}}