{"id":3456,"date":"2021-04-25T00:00:00","date_gmt":"2021-04-25T00:00:00","guid":{"rendered":"https:\/\/www.imovirtual.com\/noticias2\/2021\/04\/25\/mude-de-casa-mude-de-vida-castelo-branco\/"},"modified":"2024-08-28T10:29:59","modified_gmt":"2024-08-28T10:29:59","slug":"mude-de-casa-mude-de-vida-castelo-branco","status":"publish","type":"post","link":"https:\/\/www.imovirtual.com\/noticias\/imobiliario\/mude-de-casa-mude-de-vida-castelo-branco\/","title":{"rendered":"Mude de Casa, Mude de Vida: Castelo Branco"},"content":{"rendered":"<p class=\"css-8qfla4\">\n<p class=\"css-m5h6m0 edperro0\">\n<h1><strong>Casas em Castelo Branco<\/strong><\/h1>\n<p>Mudar de casa \u00e9 um processo moroso, cansativo e complexo. Da procura \u00e0 conclus\u00e3o do processo, s\u00e3o muitas as&nbsp;<a href=\"https:\/\/www.imovirtual.com\/en\/noticias\/imobiliario\/esta-a-vender-casa-prepare-a-sua-mudanca-id67.html\" target=\"_blank\" rel=\"noopener\">fases pelas quais ter\u00e1 de passar<\/a>. O Mercado Imobili\u00e1rio tem imensas op\u00e7\u00f5es de fant\u00e1sticos im\u00f3veis e por isso queremos facilitar a sua vida na hora da escolha. Na rubrica&nbsp;<strong><em>Mude de Casa, Mude de Vida<\/em><\/strong>, sugerimos oportunidades de casas para comprar e para arrendar numa determinada cidade, ao mesmo tempo que lhe damos a conhecer os empreendimentos que por l\u00e1 est\u00e3o a surgir.<\/p>\n<p>Esta semana viajamos at\u00e9 ao interior do pa\u00eds, mais propriamente \u00e0 regi\u00e3o da capital da Beira Baixa: Castelo Branco. Conhecida pela arte do bordado, distinto dos demais do pa\u00eds, e pela sua proximidade com o ponto mais alto de Portugal, a Serra da Estrela, esta regi\u00e3o \u00e9 uma \u00f3tima op\u00e7\u00e3o para quem pretende sair do reboli\u00e7o da cidade e &#8220;assentar arreais&#8221; num local tranquilo com v\u00e1rias acessibilidades e servi\u00e7os. Confira a sele\u00e7\u00e3o de im\u00f3veis que o <a href=\"https:\/\/www.imovirtual.com\/\" target=\"_blank\" rel=\"noopener\">Imovirtual<\/a> preparou para si e comece j\u00e1 a sonhar com uma casa no distrito de Castelo Branco!<\/p>\n<\/p>\n<h2><strong>Para comprar<\/strong><\/h2>\n<\/p>\n<h3><strong>Est\u00fadio T0 na Covilh\u00e3<\/strong><\/h3>\n<p class=\" block-img\"><img decoding=\"async\" src=\"https:\/\/www.imovirtual.com\/noticias\/wp-content\/uploads\/2022\/11\/f5b23f61-66c4-4e3a-b53c-b10589a57f52_studiocovilha.png\" alt=\"studio residence covilh\u00e3\"><\/p>\n<p>Situado a 5 minutos a p\u00e9 da Faculdade de Medicina e do Hospital, perto de com\u00e9rcio, supermercados, farm\u00e1cias e caf\u00e9s, fica este <a href=\"https:\/\/www.imovirtual.com\/pt\/anuncio\/studio-residence-t0-covilha-ID15xck.html#68eb748c92\" target=\"_blank\" rel=\"noopener\">Est\u00fadio Residence T0<\/a> que integra um <a href=\"https:\/\/www.imovirtual.com\/noticias\/imoblog\/condominios-tudo-o-que-precisa-de-saber-by-condominio-deco-mais\" target=\"_blank\" rel=\"noopener\">Condom\u00ednio<\/a> Fechado de Luxo com porteiro.  Zona Comercial, frente Intermarch\u00e9, farm\u00e1cia, caf\u00e9s. Disp\u00f5e de Sala de Conv\u00edvio, Estudo, Lazer, M\u00e1quinas de Vending, Lavandaria, Court de T\u00e9nis e Zona de Manuten\u00e7\u00e3o.<\/p>\n<\/p>\n<h3><strong>Apartamento T1 na Covilh\u00e3<\/strong><\/h3>\n<p class=\" block-img\"><img decoding=\"async\" src=\"https:\/\/www.imovirtual.com\/noticias\/wp-content\/uploads\/2022\/11\/50df33b9-5df6-481c-99c3-ac15e5fac88b_covilhat1-1.png\" alt=\"apartamento t1 na covilh\u00e3\"><\/p>\n<p>Este <a href=\"https:\/\/www.imovirtual.com\/pt\/anuncio\/apartamento-t1-covilha-ID15goA.html#91f1f0c2fa\" target=\"_blank\" rel=\"noopener\">Apartamento T1<\/a> na Covilh\u00e3, encontra-se ainda em fase de constru\u00e7\u00e3o num edif\u00edcio com excelentes acabamentos. Disp\u00f5e de divis\u00f5es bastante amplas e ficar\u00e1 equipado com sistema de dom\u00f3tica (<a href=\"https:\/\/www.imovirtual.com\/noticias\/lifestyle\/guia-para-tornar-a-sua-casa-inteligente\" target=\"_blank\" rel=\"noopener\">casa inteligente<\/a>), sistema de controlo de ilumina\u00e7\u00e3o regul\u00e1vel, ar-condicionado nos quartos, sala e cozinha, seca tolhas nos WC. Tamb\u00e9m ir\u00e1 contar com caixilharia com vidro duplo oscilo-batente, estores t\u00e9rmicos el\u00e9tricos automatizados e pavimento flutuante, aspira\u00e7\u00e3o central, pain\u00e9is solares para aquecimento de \u00e1guas e lugar de garagem coberto.<br \/>De design moderno, com acabamentos de qualidade e constru\u00e7\u00e3o orientada \u00e0 funcionalidade dos espa\u00e7os, este apartamento otimiza o quotidiano de quem o habita.<br \/>Est\u00e1 situado perto de servi\u00e7os e com\u00e9rcio, da Faculdade de Ci\u00eancias da Sa\u00fade e do Centro Hospitalar da Cova da Beira. \u00c9 de f\u00e1cil acesso e possui ainda estacionamento p\u00fablico gratuito.<\/p>\n<\/p>\n<h3><strong>Apartamento T2 em Castelo Branco<\/strong><\/h3>\n<p class=\" block-img\"><img decoding=\"async\" src=\"https:\/\/images.prismic.io\/imovirtual\/22cb5b71-cb96-4e4b-ab84-83eca0ea2b62_castelobranco.png\" alt=\"apartamento t2 em castelo branco\"><\/p>\n<p>Este <a href=\"https:\/\/www.imovirtual.com\/pt\/anuncio\/apartamento-t2-venda-em-castelo-branco-castelo-branco-ID15kG1.html#6297c14c41\" target=\"_blank\" rel=\"noopener\">Apartamento T2<\/a>, situado no centro da cidade de Castelo Branco na zona da S\u00e9, foi alvo de remodela\u00e7\u00e3o e disp\u00f5e de uma sala ampla, cozinha com acesso ao p\u00e1tio exterior, 2 quartos e duas casas de banho completas.<\/p>\n<\/p>\n<h3><strong>Apartamento T3 em Castelo Branco<\/strong><\/h3>\n<p class=\" block-img\"><img decoding=\"async\" src=\"https:\/\/www.imovirtual.com\/noticias\/wp-content\/uploads\/2022\/11\/9f95a5ae-f57e-4e07-b8d8-ec6ef78eb089_castelobranco2.png\" alt=\"apartamento t3 em castelo branco\"><\/p>\n<p>Situado numa zona central de Castelo Branco com estacionamento f\u00e1cil, este <a href=\"https:\/\/www.imovirtual.com\/pt\/anuncio\/apartamento-4-assoalhadas-renovado-castelo-branco-ID14JR4.html#965c673cdc\" target=\"_blank\" rel=\"noopener\">Apartamento T3<\/a> est\u00e1 totalmente renovado. Tem uma boa exposi\u00e7\u00e3o solar para a qual contribuem as duas frentes. Disp\u00f5e de 3 quartos, um deles com varanda, sala de estar, cozinha com despensa e marquise fechada, 2 casas de banho, com cabine de duche, e hall de entrada. Inclui uma arrecada\u00e7\u00e3o no s\u00f3t\u00e3o, exatamente por cima do apartamento. A cozinha est\u00e1 equipada com placa vidro-cer\u00e2mica, forno, exaustor, m\u00e1quina de lavar loi\u00e7a e micro-ondas e na despensa est\u00e1 instalado o termo-acumulador e a m\u00e1quina de lavar roupa. Remodelado com design moderno, diferencia-se por pormenores como sejam a qualidade dos materiais, os bons acabamentos em piso flutuante, os tectos falsos com l\u00e2mpadas Led embutidas em todas as divis\u00f5es, a pr\u00e9-instala\u00e7\u00e3o de ar condicionado e os equipamentos, instalados aproveitando as caracter\u00edsticas originais.<\/p>\n<\/p>\n<h3><strong>Apartamento T4 na Covilh\u00e3<\/strong><\/h3>\n<p class=\" block-img\"><img decoding=\"async\" src=\"https:\/\/www.imovirtual.com\/noticias\/wp-content\/uploads\/2022\/11\/56b6a165-7386-4f96-b3c3-827558435ef6_t4covilha.png\" alt=\"apartamento t4 na covilha\"><\/p>\n<p>Desfrute de uma vista panor\u00e2mica da cidade da Covilh\u00e3 neste <a href=\"https:\/\/www.imovirtual.com\/pt\/anuncio\/apartamento-t4-novo-com-patio-privado-garagem-e-sotao-ID13BQc.html#a5db174976\" target=\"_blank\" rel=\"noopener\">Apartamento T4<\/a>, situado nos Montes Herm\u00ednios, zona com acesso ao alto da Serra da Estrela. Conta com cozinha, 2 WC\u00b4s 4 quartos e sala de estar. Dois dos quartos t\u00eam roupeiros, os outros dois t\u00eam varanda privada com vista privilegiada. Os dois WC\u00b4s disp\u00f5em de banheira e a sala de estar de recuperador de calor e acesso a varanda. Tem s\u00f3t\u00e3o e garagem e todas as divis\u00f5es contam com aquecimento central e respetiva caldeira.<\/p>\n<\/p>\n<h2><strong>Para arrendar<\/strong><\/h2>\n<\/p>\n<h3><strong>Apartamento T0 na Covilh\u00e3<\/strong><\/h3>\n<p class=\" block-img\"><img decoding=\"async\" src=\"https:\/\/images.prismic.io\/imovirtual\/b3f2916f-a3c1-4c5f-b426-7bd305e267eb_apartamentot0alugarcov.png\" alt=\"apartamento t0 na covilh\u00e3\"><\/p>\n<p><a href=\"https:\/\/www.imovirtual.com\/pt\/anuncio\/arrendamento-apartamento-t0-covilha-ID14P8W.html#f523af21ea\" target=\"_blank\" rel=\"noopener\">Apartamento T0<\/a> completamente remodelado, localizado na zona baixa da cidade. Est\u00e1 mobilado e equipado com placa, forno, exaustor, frigor\u00edfico e m\u00e1quina da lavar roupa. Pr\u00f3ximo de \u00e1reas comerciais, servi\u00e7os, escolas e transportes.<\/p>\n<\/p>\n<h3><strong>Apartamento T1 na Covilh\u00e3<\/strong><\/h3>\n<p class=\" block-img\"><img decoding=\"async\" src=\"https:\/\/www.imovirtual.com\/noticias\/wp-content\/uploads\/2022\/11\/0d4c1558-6a25-40bc-b274-2121c7229742_apartt1covalugar.png\" alt=\"apartamento t1 covilh\u00e3\"><\/p>\n<p><a href=\"https:\/\/www.imovirtual.com\/pt\/anuncio\/apartamento-t1-ID14IYi.html#651c2ec461\" target=\"_blank\" rel=\"noopener\">Apartamento T1<\/a> com cerca de 40 m2, para arrendamento a dois minutos do Polo Principal da Universidade da Covilh\u00e3. \u00c9 composto por sala kitchenette, uma casa de banho completa com poliban e um quarto. O im\u00f3vel est\u00e1 totalmente mobilado, equipado com forno, fog\u00e3o, exaustor, m\u00e1quina de lavar roupa, m\u00e1quina de lavar loi\u00e7a, frigorifico e tem ar condicionado. Em \u00f3timo estado e totalmente recuperado, com bons acessos, estacionamento exterior e transportes p\u00fablicos, com\u00e9rcio, servi\u00e7os e zonas de lazer nas proximidades.<\/p>\n<\/p>\n<h3><strong>Apartamento T2 na Covilh\u00e3<\/strong><\/h3>\n<p class=\" block-img\"><img decoding=\"async\" src=\"https:\/\/www.imovirtual.com\/noticias\/wp-content\/uploads\/2022\/11\/d07be11a-d81a-46c0-aa06-9ec74f6b0fa3_aparttcovi.png\" alt=\"apartamento t2 covilha\"><\/p>\n<p>Inspirado no charme de um edif\u00edcio hist\u00f3rico da cidade da Covilh\u00e3, nasceu um projecto de est\u00fadios e apartamentos que respiram modernidade e sofistica\u00e7\u00e3o. Este <a href=\"https:\/\/www.imovirtual.com\/pt\/anuncio\/t2-duplex-apartamento-novo-perto-da-ubi-ID15Jj6.html#9301de6b62\" target=\"_blank\" rel=\"noopener\">Apartamento T2<\/a> com um interior totalmente mobilado e decorado com linhas modernas, est\u00e1 desenhado para uma utiliza\u00e7\u00e3o urbana com foco para os estudantes universit\u00e1rios. Localiza\u00e7\u00e3o privilegiada no centro da cidade, apenas a 900 metros da Universidade da Beira Interior (UBI).<\/p>\n<\/p>\n<h3><strong>Apartamento T3 em Castelo Branco<\/strong><\/h3>\n<\/p>\n<p class=\" block-img\"><img decoding=\"async\" src=\"https:\/\/www.imovirtual.com\/noticias\/wp-content\/uploads\/2022\/11\/a665abd8-6ab8-4a38-8b4d-c22ca7aa9051_apartt3covi.png\" alt=\"apartamento t3 em castelo branco\"><\/p>\n<p><a href=\"https:\/\/www.imovirtual.com\/pt\/anuncio\/aluga-se-t3-totalmente-remodelado-ID15hjr.html#d365635986\" target=\"_blank\" rel=\"noopener\">Apartamento T3<\/a> localizado junto \u00e0 Rotunda da Europa, totalmente reabilitado na canaliza\u00e7\u00e3o, eletricidade e telecomunica\u00e7\u00f5es. O sistema de AQS disp\u00f5e de um esquentador a g\u00e1s natural com elevada efici\u00eancia, tubagens de \u00e1gua quente isoladas, sistema de duche com recupera\u00e7\u00e3o de calor e torneiras com sistema de eco energy. Disp\u00f5e de ar condicionado no quarto. Cozinha semi equipada e com as zonas reservadas para os eletrodom\u00e9sticos. A frac\u00e7\u00e3o situa se num 2\u00b0 andar baixo, tem elevador que se encontra desativado. V\u00e3os envidra\u00e7ados todos em PVC com oscilobatente e caixas de estores com isolamento e incorporadas na janela. Pavimento todo em taco de 2cm envernizado e cozinha e WC com mosaico. Porta de entrada da fra\u00e7\u00e3o isolada e estanque.<\/p>\n<\/p>\n<h3><strong>Apartamento T4 na Covilh\u00e3<\/strong><\/h3>\n<p class=\" block-img\"><img decoding=\"async\" src=\"https:\/\/www.imovirtual.com\/noticias\/wp-content\/uploads\/2022\/11\/1ee91866-c998-4e27-a658-7ccda033cf39_apartt4covi-1.png\" alt=\"apartamento t4 covilh\u00e3\"><\/p>\n<p><a href=\"https:\/\/www.imovirtual.com\/pt\/anuncio\/apartamento-t4-ID14Sp5.html#7a7e7697e8\" target=\"_blank\" rel=\"noopener\">Apartamento T4<\/a>, como novo, localizado na zona nobre da cidade, junto de servi\u00e7os, com\u00e9rcio, Faculdade de Medicina e Centro Hospitalar da Cova da Beira. Com tr\u00eas frentes, composto por quatro quartos todos eles com roupeiros embutidos e sendo um deles suite, cozinha mobilada e equipada com placa, forno, caldeira, exaustor, microondas, m\u00e1quina de lavar a roupa e m\u00e1quina de lavar a loi\u00e7a, despensa, sala bastante soalheira com recuperador de calor, varandas amplas com vistas para a encosta da Serra da Estrela, equipado com ar condicionado e aquecimento central completo, possui ainda uma garagem privativa. Este apartamento caracteriza-se pelos seus acabamentos e isolamentos t\u00e9rmicos e ac\u00fasticos de alta qualidade. <\/p>\n<\/p>\n<h2><strong>Empreendimentos<\/strong><\/h2>\n<\/p>\n<h3><strong>Condom\u00ednio Fund\u00e3o Apartments<\/strong><\/h3>\n<p class=\" block-img\"><img decoding=\"async\" src=\"https:\/\/images.prismic.io\/imovirtual\/8e98a9ec-c879-43a2-a692-87fa969bc3a6_fundaoapartments.png\" alt=\"condominio fundao apartments\"><\/p>\n<p><a href=\"https:\/\/www.imovirtual.com\/pt\/anuncio\/condominio-fundao-apartments-ID11Nne.html#cab5d3d514\" target=\"_blank\" rel=\"noopener\">Fund\u00e3o Apartments<\/a>&nbsp;\u00e9 um condom\u00ednio residencial de constru\u00e7\u00e3o recente e linhas modernas, muito bem localizado, na cidade do Fund\u00e3o, no distrito de Castelo Branco. Composto por 15 apartamentos de <a href=\"https:\/\/www.imovirtual.com\/noticias\/imobiliario\/guia-para-tipologia-moradias-apartamentos\" target=\"_blank\" rel=\"noopener\">tipologia<\/a> T3 com \u00e1reas compreendidas entre 125 m2 e 207 m2. Todos t\u00eam inclu\u00edda uma garagem fechada (box), arrecada\u00e7\u00e3o e varandas e\/ou terra\u00e7os de dimens\u00f5es generosas. Todos os apartamentos disp\u00f5em de ar condicionado, sala com lareira e quartos suite com roupeiros. As cozinhas encontram-se semi-equipadas. Integra-se numa zona residencial calma bem servida de com\u00e9rcio e servi\u00e7os na imedia\u00e7\u00f5es.A cidade do Fund\u00e3o \u00e9 um centro local importante de com\u00e9rcio, servi\u00e7os e ind\u00fastria. O concelho compreende parte das terras mais f\u00e9rteis da regi\u00e3o, o grande vale da\u202f Cova da Beira, onde passa o\u202fRio Z\u00eazere e as suas numerosas ribeiras afluentes.<\/p>\n<\/p>\n<p class=\" block-img\"><img decoding=\"async\" src=\"https:\/\/www.imovirtual.com\/noticias\/wp-content\/uploads\/2022\/11\/3c23b667-0a08-4ca1-abcb-74566be5c538_Copia-de-Banners-Autores-2.png\" alt=\"Alexandre Lu\u00eds Autor Imovirtual\"><\/p>\n<h5><em>Tamb\u00e9m conhecido como &#8216;O Consultor&#8217;. Pode encontr\u00e1-lo a consultar o \u00faltimo estudo de mercado. N\u00e3o tem talento para vender, mas sabe tudo sobre Imobili\u00e1rio. Fala sobre quest\u00f5es relacionadas com o tema no Blog do Imovirtual.<\/em><\/h5>\n<\/p>\n<h4><strong>Veja tamb\u00e9m<\/strong><\/h4>\n<ul>\n<li>Mude de Casa, Mude de Vida: <a href=\"https:\/\/www.imovirtual.com\/noticias\/imobiliario\/conheca-as-novas-oportunidades-de-imoveis-em-faro\" target=\"_blank\" rel=\"noopener\"><strong>Faro<\/strong><\/a><\/li>\n<li>Mude de Casa, Mude de Vida: <a href=\"https:\/\/www.imovirtual.com\/noticias\/imobiliario\/mude-de-casa-mude-de-vida-setubal\" target=\"_blank\" rel=\"noopener\"><strong>Set\u00fabal<\/strong><\/a><\/li>\n<li>Mude de Casa, Mude de Vida: <a href=\"https:\/\/www.imovirtual.com\/noticias\/imobiliario\/mude-de-casa-mude-de-vida-coimbra\" target=\"_blank\" rel=\"noopener\"><strong>Coimbra<\/strong><\/a><\/li>\n<\/ul>\n<\/p>\n<div class=\"css-h5fkc8\"><strong>Ultima actualiza\u00e7\u00e3o:<\/strong> 22 julho 2021<\/div>\n","protected":false},"excerpt":{"rendered":"<p>Casas em Castelo Branco Mudar de casa \u00e9 um processo moroso, cansativo e complexo. Da procura \u00e0 conclus\u00e3o do processo, s\u00e3o muitas as&nbsp;fases pelas quais ter\u00e1 de passar. O Mercado Imobili\u00e1rio tem imensas op\u00e7\u00f5es de fant\u00e1sticos im\u00f3veis e por isso queremos facilitar a sua vida na hora da escolha. Na rubrica&nbsp;Mude de Casa, Mude de &hellip;<\/p>\n","protected":false},"author":3,"featured_media":3457,"comment_status":"closed","ping_status":"open","sticky":false,"template":"","format":"standard","meta":{"footnotes":""},"categories":[37,5],"tags":[],"class_list":["post-3456","post","type-post","status-publish","format-standard","has-post-thumbnail","hentry","category-financas-e-imobiliario","category-imobiliario"],"_links":{"self":[{"href":"https:\/\/www.imovirtual.com\/noticias\/wp-json\/wp\/v2\/posts\/3456","targetHints":{"allow":["GET"]}}],"collection":[{"href":"https:\/\/www.imovirtual.com\/noticias\/wp-json\/wp\/v2\/posts"}],"about":[{"href":"https:\/\/www.imovirtual.com\/noticias\/wp-json\/wp\/v2\/types\/post"}],"author":[{"embeddable":true,"href":"https:\/\/www.imovirtual.com\/noticias\/wp-json\/wp\/v2\/users\/3"}],"replies":[{"embeddable":true,"href":"https:\/\/www.imovirtual.com\/noticias\/wp-json\/wp\/v2\/comments?post=3456"}],"version-history":[{"count":0,"href":"https:\/\/www.imovirtual.com\/noticias\/wp-json\/wp\/v2\/posts\/3456\/revisions"}],"wp:featuredmedia":[{"embeddable":true,"href":"https:\/\/www.imovirtual.com\/noticias\/wp-json\/wp\/v2\/media\/3457"}],"wp:attachment":[{"href":"https:\/\/www.imovirtual.com\/noticias\/wp-json\/wp\/v2\/media?parent=3456"}],"wp:term":[{"taxonomy":"category","embeddable":true,"href":"https:\/\/www.imovirtual.com\/noticias\/wp-json\/wp\/v2\/categories?post=3456"},{"taxonomy":"post_tag","embeddable":true,"href":"https:\/\/www.imovirtual.com\/noticias\/wp-json\/wp\/v2\/tags?post=3456"}],"curies":[{"name":"wp","href":"https:\/\/api.w.org\/{rel}","templated":true}]}}