{"id":3438,"date":"2021-01-12T00:00:00","date_gmt":"2021-01-12T00:00:00","guid":{"rendered":"https:\/\/www.imovirtual.com\/noticias2\/2021\/01\/12\/espreite-o-top-10-de-imoveis-de-nova-construcao-para-venda\/"},"modified":"2021-01-12T00:00:00","modified_gmt":"2021-01-12T00:00:00","slug":"espreite-o-top-10-de-imoveis-de-nova-construcao-para-venda","status":"publish","type":"post","link":"https:\/\/www.imovirtual.com\/noticias\/relatorio-de-precos\/espreite-o-top-10-de-imoveis-de-nova-construcao-para-venda\/","title":{"rendered":"As novas constru\u00e7\u00f5es mais visitadas na \u00faltima semana"},"content":{"rendered":"<p class=\"css-8qfla4\">\n<p class=\"css-m5h6m0 edperro0\">\n<h1><strong>As novas constru\u00e7\u00f5es mais visitadas na \u00faltima semana<\/strong><\/h1>\n<p>Vamos mostrar-lhe o TOP 10 de empreendimentos \u00e0 venda que foram mais visitados na \u00faltima semana. Entre numa viagem pelo imobili\u00e1rio nacional, e encontre a sua casa de sonhos na sua plataforma de refer\u00eancia, o <a href=\"https:\/\/www.imovirtual.com\/\">Imovirtual<\/a>.<\/p>\n<h2><strong>Urbaniza\u00e7\u00e3o do Neudel<\/strong><\/h2>\n<p>Para come\u00e7ar esta viagem imobili\u00e1ria pelos empreendimentos de nova constru\u00e7\u00e3o fazemos a primeira paragem na <a href=\"https:\/\/www.imovirtual.com\/pt\/anuncio\/urbanizacao-do-neudel-ID12WGg.html\" target=\"_blank\" rel=\"noopener\">Urbaniza\u00e7\u00e3o do Neudel<\/a>, situada nas freguesia \u00c1guas Livres na Amadora, encontramos o Lote 5, um edificio em fase final de constru\u00e7\u00e3o.  Constitu\u00eddo por 24 apartamentos, de design simples e moderno, com tipologias T1, T2 e T3 , e im\u00f3veis dispon\u00edveis para venda com \u00e1reas entre os 60 a 120m\u00b2.  Consegue encontrar o seu apartamento de sonho desde 245.000\u20ac at\u00e9 365.000\u20ac.<\/p>\n<\/p>\n<h3>\ud83c\udfe0<strong> O pre\u00e7o do im\u00f3vel \u00e9 2 523,81 \u20ac\/m\u00b2<\/strong><\/h3>\n<p class=\" block-img\"><img decoding=\"async\" src=\"https:\/\/images.prismic.io\/imovirtual\/d1789620-a1ea-4709-af15-db2998fe0b36_a1.PNG&amp;rect=0,0,1270,762&amp;w=700&amp;h=420\" alt=\"apartamento \u00e1guas livres \"><\/p>\n<\/p>\n<h2><strong>Bannaventa Premium Residences<\/strong><\/h2>\n<\/p>\n<p>Seguimos a viagem at\u00e9 ao norte do pa\u00eds, e paramos em Braga onde vislumbramos o projecto de moradias <a href=\"https:\/\/www.imovirtual.com\/pt\/anuncio\/bannaventa-premium-residences-ID14ryi.html\" target=\"_blank\" rel=\"noopener\">Bannaventa Premium Residences<\/a>. Situada no alto da Encosta do Sol em Gualtar, elevam-se 15 novas moradias com vistas desafogadas para o Monte Bom Jesus e Cidade de Braga, excelente exposi\u00e7\u00e3o solar. Todas estas moradias para venda tem uma <a href=\"https:\/\/www.imovirtual.com\/noticias\/imobiliario\/guia-para-tipologia-moradias-apartamentos\" target=\"_blank\" rel=\"noopener\">tipologia<\/a> de T3 , uma \u00e1rea de 281.25m\u00b2 e os pre\u00e7os variam entre 270.000\u20ac e 355.000\u20ac. Com excelentes acabamentos e pormenores sublimes como aquecimento central, video vigil\u00e2ncia aspira\u00e7\u00e3o central, A\/C e pan\u00e9is solares tem ainda \u00e0 disposi\u00e7\u00e3o uma piscina exterior para passar calorosos dias com familia e amigos.<\/p>\n<\/p>\n<h3>\ud83c\udfe0<strong> O pre\u00e7o do im\u00f3vel \u00e9 888 \u20ac\/m\u00b2<\/strong><\/h3>\n<\/p>\n<p class=\" block-img\"><img decoding=\"async\" src=\"https:\/\/images.prismic.io\/imovirtual\/6b71a3f2-b31a-424b-99e0-c2c18c7308af_a2.PNG&amp;rect=0,0,1267,760&amp;w=700&amp;h=420\" alt=\"moradia nova T3 Braga\"><\/p>\n<\/p>\n<h2><strong>Espinho ONE<\/strong><\/h2>\n<p>Descemos um pouco no mapa, e em Espinho que encontramos na entrada do grupo Fortera, o <a href=\"https:\/\/www.imovirtual.com\/pt\/anuncio\/espinho-one-ID13B4I.html\" target=\"_blank\" rel=\"noopener\">ESPINHO ONE<\/a>, um projeto que prima pela qualidade dos materiais e pela conjuga\u00e7\u00e3o de m\u00e9todos de constru\u00e7\u00e3o inovadores com componentes org\u00e2nicos. A fachada do ESPINHO ONE destaca-se pelos revestimentos nobres, de cer\u00e2mica ventilada. A cobertura do empreendimento \u00e9 vegetal ajardinada, o que confere uma rela\u00e7\u00e3o org\u00e2nica com o ambiente da cidade e cria uma rela\u00e7\u00e3o harmoniosa com os jardins privativos.  Estes apartamentos em constru\u00e7\u00e3o s\u00e3o de tipologia T1, T2 e T3 e os pre\u00e7os dos im\u00f3veis v\u00e3o desde 180.000\u20ac at\u00e9 340.000\u20ac.<\/p>\n<\/p>\n<h3>\ud83c\udfe0<strong> O pre\u00e7o do im\u00f3vel \u00e9 2 173,91 \u20ac\/m\u00b2<\/strong><\/h3>\n<\/p>\n<p class=\" block-img\"><img decoding=\"async\" src=\"https:\/\/images.prismic.io\/imovirtual\/f843cf98-7e8b-471b-9a93-92b88a1daedd_a3.PNG&amp;rect=0,80,1138,683&amp;w=700&amp;h=420\" alt=\"apartamento novo para venda espinho\"><\/p>\n<\/p>\n<h2><strong>Litoral Living &#8211; Building With History<\/strong><\/h2>\n<\/p>\n<p>A poucos kilometros do anterior empreendimento, na zona Sul de Matosinhos, nasce o<a href=\"https:\/\/www.imovirtual.com\/pt\/anuncio\/litoral-living-building-with-history-ID1282O.html\" target=\"_blank\" rel=\"noopener\"> Litoral Living<\/a> que combina a viv\u00eancia citadina com a proximidade do mar. Este <a href=\"https:\/\/www.imovirtual.com\/noticias\/imoblog\/condominios-tudo-o-que-precisa-de-saber-by-condominio-deco-mais\" target=\"_blank\" rel=\"noopener\">condom\u00ednio<\/a> fechado, com amplas zonas interiores ajardinadas, ir\u00e1 estender-se por 10 moradias de tipologias T2 e T3 Duplex, com \u00e1reas que v\u00e3o variar entre os 117,36 m\u00b2 e os 144,46 m\u00b2, bem como 66 apartamentos de tipologias T1, T2, T3 e T4 com \u00e1reas entre os 56,20 m\u00b2 e os 193,66 m\u00b2. O an\u00fancio deste im\u00f3vel disp\u00f5e da op\u00e7\u00e3o de <strong>Acompanhamento Virtual<\/strong>, onde poder\u00e1 ver ao pormenor todos os detalhes do im\u00f3vel sem sair do seu sof\u00e1.<\/p>\n<\/p>\n<h3>\ud83c\udfe0<strong> O pre\u00e7o do im\u00f3vel \u00e9 de 2 707 \u20ac\/m\u00b2<\/strong><\/h3>\n<p class=\" block-img\"><img decoding=\"async\" src=\"https:\/\/images.prismic.io\/imovirtual\/77550394-4202-4cae-8d3b-c9dfd2e4471b_a4.PNG&amp;rect=0,0,1267,760&amp;w=700&amp;h=420\" alt=\"condominio fechado em espinho\"><\/p>\n<\/p>\n<h2><strong>Condom\u00ednio Viscondes<\/strong><\/h2>\n<\/p>\n<p>Regressando a Braga, est\u00e1 finalizado o <a href=\"https:\/\/www.imovirtual.com\/pt\/anuncio\/condominio-viscondes-fao-ID11Okq.html\" target=\"_blank\" rel=\"noopener\">Condom\u00ednio Visconde<\/a> no concelho de Esposende, onde todos os apartamentos t\u00eam amplas \u00e1reas, 137m\u00b2. Actualmente encontram-se dispon\u00edveis 10 apartamentos de tipologia T3 e 4 lugares de estacionamento com 17 m2. Destaca-se pela qualidade dos acabamentos e equipamentos como piscina exterior e interior, health club ou sal\u00e3o de festas.<\/p>\n<\/p>\n<h3>\ud83c\udfe0<strong> O pre\u00e7o do im\u00f3vel \u00e9  1 034 \u20ac\/m\u00b2<\/strong><\/h3>\n<p class=\" block-img\"><img decoding=\"async\" src=\"https:\/\/images.prismic.io\/imovirtual\/e5b43fa9-0f78-4acd-9cf5-e0c47d410feb_a5.PNG&amp;rect=0,66,1150,690&amp;w=700&amp;h=420\" alt=\"apartamentos T3 em esposende para venda\"><\/p>\n<\/p>\n<h2><strong>Edif\u00edcio LAMAR 2<\/strong><\/h2>\n<\/p>\n<p>Ainda a norte do pa\u00eds, no Porto, est\u00e1 ainda em constru\u00e7\u00e3o o <a href=\"https:\/\/www.imovirtual.com\/pt\/anuncio\/edificio-lamar-2-ID13KQA.html\" target=\"_blank\" rel=\"noopener\">Edif\u00edcio LAMAR 2<\/a>, um im\u00f3vel de excelente oportunidade para habita\u00e7\u00e3o pr\u00f3pria ou para investimento. Est\u00e3o para venda 11 fra\u00e7\u00f5es de tipologia T2 e T3 com \u00e1reas entre os 84m\u00b2 e os 117m\u00b2. Aqui encontra o equil\u00edbrio entre morar a minutos de uma grande cidade e o usufruto de amplos espa\u00e7os verdes e a calma de viver na periferia. O an\u00fancio deste im\u00f3vel disp\u00f5e da op\u00e7\u00e3o de <strong>Acompanhamento Virtual<\/strong>, onde poder\u00e1 ver ao pormenor todos os detalhes do im\u00f3vel sem sair do seu sof\u00e1.<\/p>\n<\/p>\n<h3>\ud83c\udfe0<strong> O pre\u00e7o do im\u00f3vel \u00e9 &#8220;sob consulta&#8221;<\/strong><\/h3>\n<p class=\" block-img\"><img decoding=\"async\" src=\"https:\/\/images.prismic.io\/imovirtual\/a941a88d-b0e3-486d-9eeb-2322073f1423_a6.PNG&amp;rect=0,0,1255,753&amp;w=700&amp;h=420\" alt=\"apartamento novo T2 para venda no porto\"><\/p>\n<\/p>\n<h2><strong>Palmela Village<\/strong><\/h2>\n<\/p>\n<p>Descemos at\u00e9 Set\u00fabal e paramos no <a href=\"https:\/\/www.imovirtual.com\/pt\/anuncio\/palmela-village-apartamentos-com-piscina-ID13wuh.html\" target=\"_blank\" rel=\"noopener\">Palmela Village<\/a>, situado numa zona privilegiada, conjuga a harmonia entre a natureza e a proximidade a Palmela com a curta dist\u00e2ncia \u00e0s cidades de Lisboa e Set\u00fabal. Este conjunto residencial pronto a habitar composto por apartamentos de tipologias T1 e T1+1 , com \u00e1reas brutas compreendidas entre os 80 m\u00b2 e os 98 m\u00b2, estacionamento privado inferior e piscinas partilhadas, disp\u00f5e tamb\u00e9m de portaria 24\/7, uma piscina comum, restaurante e espa\u00e7o para passear com a fam\u00edlia ou fazer exerc\u00edcio. O an\u00fancio deste im\u00f3vel disp\u00f5e da op\u00e7\u00e3o de <strong>Acompanhamento Virtual<\/strong>, onde poder\u00e1 ver ao pormenor todos os detalhes do im\u00f3vel sem sair do seu sof\u00e1.<\/p>\n<\/p>\n<h3>\ud83c\udfe0<strong> O pre\u00e7o do im\u00f3vel \u00e9 1 543 \u20ac\/m\u00b2.<\/strong><\/h3>\n<p class=\" block-img\"><img decoding=\"async\" src=\"https:\/\/images.prismic.io\/imovirtual\/c258189c-2807-40c2-a9c9-549c14a42e6d_a7.PNG&amp;rect=0,70,1144,686&amp;w=700&amp;h=420\" alt=\"apartamento novo para comprar Set\u00fabal\"><\/p>\n<\/p>\n<h2><strong>The Hills<\/strong><\/h2>\n<\/p>\n<p>De volta ao Porto, continuamos esta viagem \u00e0 procura da sua nova casa de sonhos, e surge mais um excelente condominio fechado em constru\u00e7\u00e3o, <a href=\"https:\/\/www.imovirtual.com\/pt\/anuncio\/the-hills-ID13SYh.html\" target=\"_blank\" rel=\"noopener\">The Hills<\/a>. Este fabuloso empreendimento composto por tipologias T0\/1, T2 e T3 com vista Rio Douro, tem uma localiza\u00e7\u00e3o privilegiada, na margem da cidade de Vila Nova de Gaia e tamb\u00e9m com uma excelente proximidade ao centro da cidade do Porto. O futuro empreendimento com 5 pisos acima do solo e 2 abaixo do solo (garagens) ser\u00e1 criado com um design inovador e equipados com aquecimento central, pain\u00e9is solares para aquecimento de \u00e1guas, classifica\u00e7\u00e3o energ\u00e9tica A+ e cozinha equipada. O an\u00fancio deste im\u00f3vel disp\u00f5e da op\u00e7\u00e3o de <strong>Acompanhamento Virtual<\/strong>, onde poder\u00e1 ver ao pormenor todos os detalhes do im\u00f3vel sem sair do seu sof\u00e1.<\/p>\n<\/p>\n<h3>\ud83c\udfe0<strong> O pre\u00e7o do im\u00f3vel \u00e9 2 303 \u20ac\/m\u00b2<\/strong><\/h3>\n<\/p>\n<p class=\" block-img\"><img decoding=\"async\" src=\"https:\/\/images.prismic.io\/imovirtual\/3cd2f910-1b36-435a-8072-b7b8ea54e2e9_a8.PNG&amp;rect=0,4,1264,758&amp;w=700&amp;h=420\" alt=\"apartamento para comprar em vila nova de gaia \"><\/p>\n<\/p>\n<h2><strong>Vila Gal\u00e9 Sintra<\/strong><\/h2>\n<\/p>\n<p>Novamente na capital, mas desta vez na V\u00e1rzea de Sintra e a poucos minutos do pitoresco e rom\u00e2ntico centro hist\u00f3rico desta vila classificada pela UNESCO como patrim\u00f3nio da Humanidade, ergueu-se um projecto \u00fanico, o <a href=\"https:\/\/www.imovirtual.com\/pt\/anuncio\/vila-gale-sintra-ID13Px4.html\" target=\"_blank\" rel=\"noopener\">Vila Gal\u00e9 Sintra<\/a>. Constitu\u00eddo pelo Hotel Vila Gal\u00e9 Sintra, piscinas e diversos servi\u00e7os de sa\u00fade e bem-estar, aqui encontra tamb\u00e9m espa\u00e7osos apartamentos T2 e T3 para arrendamento ou venda. Todos possuem varandas com vistas agrad\u00e1veis para a Serra de Sintra e\/ou Pal\u00e1cio da Pena e as \u00e1reas \u00fateis s\u00e3o de 113 m\u00b2 para os T2 e de 240 m\u00b2 para os T3 <\/p>\n<\/p>\n<h3>\ud83c\udfe0<strong> O pre\u00e7o do im\u00f3vel \u00e9 2 868 \u20ac\/m\u00b2<\/strong><\/h3>\n<\/p>\n<p class=\" block-img\"><img decoding=\"async\" src=\"https:\/\/images.prismic.io\/imovirtual\/1b4d4d93-717d-4be4-bac9-3ef2990ea5d8_a9.PNG&amp;rect=0,18,1009,605&amp;w=700&amp;h=420\" alt=\"apartamentos T2 para venda em sintra\"><\/p>\n<\/p>\n<h2><strong>Green Terrace<\/strong><\/h2>\n<\/p>\n<p>Terminamos a nossa incr\u00edvel viagem imobili\u00e1ria por estes extraordin\u00e1rios im\u00f3veis prontos a estrear, na cidade do Porto. <strong> <\/strong>Com um conceito ecol\u00f3gico e sustent\u00e1vel, com altos \u00edndices de efici\u00eancia ac\u00fastica e energ\u00e9tica, est\u00e1 projetado o <a href=\"https:\/\/www.imovirtual.com\/pt\/anuncio\/green-terrace-513-1-ID14LWb.html\" target=\"_blank\" rel=\"noopener\">Green Terrace<\/a>. Este empreendimento foi especialmente desenvolvido para proporcionar qualidade de vida aos seus moradores. De T1 a T4, encontra 61 im\u00f3veis para venda com amplos espa\u00e7os verdes e zonas de estacionamento. Com excelentes acessibilidades para a VCI e para a Circunvala\u00e7\u00e3o, poder\u00e1 encontrar um empreendimento de 4 blocos com o apoio de 8 espa\u00e7os comerciais, para que esteja sempre tudo ao seu alcance.<\/p>\n<\/p>\n<h3>\ud83c\udfe0<strong> O pre\u00e7o do im\u00f3vel \u00e9 2 100 \u20ac\/m\u00b2<\/strong><\/h3>\n<\/p>\n<p class=\" block-img\"><img decoding=\"async\" src=\"https:\/\/images.prismic.io\/imovirtual\/90c60cdf-ed5b-47a4-86c1-fabb8c740a13_a10.PNG&amp;rect=0,0,1257,754&amp;w=700&amp;h=420\" alt=\"green terrace\"><\/p>\n<\/p>\n<p class=\" block-img\"><img decoding=\"async\" src=\"https:\/\/www.imovirtual.com\/noticias\/wp-content\/uploads\/2022\/11\/3c23b667-0a08-4ca1-abcb-74566be5c538_Copia-de-Banners-Autores-2.png\" alt=\"Alexandre Lu\u00eds Autor Imovirtual\"><\/p>\n<h5><em>Tamb\u00e9m conhecido como &#8216;O Consultor&#8217;. Pode encontr\u00e1-lo a consultar o \u00faltimo estudo de mercado. N\u00e3o tem talento para vender, mas sabe tudo sobre Imobili\u00e1rio. Fala sobre quest\u00f5es relacionadas com o tema no Blog do Imovirtual.<\/em><\/h5>\n<\/p>\n<h4><strong>Confira tamb\u00e9m<\/strong><\/h4>\n<ul>\n<li>Dicas para <a href=\"https:\/\/www.imovirtual.com\/noticias\/imobiliario\/mudar-de-casa-criancas\" target=\"_blank\" rel=\"noopener\"><strong>mudar de casa com crian\u00e7as<\/strong><\/a><\/li>\n<li>Oportunidades de im\u00f3veis no <a href=\"https:\/\/www.imovirtual.com\/noticias\/imobiliario\/casas-bonfim-porto\" target=\"_blank\" rel=\"noopener\"><strong>Bonfim, Porto<\/strong><\/a><\/li>\n<li>O <a href=\"https:\/\/www.imovirtual.com\/noticias\/imobiliario\/oito-etapas-comprar-casas\" target=\"_blank\" rel=\"noopener\"><strong>processo de compra<\/strong><\/a> de um im\u00f3vel em 8 etapas<\/li>\n<\/ul>\n<\/p>\n<div class=\"css-h5fkc8\"><strong>Ultima actualiza\u00e7\u00e3o:<\/strong> 22 julho 2021<\/div>\n","protected":false},"excerpt":{"rendered":"<p>As novas constru\u00e7\u00f5es mais visitadas na \u00faltima semana Vamos mostrar-lhe o TOP 10 de empreendimentos \u00e0 venda que foram mais visitados na \u00faltima semana. Entre numa viagem pelo imobili\u00e1rio nacional, e encontre a sua casa de sonhos na sua plataforma de refer\u00eancia, o Imovirtual. Urbaniza\u00e7\u00e3o do Neudel Para come\u00e7ar esta viagem imobili\u00e1ria pelos empreendimentos de &hellip;<\/p>\n","protected":false},"author":3,"featured_media":3441,"comment_status":"closed","ping_status":"open","sticky":false,"template":"","format":"standard","meta":{"footnotes":""},"categories":[2],"tags":[],"class_list":["post-3438","post","type-post","status-publish","format-standard","has-post-thumbnail","hentry","category-relatorio-de-precos"],"_links":{"self":[{"href":"https:\/\/www.imovirtual.com\/noticias\/wp-json\/wp\/v2\/posts\/3438","targetHints":{"allow":["GET"]}}],"collection":[{"href":"https:\/\/www.imovirtual.com\/noticias\/wp-json\/wp\/v2\/posts"}],"about":[{"href":"https:\/\/www.imovirtual.com\/noticias\/wp-json\/wp\/v2\/types\/post"}],"author":[{"embeddable":true,"href":"https:\/\/www.imovirtual.com\/noticias\/wp-json\/wp\/v2\/users\/3"}],"replies":[{"embeddable":true,"href":"https:\/\/www.imovirtual.com\/noticias\/wp-json\/wp\/v2\/comments?post=3438"}],"version-history":[{"count":0,"href":"https:\/\/www.imovirtual.com\/noticias\/wp-json\/wp\/v2\/posts\/3438\/revisions"}],"wp:featuredmedia":[{"embeddable":true,"href":"https:\/\/www.imovirtual.com\/noticias\/wp-json\/wp\/v2\/media\/3441"}],"wp:attachment":[{"href":"https:\/\/www.imovirtual.com\/noticias\/wp-json\/wp\/v2\/media?parent=3438"}],"wp:term":[{"taxonomy":"category","embeddable":true,"href":"https:\/\/www.imovirtual.com\/noticias\/wp-json\/wp\/v2\/categories?post=3438"},{"taxonomy":"post_tag","embeddable":true,"href":"https:\/\/www.imovirtual.com\/noticias\/wp-json\/wp\/v2\/tags?post=3438"}],"curies":[{"name":"wp","href":"https:\/\/api.w.org\/{rel}","templated":true}]}}