{"id":341,"date":"2022-06-03T00:00:00","date_gmt":"2022-06-03T00:00:00","guid":{"rendered":"https:\/\/www.imovirtual.com\/noticias2\/2022\/06\/03\/imosintese-noticias-020622\/"},"modified":"2022-06-03T00:00:00","modified_gmt":"2022-06-03T00:00:00","slug":"imosintese-noticias-020622","status":"publish","type":"post","link":"https:\/\/www.imovirtual.com\/noticias\/novidades\/imosintese-noticias-020622\/","title":{"rendered":"IMOS\u00cdNTESE &#8211; NOT\u00cdCIAS 02\/06"},"content":{"rendered":"<p class=\"css-8qfla4\">\n<p class=\"css-m5h6m0 edperro0\">\n<h2><strong>Em parceria com o Di\u00e1rio Imobili\u00e1rio, o Imovirtual apresenta diariamente um resumo notici\u00e1rio dos acontecimentos mais relevantes do dia. Fique a par das \u00faltimas novidades do Mercado Imobili\u00e1rio:<\/strong><\/h2>\n<\/p>\n<h1><strong>Vale do Ave recebe Santa Clara Residences<\/strong><\/h1>\n<p>Na vila de Joane,&nbsp;a meio do caminho entre as cidades de Vila Nova de Famalic\u00e3o e Guimar\u00e3es, no cora\u00e7\u00e3o do Vale do Ave, vai nascer Santa Clara Residences, um empreendimento com 12 casas&nbsp;individuais, que estar\u00e1 pronto a habitar em Junho de 2024.<\/p>\n<h3><strong>Saiba mais <a href=\"https:\/\/www.diarioimobiliario.pt\/Habitacao\/Vale-do-Ave-recebe-Santa-Clara-Residences\" target=\"_blank\" rel=\"noopener\">aqui<\/a><\/strong><\/h3>\n<\/p>\n<h1><strong>Taxa de juro m\u00e9dia nos novos empr\u00e9stimos \u00e0 habita\u00e7\u00e3o sobe em Abril para m\u00e1ximo desde Julho de 2020<\/strong><\/h1>\n<p>A taxa de juro m\u00e9dia dos novos empr\u00e9stimos \u00e0 habita\u00e7\u00e3o subiu para 1,06%, contra 1,03% em Mar\u00e7o, situando-se no valor mais alto desde Julho de 2020, divulgou hoje o Banco de Portugal (BdP).<\/p>\n<h3><strong>Saiba mais <a href=\"https:\/\/www.diarioimobiliario.pt\/Habitacao\/Taxa-de-juro-media-nos-novos-emprestimos-a-habitacao-sobe-em-Abril-para-maximo-desde-Julho-de-2020\" target=\"_blank\" rel=\"noopener\">aqui<\/a><\/strong><\/h3>\n<\/p>\n<h1><strong>Olh\u00e3o vai criar Polo HUB Azul do Algarve<\/strong><\/h1>\n<p>O presidente da autarquia&nbsp; de Olh\u00e3o, Ant\u00f3nio Miguel Pina, anunciou esta ter\u00e7a-feira, a cria\u00e7\u00e3o na cidade do Polo HUB Azul do Algarve.<\/p>\n<h3><strong>Saiba mais <a href=\"https:\/\/www.diarioimobiliario.pt\/Actualidade\/Sustentabilidade\/Olhao-vai-criar-Polo-HUB-Azul-do-Algarve\" target=\"_blank\" rel=\"noopener\">aqui<\/a><\/strong><\/h3>\n<\/p>\n<h1><strong>Solar Alvura: Primeiro hotel em Portugal de sa\u00fade e bem-estar de luxo para a perda de peso<\/strong><\/h1>\n<p>O Solar Alvura Health Hotel, no Algarve, inaugura dia 22 de Junho e quer marcar a diferenc\u0327a na oferta hoteleira nacional, num investimento de 5 milh\u00f5es de euros.<\/p>\n<h3><strong>Saiba mais <a href=\"https:\/\/www.diarioimobiliario.pt\/Turismo\/Solar-Alvura-Primeiro-hotel-em-Portugal-de-saude-e-bem-estar-de-luxo-para-a-perda-de-peso\" target=\"_blank\" rel=\"noopener\">aqui<\/a><\/strong><\/h3>\n<\/p>\n<h1><strong>Sitio abre novo espa\u00e7o de coworking em Set\u00fabal<\/strong><\/h1>\n<p>A rede&nbsp;Sitio, empresa do Grupo Himo, que assume uma das maiores redes de espa\u00e7os de escrit\u00f3rios &amp;&nbsp;cowork,&nbsp;anuncia abertura de novo espa\u00e7o em Set\u00fabal, na Pra\u00e7a do Bocage.<\/p>\n<h3><strong>Saiba mais <a href=\"https:\/\/www.diarioimobiliario.pt\/Actualidade\/Escritorios\/Sitio-abre-novo-espaco-de-coworking-em-Setubal\" target=\"_blank\" rel=\"noopener\">aqui<\/a><\/strong><\/h3>\n<\/p>\n<p><strong>Leia as anteriores Imos\u00edntese:<\/strong><\/p>\n<p><strong>\ud83d\udc49<a href=\"https:\/\/www.imovirtual.com\/noticias\/noticias\/imosintese-noticias-010622\" target=\"_blank\" rel=\"noopener\">IMOS\u00cdNTESE &#8211; NOT\u00cdCIAS 01\/06<\/a><\/strong><\/p>\n<p><strong>\ud83d\udc49<a href=\"https:\/\/www.imovirtual.com\/noticias\/noticias\/imosintese-noticias-310522\" target=\"_blank\" rel=\"noopener\">IMOS\u00cdNTESE &#8211; NOT\u00cdCIAS 31\/05<\/a><\/strong><\/p>\n<p><strong>\ud83d\udc49<a href=\"https:\/\/www.imovirtual.com\/noticias\/noticias\/imosintese-noticias-3005\" target=\"_blank\" rel=\"noopener\">IMOS\u00cdNTESE &#8211; NOT\u00cdCIAS 30\/05<\/a><\/strong><\/p>\n<\/p>\n<div class=\"css-h5fkc8\"><strong>Ultima actualiza\u00e7\u00e3o:<\/strong> 03 junho 2022<\/div>\n","protected":false},"excerpt":{"rendered":"<p>Em parceria com o Di\u00e1rio Imobili\u00e1rio, o Imovirtual apresenta diariamente um resumo notici\u00e1rio dos acontecimentos mais relevantes do dia. Fique a par das \u00faltimas novidades do Mercado Imobili\u00e1rio: Vale do Ave recebe Santa Clara Residences Na vila de Joane,&nbsp;a meio do caminho entre as cidades de Vila Nova de Famalic\u00e3o e Guimar\u00e3es, no cora\u00e7\u00e3o do &hellip;<\/p>\n","protected":false},"author":3,"featured_media":100,"comment_status":"closed","ping_status":"open","sticky":false,"template":"","format":"standard","meta":{"footnotes":""},"categories":[4],"tags":[],"class_list":["post-341","post","type-post","status-publish","format-standard","has-post-thumbnail","hentry","category-novidades"],"_links":{"self":[{"href":"https:\/\/www.imovirtual.com\/noticias\/wp-json\/wp\/v2\/posts\/341","targetHints":{"allow":["GET"]}}],"collection":[{"href":"https:\/\/www.imovirtual.com\/noticias\/wp-json\/wp\/v2\/posts"}],"about":[{"href":"https:\/\/www.imovirtual.com\/noticias\/wp-json\/wp\/v2\/types\/post"}],"author":[{"embeddable":true,"href":"https:\/\/www.imovirtual.com\/noticias\/wp-json\/wp\/v2\/users\/3"}],"replies":[{"embeddable":true,"href":"https:\/\/www.imovirtual.com\/noticias\/wp-json\/wp\/v2\/comments?post=341"}],"version-history":[{"count":0,"href":"https:\/\/www.imovirtual.com\/noticias\/wp-json\/wp\/v2\/posts\/341\/revisions"}],"wp:featuredmedia":[{"embeddable":true,"href":"https:\/\/www.imovirtual.com\/noticias\/wp-json\/wp\/v2\/media\/100"}],"wp:attachment":[{"href":"https:\/\/www.imovirtual.com\/noticias\/wp-json\/wp\/v2\/media?parent=341"}],"wp:term":[{"taxonomy":"category","embeddable":true,"href":"https:\/\/www.imovirtual.com\/noticias\/wp-json\/wp\/v2\/categories?post=341"},{"taxonomy":"post_tag","embeddable":true,"href":"https:\/\/www.imovirtual.com\/noticias\/wp-json\/wp\/v2\/tags?post=341"}],"curies":[{"name":"wp","href":"https:\/\/api.w.org\/{rel}","templated":true}]}}