{"id":3404,"date":"2021-07-21T00:00:00","date_gmt":"2021-07-21T00:00:00","guid":{"rendered":"https:\/\/www.imovirtual.com\/noticias2\/2021\/07\/21\/casas-campo-de-ourique-lisboa\/"},"modified":"2024-08-28T10:29:47","modified_gmt":"2024-08-28T10:29:47","slug":"casas-campo-de-ourique-lisboa","status":"publish","type":"post","link":"https:\/\/www.imovirtual.com\/noticias\/imobiliario\/casas-campo-de-ourique-lisboa\/","title":{"rendered":"Apartamentos em Campo de Ourique"},"content":{"rendered":"<p class=\"css-8qfla4\">\n<p class=\"css-m5h6m0 edperro0\">\n<h1><strong>Casas em Campo de Ourique, Lisboa<\/strong><\/h1>\n<p>\u00c9 uma das freguesias mais emblem\u00e1ticas de Lisboa, cuja origem remonta a antigas terras de quintas pertencentes a Campolide, projetadas por Frederico Ressano Garcia em 1910. Campo de Ourique alberga alguns dos pontos de interesse mais<em> in <\/em>da cidade de Lisboa, como \u00e9 o caso do Mercado Municipal que proporciona uma experi\u00eancia gastron\u00f3mica completa. \u00c9 tamb\u00e9m de onde parte e a onde chega o m\u00edtico el\u00e9trico 28, que liga o Martim Moniz a Campo de Ourique.&nbsp;A n\u00edvel de com\u00e9rcio e servi\u00e7os, esta freguesia est\u00e1 muito bem apetrechada, com v\u00e1rios supermercados, restaurantes e caf\u00e9s ao dispor dos moradores. <\/p>\n<p>Se est\u00e1 \u00e0 procura de um im\u00f3vel para arrendar ou comprar nesta zona da cidade,  apresentamos-lhe algumas das oportunidades de apartamentos dispon\u00edveis no <a href=\"https:\/\/www.imovirtual.com\/\" target=\"_blank\" rel=\"noopener\">Imovirtual<\/a>, tanto para comprar, como para arrendar. <\/p>\n<\/p>\n<h2><strong>Apartamentos para comprar<\/strong><\/h2>\n<h4>Encontre aqui todos os an\u00fancios de&nbsp;<a href=\"https:\/\/www.imovirtual.com\/comprar\/apartamento\/campo-de-ourique-lisboa\/?search%5Bcity_id%5D=11540539\" target=\"_blank\" rel=\"noopener\">Apartamentos para comprar em Campo de Ourique<\/a> dispon\u00edveis no Imovirtual.<\/h4>\n<\/p>\n<h3><strong>Apartamento T1<\/strong><\/h3>\n<p>228 000 \u20ac<\/p>\n<p class=\" block-img\"><img decoding=\"async\" src=\"https:\/\/www.imovirtual.com\/noticias\/wp-content\/uploads\/2022\/11\/419b316d-d04c-490a-8217-1303af07967d_Apartamento-T1-Comprar.png\" alt=\"u\"><\/p>\n<p><a href=\"https:\/\/www.imovirtual.com\/pt\/anuncio\/apartamento-t1-totalmente-remodelado-em-campo-de-ourique-ID16rpb.html#ac8bc0d00c\" target=\"_blank\" rel=\"noopener\"><strong>Apartamento T1<\/strong><\/a> em Campo de Ourique junto ao mercado. Localizado num dos bairros mais emblem\u00e1ticos de Lisboa, a poucos minutos do Amoreiras Shopping Center, do Pr\u00edncipe Real, Bairro Alto e perto de restaurantes, com\u00e9rcio e servi\u00e7os. O apartamento com 40 m2, muito luminoso fica situado num 4\u00ba andar com elevador. Composto por sala, cozinha equipada, quarto e casa de banho.<\/p>\n<\/p>\n<h3><strong>Apartamento T2<\/strong><\/h3>\n<p>239 000 \u20ac<\/p>\n<p class=\" block-img\"><img decoding=\"async\" src=\"https:\/\/www.imovirtual.com\/noticias\/wp-content\/uploads\/2022\/11\/067c0641-ffef-45c9-bccf-e006f032ec9a_Apartamento-T2-Comprar.png\" alt=\"apartamento t2 para comprar em campo de ourique\"><\/p>\n<p><a href=\"https:\/\/www.imovirtual.com\/pt\/anuncio\/t2-campo-ourique-com-terraco-ID16ip2.html#ac8bc0d00c\" target=\"_blank\" rel=\"noopener\"><strong>Apartamento T2<\/strong><\/a> com terra\u00e7o inserido num pr\u00e9dio que sofreu uma remodela\u00e7\u00e3o total incluindo telhado , fachada, escadas, coluna de agua , coluna de g\u00e1s , coluna de eletricidade.<\/p>\n<\/p>\n<h3><strong>Apartamento T3<\/strong><\/h3>\n<p>415 000 \u20ac<\/p>\n<p class=\" block-img\"><img decoding=\"async\" src=\"https:\/\/www.imovirtual.com\/noticias\/wp-content\/uploads\/2022\/11\/92ad156c-9ecd-4aa8-afd3-f2c493afe8fa_Apartamento-T3-Comprar.png\" alt=\"apartamento t3 em campo de ourique para comprar\"><\/p>\n<p><a href=\"https:\/\/www.imovirtual.com\/pt\/anuncio\/apartamento-t3-com-lugar-de-estacionamento-em-campo-de-ou-ID16mBf.html#ac8bc0d00c\" target=\"_blank\" rel=\"noopener\"><strong>Apartamento T3<\/strong><\/a> situado em Campo de Ourique, concelho de Lisboa, distrito de Lisboa. Inserido num 1\u00ba andar com um lugar de estacionamento interior e em pr\u00e9dio com elevador. Im\u00f3vel composto por: hall de entrada, cozinha, sala comum, 3 quartos, 2 WC, varanda, lugar de estacionamento interior e arrecada\u00e7\u00e3o. <\/p>\n<\/p>\n<h3><strong>Apartamento T4<\/strong><\/h3>\n<p>1 300 000 \u20ac<\/p>\n<p class=\" block-img\"><img decoding=\"async\" src=\"https:\/\/www.imovirtual.com\/noticias\/wp-content\/uploads\/2022\/11\/3851ff30-4620-4f1f-936d-ccc3ffbdacc7_Apartamento-T4-Comprar.png\" alt=\"Apartamento T4 em Campo de Ourique\"><\/p>\n<p><a href=\"https:\/\/www.imovirtual.com\/pt\/anuncio\/apartamento-t4-na-torre-amoreiras-ID15ZHl.html#10329f05ed\" target=\"_blank\" rel=\"noopener\"><strong>Apartamento T4<\/strong><\/a> remodelado na Torre das Amoreiras, com uma \u00e1rea total de 200m2. Este im\u00f3vel com orienta\u00e7\u00e3o solar Nascente-Poente, \u00e9 composto por sala com lareira com 46m2, cozinha equipada com 17m2, duas suites com 13 m2 e 11 m2, dois quartos com 17 m2 e uma casa de banho. O apartamento disp\u00f5e ainda de: roupeiros embutidos, ar condicionado em todas as divis\u00f5es, aquecimento central, piso radiante, 2 elevadores, lugar de garagem para 1 ve\u00edculo, arrecada\u00e7\u00e3o, portaria 24 horas.<\/p>\n<p><\/p>\n<h2><strong>Apartamentos para arrendar <\/strong><\/h2>\n<h4>Encontre aqui todos os an\u00fancios de&nbsp;<a href=\"https:\/\/www.imovirtual.com\/arrendar\/apartamento\/campo-de-ourique-lisboa\/?search%5Bcity_id%5D=11540539\" target=\"_blank\" rel=\"noopener\">apartamentos para arrendar em Campo de Ourique<\/a> dispon\u00edveis no Imovirtual.<\/h4>\n<\/p>\n<h3><strong>Apartamento T1<\/strong><\/h3>\n<p>800\u20ac<\/p>\n<p class=\" block-img\"><img decoding=\"async\" src=\"https:\/\/www.imovirtual.com\/noticias\/wp-content\/uploads\/2022\/11\/3d042172-8f63-49eb-95af-615c3902ce13_Apartamento-T1-Arrendar.png\" alt=\"apartamento t1 arrendar campo de ourique\"><\/p>\n<p><a href=\"https:\/\/www.imovirtual.com\/pt\/anuncio\/apartamento-t1-renovado-em-campo-de-ourique-para-arrendamento-ID15uCy.html#cf507300d7\" target=\"_blank\" rel=\"noopener\"><strong>Apartamento T1<\/strong><\/a> para arrendamento, em excelente estado de conserva\u00e7\u00e3o, localizado na Rua Sampaio Bruno-Campo de Ourique.O apartamento est\u00e1 num 2\u00ba andar sem elevador, inserido num&nbsp;pr\u00e9dio familiar.&nbsp;\u00c9 um apartamento charmoso, com ch\u00e3o em t\u00e1bua corrida, portas em madeira maci\u00e7a (original) com detalhes que marcam a sua identidade. Na sala e quarto tem muita luz natural, a cozinha \u00e9 bastante ampla, completamente equipada, com vista para a Serra do Monsanto.<\/p>\n<\/p>\n<h3><strong>Apartamento T2<\/strong><\/h3>\n<p>1 300 \u20ac<\/p>\n<p class=\" block-img\"><img decoding=\"async\" src=\"https:\/\/www.imovirtual.com\/noticias\/wp-content\/uploads\/2022\/11\/0a9de40e-3728-4ac8-b40e-e1f71fde7467_Apartamento-T2-Arrendar.png\" alt=\"apartamento t2 para arrendar em campo de ourique\"><\/p>\n<p><a href=\"https:\/\/www.imovirtual.com\/pt\/anuncio\/excelente-t2-em-campo-de-ourique-ID15UxB.html#cf507300d7\" target=\"_blank\" rel=\"noopener\"><strong>Apartamento T2 <\/strong><\/a>localizado pr\u00f3ximo ao cora\u00e7\u00e3o de Lisboa. Recentemente renovado, com uma varanda que liga os dois quartos e excelente luz natural. Numa zona calma e com diversos servi\u00e7os ao seu dispor. Como supermercados, farm\u00e1cias, jardins, igreja, restaurantes, caf\u00e9s e transportes p\u00fablicos. Pr\u00f3ximo ao conhecido Mercado de Campo de Ourique e apenas a 10 minutos do Centro Comercial das Amoreiras.<\/p>\n<\/p>\n<h3><strong>Apartamento T3<\/strong><\/h3>\n<p>2 600 \u20ac<\/p>\n<p class=\" block-img\"><img decoding=\"async\" src=\"https:\/\/www.imovirtual.com\/noticias\/wp-content\/uploads\/2022\/11\/4b726d16-2622-4386-b117-6b9733e06489_Apartamento-T3-Arrendar.png\" alt=\"apartamento t3 para arrendar em campo de ourique\"><\/p>\n<p><a href=\"https:\/\/www.imovirtual.com\/pt\/anuncio\/apartamento-mobilado-nas-torres-das-amoreiras-para-arrendar-ID15ryZ.html#cf507300d7\" target=\"_blank\" rel=\"noopener\"><strong>Apartamento T3<\/strong><\/a> totalmente mobilado com m\u00f3veis de elevada qualidade e cozinha equipada, pronto a habitar. Situado nas emblem\u00e1ticas e exclusivas Torres das Amoreiras, em zona nobre da cidade, junto ao Centro Comercial das Amoreiras, com todos os servi\u00e7os \u00e0 dist\u00e2ncia de um passeio de 2 min.<br \/>F\u00e1cil acesso ao Centro de Lisboa, \u00e0 A2 Norte\/Sul, A5 Cascais e Aeroporto, junto ao Liceu Franc\u00eas Charles Lepierre, Marqu\u00eas de Pombal e Parque Eduardo VII.<\/p>\n<h3><strong>Apartamento T4<\/strong><\/h3>\n<p>1 675 \u20ac<\/p>\n<p class=\" block-img\"><img decoding=\"async\" src=\"https:\/\/www.imovirtual.com\/noticias\/wp-content\/uploads\/2022\/11\/877b0bcc-c4f0-46c8-b504-2d52bf701936_Apartamento-T4-Arrendar.png\" alt=\"apartamento t4 para arrendar campo de ourique\"><\/p>\n<p><a href=\"https:\/\/www.imovirtual.com\/pt\/anuncio\/apartamento-t4-para-arrendamento-sem-moveis-em-campo-de-o-ID1696p.html#d58767cfb6\" target=\"_blank\" rel=\"noopener\"><strong>Apartamento T4<\/strong><\/a> remodelado, para arrendamento sem m\u00f3veis em Campo de Ourique, situado num dos bairros mais carism\u00e1ticos da cidade de Lisboa, pr\u00f3ximo do Jardim da Parada, do Mercado de Campo de Ourique e da Igreja de Santo Contest\u00e1vel. Este im\u00f3vel com 125 m2 de \u00e1rea bruta privativa, inserido num pr\u00e9dio com elevador, \u00e9 composto por um hall de entrada (6 m2), uma sala (25 m2) com varanda, uma cozinha semi-equipada (24 m2) com acesso a uma marquise (4 m2), tr\u00eas quartos (com 15 m2 cada), uma suite (18 m2) com poliban e janela, e uma casa de banho (8 m2) com banheira e janela.<\/p>\n<p class=\" block-img\"><img decoding=\"async\" src=\"https:\/\/www.imovirtual.com\/noticias\/wp-content\/uploads\/2022\/11\/3c23b667-0a08-4ca1-abcb-74566be5c538_Copia-de-Banners-Autores-2.png\" alt=\"Alexandre Lu\u00eds Autor Imovirtual\"><\/p>\n<h5><em>Tamb\u00e9m conhecido como &#8216;O Consultor&#8217;. Pode encontr\u00e1-lo a consultar o \u00faltimo estudo de mercado. N\u00e3o tem talento para vender, mas sabe tudo sobre Imobili\u00e1rio. Fala sobre quest\u00f5es relacionadas com o tema no Blog do Imovirtual.<\/em><\/h5>\n<\/p>\n<h4><strong>Leia tamb\u00e9m<\/strong><\/h4>\n<ul>\n<li>Oportunidades de im\u00f3veis no <a href=\"https:\/\/www.imovirtual.com\/noticias\/imobiliario\/casas-bonfim-porto\" target=\"_blank\" rel=\"noopener\"><strong>Bonfim, Porto<\/strong><\/a><\/li>\n<li>Casas com piscina para arrendar no <a href=\"https:\/\/www.imovirtual.com\/noticias\/imobiliario\/casas-com-piscina-para-alugar-no-porto\" target=\"_blank\" rel=\"noopener\"><strong>Porto<\/strong><\/a><\/li>\n<li>Oportunidades de Im\u00f3veis em <a href=\"https:\/\/www.imovirtual.com\/noticias\/imobiliario\/casas-em-aveiro\" target=\"_blank\" rel=\"noopener\"><strong>Aveiro<\/strong><\/a><\/li>\n<\/ul>\n<\/p>\n<div class=\"css-h5fkc8\"><strong>Ultima actualiza\u00e7\u00e3o:<\/strong> 21 julho 2021<\/div>\n","protected":false},"excerpt":{"rendered":"<p>Casas em Campo de Ourique, Lisboa \u00c9 uma das freguesias mais emblem\u00e1ticas de Lisboa, cuja origem remonta a antigas terras de quintas pertencentes a Campolide, projetadas por Frederico Ressano Garcia em 1910. Campo de Ourique alberga alguns dos pontos de interesse mais in da cidade de Lisboa, como \u00e9 o caso do Mercado Municipal que &hellip;<\/p>\n","protected":false},"author":3,"featured_media":3405,"comment_status":"closed","ping_status":"open","sticky":false,"template":"","format":"standard","meta":{"footnotes":""},"categories":[37,5],"tags":[],"class_list":["post-3404","post","type-post","status-publish","format-standard","has-post-thumbnail","hentry","category-financas-e-imobiliario","category-imobiliario"],"_links":{"self":[{"href":"https:\/\/www.imovirtual.com\/noticias\/wp-json\/wp\/v2\/posts\/3404","targetHints":{"allow":["GET"]}}],"collection":[{"href":"https:\/\/www.imovirtual.com\/noticias\/wp-json\/wp\/v2\/posts"}],"about":[{"href":"https:\/\/www.imovirtual.com\/noticias\/wp-json\/wp\/v2\/types\/post"}],"author":[{"embeddable":true,"href":"https:\/\/www.imovirtual.com\/noticias\/wp-json\/wp\/v2\/users\/3"}],"replies":[{"embeddable":true,"href":"https:\/\/www.imovirtual.com\/noticias\/wp-json\/wp\/v2\/comments?post=3404"}],"version-history":[{"count":0,"href":"https:\/\/www.imovirtual.com\/noticias\/wp-json\/wp\/v2\/posts\/3404\/revisions"}],"wp:featuredmedia":[{"embeddable":true,"href":"https:\/\/www.imovirtual.com\/noticias\/wp-json\/wp\/v2\/media\/3405"}],"wp:attachment":[{"href":"https:\/\/www.imovirtual.com\/noticias\/wp-json\/wp\/v2\/media?parent=3404"}],"wp:term":[{"taxonomy":"category","embeddable":true,"href":"https:\/\/www.imovirtual.com\/noticias\/wp-json\/wp\/v2\/categories?post=3404"},{"taxonomy":"post_tag","embeddable":true,"href":"https:\/\/www.imovirtual.com\/noticias\/wp-json\/wp\/v2\/tags?post=3404"}],"curies":[{"name":"wp","href":"https:\/\/api.w.org\/{rel}","templated":true}]}}