{"id":3311,"date":"2021-07-17T00:00:00","date_gmt":"2021-07-17T00:00:00","guid":{"rendered":"https:\/\/www.imovirtual.com\/noticias2\/2021\/07\/17\/carros-eletricos-condominio\/"},"modified":"2024-08-28T10:29:47","modified_gmt":"2024-08-28T10:29:47","slug":"carros-eletricos-condominio","status":"publish","type":"post","link":"https:\/\/www.imovirtual.com\/noticias\/imobiliario\/carros-eletricos-condominio\/","title":{"rendered":"Condom\u00ednio: posso instalar um carregador para o meu carro el\u00e9trico na garagem comum?"},"content":{"rendered":"<p class=\"css-8qfla4\">\n<p class=\"css-m5h6m0 edperro0\">\n<h1><strong>Tudo sobre carros el\u00e9tricos e condom\u00ednio<\/strong><\/h1>\n<p>De acordo com uma an\u00e1lise da Associa\u00e7\u00e3o de Utilizadores de Ve\u00edculos El\u00e9tricos (UVE), em novembro de 2020 a venda de <a href=\"https:\/\/observador.pt\/2021\/01\/14\/razoes-para-optar-por-um-eletrico-este-ano\/\" target=\"_blank\" rel=\"noopener\">ve\u00edculos el\u00e9tricos<\/a> em Portugal aumentou cerca de 80% face a novembro de 2019. J\u00e1 os n\u00fameros dos ve\u00edculos convencionais (com motor de combust\u00e3o interna) n\u00e3o s\u00e3o t\u00e3o animadores, existindo uma quebra de 41,2% no total do ano passado. Isto significa que os portugueses est\u00e3o a optar cada vez mais por carros el\u00e9tricos e pelas v\u00e1rias vantagens que estes novos ve\u00edculos trazem. Se este \u00e9 o seu caso, suposto que existe uma preocupa\u00e7\u00e3o inerente \u00e0 compra dos novos modelos: &#8220;afinal, onde vou carregar o meu carro?&#8221;. Existem cada vez mais esta\u00e7\u00f5es de carregamento, em parques de estacionamento, bombas de gasolina, supermercados, oficinas e hot\u00e9is, tal como \u00e9 poss\u00edvel ver pelo mapa disponibilizado no site <a href=\"https:\/\/www.electromaps.com\/pt\/mapa\" target=\"_blank\" rel=\"noopener\">Electromaps<\/a>. Mesmo no meio do grandes centros urbanos como Lisboa e Porto, existe uma grande variedade de locais onde pode ligar o seu carro \u00e0 ficha para poder seguir viagem. <\/p>\n<p>Mas e se quiser carreg\u00e1-lo em casa: como o pode fazer? Claro que se viver numa moradia, n\u00e3o ter\u00e1 de dar satisfa\u00e7\u00f5es a ningu\u00e9m e a fatura sair\u00e1, obviamente do seu bolso. No caso de viver no apartamento com garagem comum, o cen\u00e1rio muda de figura. A lei sobre estes assuntos n\u00e3o muito extensa e essencialmente est\u00e1 resumida ao Regime Jur\u00eddico da Mobilidade El\u00e9trica. Todavia, sobre este assunto, a <a href=\"https:\/\/www.deco.proteste.pt\/\" target=\"_blank\" rel=\"noopener\"><strong>DECO Proteste<\/strong><\/a> adianta que &#8220;num pr\u00e9dio em que os cond\u00f3minos tenham lugares de garagem, e queiram fazer uma instala\u00e7\u00e3o para o carregamento, basta-lhes comunicar essa inten\u00e7\u00e3o&#8221;.  Claro que a instala\u00e7\u00e3o ficar\u00e1 a seu cargo e quanto a possibilidade do <a href=\"https:\/\/www.imovirtual.com\/en\/noticias\/imobiliario\/condominio-conduta-das-criancas-areas-comuns\" target=\"_blank\" rel=\"noopener\">condom\u00ednio<\/a> se opor ao seu pedido, na pr\u00e1tica s\u00f3 pode acontecer em duas situa\u00e7\u00f5es: <\/p>\n<ul>\n<li>Caso se antecipe e fala uma instala\u00e7\u00e3o por sua iniciativa, com um ou mais dispositivos que assegurem os mesmos servi\u00e7os e tecnologia para todos os utilizadores nos 90 dias a seguir \u00e0 sua comunica\u00e7\u00e3o. <\/li>\n<li>Quando o dispositivo j\u00e1 existe no edif\u00edcio e sempre que a instala\u00e7\u00e3o ponha em risco a seguran\u00e7a de pessoas ou bens ou prejudique a linha arquitet\u00f3nica do edif\u00edcio.&nbsp;<\/li>\n<\/ul>\n<p>Posto isto, pouco mais se sabe, em concreto, sobre esta tem\u00e1tica. Por isso a <strong>DECO Proteste<\/strong> juntou-se \u00e0 UVE para tentar responder a algumas d\u00favidas. Uma esp\u00e9cie de FAQ que pode consultar no site da organiza\u00e7\u00e3o de defesa do consumidor, <a href=\"https:\/\/www.deco.proteste.pt\/casa-energia\/condominio\/noticias\/condominio-e-carro-eletrico-resposta-as-6-duvidas-mais-frequentes\" target=\"_blank\" rel=\"noopener\">aqui<\/a>. <\/p>\n<p class=\" block-img\"><img decoding=\"async\" src=\"https:\/\/www.imovirtual.com\/noticias\/wp-content\/uploads\/2022\/11\/3c23b667-0a08-4ca1-abcb-74566be5c538_Copia-de-Banners-Autores-2.png\" alt=\"Alexandre Lu\u00eds Autor Imovirtual\"><\/p>\n<h5><em>Tamb\u00e9m conhecido como &#8216;O Consultor&#8217;. Pode encontr\u00e1-lo a consultar o \u00faltimo estudo de mercado. N\u00e3o tem talento para vender, mas sabe tudo sobre Imobili\u00e1rio. Fala sobre quest\u00f5es relacionadas com o tema no Blog do Imovirtual.<\/em><\/h5>\n<\/p>\n<h4><strong>Leia tamb\u00e9m<\/strong><\/h4>\n<ul>\n<li>Condom\u00ednio: como resolver conflito sobre <a href=\"https:\/\/www.imovirtual.com\/noticias\/imobiliario\/condominios-como-resolver-conflito-estender-roupa\" target=\"_blank\" rel=\"noopener\"><strong>estender roupa<\/strong><\/a><\/li>\n<li><a href=\"https:\/\/www.imovirtual.com\/noticias\/imobiliario\/videovigilancia-no-condominio-lei\" target=\"_blank\" rel=\"noopener\"><strong>Videovigil\u00e2ncia no condom\u00ednio<\/strong><\/a>. O que diz a lei<\/li>\n<li>Vantagens de comprar <a href=\"https:\/\/www.imovirtual.com\/noticias\/imobiliario\/comprar-casas-em-planta\" target=\"_blank\" rel=\"noopener\"><strong>casas em planta<\/strong><\/a><\/li>\n<\/ul>\n<\/p>\n<div class=\"css-h5fkc8\"><strong>Ultima actualiza\u00e7\u00e3o:<\/strong> 17 julho 2021<\/div>\n","protected":false},"excerpt":{"rendered":"<p>Tudo sobre carros el\u00e9tricos e condom\u00ednio De acordo com uma an\u00e1lise da Associa\u00e7\u00e3o de Utilizadores de Ve\u00edculos El\u00e9tricos (UVE), em novembro de 2020 a venda de ve\u00edculos el\u00e9tricos em Portugal aumentou cerca de 80% face a novembro de 2019. J\u00e1 os n\u00fameros dos ve\u00edculos convencionais (com motor de combust\u00e3o interna) n\u00e3o s\u00e3o t\u00e3o animadores, existindo &hellip;<\/p>\n","protected":false},"author":3,"featured_media":3314,"comment_status":"closed","ping_status":"open","sticky":false,"template":"","format":"standard","meta":{"footnotes":""},"categories":[37,5],"tags":[],"class_list":["post-3311","post","type-post","status-publish","format-standard","has-post-thumbnail","hentry","category-financas-e-imobiliario","category-imobiliario"],"_links":{"self":[{"href":"https:\/\/www.imovirtual.com\/noticias\/wp-json\/wp\/v2\/posts\/3311","targetHints":{"allow":["GET"]}}],"collection":[{"href":"https:\/\/www.imovirtual.com\/noticias\/wp-json\/wp\/v2\/posts"}],"about":[{"href":"https:\/\/www.imovirtual.com\/noticias\/wp-json\/wp\/v2\/types\/post"}],"author":[{"embeddable":true,"href":"https:\/\/www.imovirtual.com\/noticias\/wp-json\/wp\/v2\/users\/3"}],"replies":[{"embeddable":true,"href":"https:\/\/www.imovirtual.com\/noticias\/wp-json\/wp\/v2\/comments?post=3311"}],"version-history":[{"count":0,"href":"https:\/\/www.imovirtual.com\/noticias\/wp-json\/wp\/v2\/posts\/3311\/revisions"}],"wp:featuredmedia":[{"embeddable":true,"href":"https:\/\/www.imovirtual.com\/noticias\/wp-json\/wp\/v2\/media\/3314"}],"wp:attachment":[{"href":"https:\/\/www.imovirtual.com\/noticias\/wp-json\/wp\/v2\/media?parent=3311"}],"wp:term":[{"taxonomy":"category","embeddable":true,"href":"https:\/\/www.imovirtual.com\/noticias\/wp-json\/wp\/v2\/categories?post=3311"},{"taxonomy":"post_tag","embeddable":true,"href":"https:\/\/www.imovirtual.com\/noticias\/wp-json\/wp\/v2\/tags?post=3311"}],"curies":[{"name":"wp","href":"https:\/\/api.w.org\/{rel}","templated":true}]}}