{"id":3224,"date":"2021-07-20T00:00:00","date_gmt":"2021-07-20T00:00:00","guid":{"rendered":"https:\/\/www.imovirtual.com\/noticias2\/2021\/07\/20\/sugestoes-mesas-de-jantar-verao\/"},"modified":"2024-08-28T10:19:17","modified_gmt":"2024-08-28T10:19:17","slug":"sugestoes-mesas-de-jantar-verao","status":"publish","type":"post","link":"https:\/\/www.imovirtual.com\/noticias\/lifestyle\/sugestoes-mesas-de-jantar-verao\/","title":{"rendered":"Sugest\u00f5es para decorar a mesa de jantar ao estilo do ver\u00e3o"},"content":{"rendered":"<p class=\"css-8qfla4\">\n<p class=\"css-m5h6m0 edperro0\">\n<h1><strong>Dicas para decorar a mesa de jantar ao estilo do ver\u00e3o<\/strong><\/h1>\n<p>O Ver\u00e3o traz consigo o calor, os <a href=\"https:\/\/www.imovirtual.com\/noticias\/imobiliario\/lei-churrascos-apartamentos\" target=\"_blank\" rel=\"noopener\">churrascos<\/a>, os dias prolongados e a vontade de p\u00f4r a mesa na varanda, no terra\u00e7o ou no jardim para aproveitar o bom tempo e desfrutar de um refei\u00e7\u00e3o diferente. Claro que nem toda a gente tem essa possibilidade e nesses casos h\u00e1 que se criativo. Uma forma de convidar a esta\u00e7\u00e3o das temperaturas altas para o seu almo\u00e7o ou jantar \u00e9 atrav\u00e9s da decora\u00e7\u00e3o da mesa. <\/p>\n<\/p>\n<h3>Descubra tamb\u00e9m dicas para <a href=\"https:\/\/www.imovirtual.com\/noticias\/decoracao\/dicas-decorar-terraco-verao\" target=\"_blank\" rel=\"noopener\"><strong>decorar o terra\u00e7o para o ver\u00e3o<\/strong><\/a><\/h3>\n<\/p>\n<p>Para isso, h\u00e1 que saber escolher os elementos que dar\u00e3o o toque verneiano \u00e0s suas refei\u00e7\u00f5es. E o primeiro passo para o sucesso \u00e9 a escolha de um tema: navy, floral, com frutos, r\u00fastico, ao estilo arraial&#8230; h\u00e1 v\u00e1rias op\u00e7\u00f5es neste departamento e tudo depende do gosto de cada um, da ocasi\u00e3o e da pr\u00f3pria refei\u00e7\u00e3o em si (se \u00e9 um almo\u00e7o ou jantar). Depois precisa de avaliar os elementos de mesa que disp\u00f5e. Claro que n\u00e3o precisa de investir num novo servi\u00e7o de pratos e copos: trabalhe com o que tem h\u00e1 m\u00e3o porque a ideia n\u00e3o \u00e9 gastar o or\u00e7amento em lou\u00e7as de mesa e decora\u00e7\u00f5es. Todavia, \u00e9 claro que h\u00e1 elementos que n\u00e3o podem faltar numa bela mesa de ver\u00e3o: <\/p>\n<ul>\n<li>Toalha, corre-mesas ou individuais;<\/li>\n<li>Servi\u00e7o de pratos, copos e talheres;<\/li>\n<li>Guardanapos e respetivos an\u00e9is, preferencialmente de pano para dar um toque de requinte;<\/li>\n<li>Centro de mesa: por exemplo, flores, uma pe\u00e7a de cer\u00e2mica de destaque ou algo comest\u00edvel, relacionado com o tema e a ementa;<\/li>\n<li>Ilumina\u00e7\u00e3o, como velas ou luzinhas LED;<\/li>\n<li>Comida e boa disposi\u00e7\u00e3o!<\/li>\n<\/ul>\n<p>Para n\u00e3o ter de gastar muito dinheiro com a decora\u00e7\u00e3o da sua mesa, pode dar largar \u00e0 sua imagina\u00e7\u00e3o para criar decora\u00e7\u00f5es a baixo custo. Por exemplo, que tal um centro de mesa vistoso com flores secas? O c\u00e9u \u00e9 o limite e no que toca \u00e0 decora\u00e7\u00e3o de mesas as op\u00e7\u00f5es s\u00e3o infinitas. <\/p>\n<p>Como sabemos que nem sempre \u00e9 f\u00e1cil saber por onde come\u00e7ar, deixamos-lhe algumas inspira\u00e7\u00f5es para construir a sua mesa ao estilo do ver\u00e3o e surpreender os seus convidados e fam\u00edlia. Ora veja.<\/p>\n<\/p>\n<h3><strong>Para um jantar tropical<\/strong><\/h3>\n<p class=\" block-img\"><img decoding=\"async\" src=\"https:\/\/www.imovirtual.com\/noticias\/wp-content\/uploads\/2022\/11\/06683db1-9ca1-4c17-be5c-4183b58bd3cd_Tropical.png\" alt=\"Mesa de Jantar Decora\u00e7\u00e3o Ver\u00e3o Tropical \"><\/p>\n<\/p>\n<h3><strong>Uma mesa com cheiro a mar<\/strong><\/h3>\n<p class=\" block-img\"><img decoding=\"async\" src=\"https:\/\/www.imovirtual.com\/noticias\/wp-content\/uploads\/2022\/11\/9d13a39e-11e2-4641-8b43-f674bb0704e1_Mar.png\" alt=\"Mesa de Jantar Tema Mar \"><\/p>\n<\/p>\n<h3><strong>Para os apreciadores do estilo r\u00fastico<\/strong><\/h3>\n<p class=\" block-img\"><img decoding=\"async\" src=\"https:\/\/www.imovirtual.com\/noticias\/wp-content\/uploads\/2022\/11\/26b9ac12-188b-4896-aa8d-ff749ef6ffb7_Rustica.png\" alt=\"Mesa de Jantar Estilo R\u00fastico\"><\/p>\n<\/p>\n<h3><strong>Uma mesa com um toque floral<\/strong><\/h3>\n<p class=\" block-img\"><img decoding=\"async\" src=\"https:\/\/www.imovirtual.com\/noticias\/wp-content\/uploads\/2022\/11\/1a4e3c68-cd50-4374-9930-17822f307921_Flores.png\" alt=\"Mesa de Jantar Estilo Floral\"><\/p>\n<\/p>\n<h3><strong>Para n\u00e3o deixar d\u00favidas que \u00e9 Ver\u00e3o<\/strong><\/h3>\n<p class=\" block-img\"><img decoding=\"async\" src=\"https:\/\/www.imovirtual.com\/noticias\/wp-content\/uploads\/2022\/11\/2dd9aeac-6328-4c84-b6fd-2bb7ffd7e7cd_Tradicional.png\" alt=\"Mesa de Jantar Tradicional Ver\u00e3o\"><\/p>\n<\/p>\n<h3><strong>Simples, mas com toque verneiano<\/strong><\/h3>\n<p class=\" block-img\"><img decoding=\"async\" src=\"https:\/\/www.imovirtual.com\/noticias\/wp-content\/uploads\/2022\/11\/8accee82-f50e-4a60-a157-08cc68b32aa2_Simple.png\" alt=\"Mesa de Jantar Simples para Ver\u00e3o\"><\/p>\n<\/p>\n<h3><strong>As cores que gritam Ver\u00e3o<\/strong><\/h3>\n<p class=\" block-img\"><img decoding=\"async\" src=\"https:\/\/www.imovirtual.com\/noticias\/wp-content\/uploads\/2022\/11\/731a78b2-64dd-4808-b575-79a4a207f1f0_Verao.png\" alt=\"Mesa de ver\u00e3o com decora\u00e7\u00e3o de fruta\"><\/p>\n<p>Estas s\u00e3o algumas inspira\u00e7\u00f5es para decorar uma mesa ao estilo do Ver\u00e3o, que pode adaptar conforme os materiais que tem dispon\u00edveis \u00e0 m\u00e3o. Lembre-se: na decora\u00e7\u00e3o n\u00e3o h\u00e1 certo ou errado!<\/p>\n<\/p>\n<p class=\" block-img\"><img decoding=\"async\" src=\"https:\/\/www.imovirtual.com\/noticias\/wp-content\/uploads\/2022\/11\/af14b393-f5d1-4a75-8368-42f656903033_Copia-de-Banners-Autores-3.png\" alt=\"Maria Lu\u00edsa Autor Imovirtual\"><\/p>\n<h5><em>Maria Lu\u00edsa \u00e9 a decoradora. A paix\u00e3o pela decora\u00e7\u00e3o surgiu desde muito cedo, quando as paredes se tornaram folhas de desenho. Juntou o \u00fatil ao agrad\u00e1vel e fez da voca\u00e7\u00e3o o seu trabalho. Est\u00e1 a cargo dos temas sobre &#8216;Decora\u00e7\u00e3o&#8217; do Blog do Imovirtual. <\/em><\/h5>\n<\/p>\n<h4><strong>Descubra mais sobre Decora\u00e7\u00e3o<\/strong><\/h4>\n<ul>\n<li>4 dicas para conseguir uma <a href=\"https:\/\/www.imovirtual.com\/noticias\/decoracao\/decoracao-minimalista\" target=\"_blank\" rel=\"noopener\"><strong>decora\u00e7\u00e3o minimalista<\/strong><\/a><\/li>\n<li><a href=\"https:\/\/www.imovirtual.com\/noticias\/decoracao\/upcycling-moveis-paletes\" target=\"_blank\" rel=\"noopener\"><strong>Upcycling<\/strong><\/a>: d\u00ea uma nova vida aos seus m\u00f3veis<\/li>\n<li>Saiba como organizar os arquivos do seu <a href=\"https:\/\/www.imovirtual.com\/noticias\/decoracao\/organizar-arquivos-do-escritorio\" target=\"_blank\" rel=\"noopener\"><strong>escrit\u00f3rio<\/strong><\/a><\/li>\n<\/ul>\n<\/p>\n<div class=\"css-h5fkc8\"><strong>Ultima actualiza\u00e7\u00e3o:<\/strong> 20 julho 2021<\/div>\n","protected":false},"excerpt":{"rendered":"<p>Dicas para decorar a mesa de jantar ao estilo do ver\u00e3o O Ver\u00e3o traz consigo o calor, os churrascos, os dias prolongados e a vontade de p\u00f4r a mesa na varanda, no terra\u00e7o ou no jardim para aproveitar o bom tempo e desfrutar de um refei\u00e7\u00e3o diferente. Claro que nem toda a gente tem essa &hellip;<\/p>\n","protected":false},"author":3,"featured_media":3225,"comment_status":"closed","ping_status":"open","sticky":false,"template":"","format":"standard","meta":{"footnotes":""},"categories":[3],"tags":[],"class_list":["post-3224","post","type-post","status-publish","format-standard","has-post-thumbnail","hentry","category-lifestyle"],"_links":{"self":[{"href":"https:\/\/www.imovirtual.com\/noticias\/wp-json\/wp\/v2\/posts\/3224","targetHints":{"allow":["GET"]}}],"collection":[{"href":"https:\/\/www.imovirtual.com\/noticias\/wp-json\/wp\/v2\/posts"}],"about":[{"href":"https:\/\/www.imovirtual.com\/noticias\/wp-json\/wp\/v2\/types\/post"}],"author":[{"embeddable":true,"href":"https:\/\/www.imovirtual.com\/noticias\/wp-json\/wp\/v2\/users\/3"}],"replies":[{"embeddable":true,"href":"https:\/\/www.imovirtual.com\/noticias\/wp-json\/wp\/v2\/comments?post=3224"}],"version-history":[{"count":0,"href":"https:\/\/www.imovirtual.com\/noticias\/wp-json\/wp\/v2\/posts\/3224\/revisions"}],"wp:featuredmedia":[{"embeddable":true,"href":"https:\/\/www.imovirtual.com\/noticias\/wp-json\/wp\/v2\/media\/3225"}],"wp:attachment":[{"href":"https:\/\/www.imovirtual.com\/noticias\/wp-json\/wp\/v2\/media?parent=3224"}],"wp:term":[{"taxonomy":"category","embeddable":true,"href":"https:\/\/www.imovirtual.com\/noticias\/wp-json\/wp\/v2\/categories?post=3224"},{"taxonomy":"post_tag","embeddable":true,"href":"https:\/\/www.imovirtual.com\/noticias\/wp-json\/wp\/v2\/tags?post=3224"}],"curies":[{"name":"wp","href":"https:\/\/api.w.org\/{rel}","templated":true}]}}