{"id":322,"date":"2022-04-21T00:00:00","date_gmt":"2022-04-21T00:00:00","guid":{"rendered":"https:\/\/www.imovirtual.com\/noticias2\/2022\/04\/21\/imoveis-ponta-delgada\/"},"modified":"2024-08-28T10:29:06","modified_gmt":"2024-08-28T10:29:06","slug":"imoveis-ponta-delgada","status":"publish","type":"post","link":"https:\/\/www.imovirtual.com\/noticias\/imobiliario\/imoveis-ponta-delgada\/","title":{"rendered":"Viver em Ponta Delgada: 7 oportunidades de im\u00f3veis a n\u00e3o perder"},"content":{"rendered":"<p class=\"css-8qfla4\">\n<p class=\"css-m5h6m0 edperro0\">\n<h1><strong>Viver em Ponta Delgada: 7 oportunidades de im\u00f3veis a n\u00e3o perder<\/strong><\/h1>\n<p>Capital do Arquip\u00e9lago dos A\u00e7ores,<strong> Ponta Delgada<\/strong> \u00e9 a cidade mais procurada na incr\u00edvel Ilha de S\u00e3o Miguel. Dona de uma beleza natural ineg\u00e1vel e de uma arquitetura rica, esta cidade tem um inestim\u00e1vel inestim\u00e1vel patrim\u00f3nio cultural e cosmopolita. \u00c9 l\u00e1 que vai encontrar um dos ex-libris dos A\u00e7ores, maravilha natural de uma beleza sublime: a Lagoa das Sete Cidades. A <strong>Po\u00e7a de Dona Beija<\/strong>, o <strong>Parque Terra Nostra<\/strong>, a <strong>Lagoa do Fogo<\/strong>, a<strong> Gruta do Carv\u00e3o<\/strong>, o <strong>Jardim Bot\u00e2nico Ant\u00f3nio Borges<\/strong>, o Mercado da Gra\u00e7a e a Planta\u00e7\u00e3o de Anan\u00e1s dos A\u00e7ores s\u00e3o outros dos pontos de interesse que atraem milhares de turistas \u00e0<strong> <a href=\"https:\/\/www.imovirtual.com\/comprar\/ilha-de-sao-miguel\/?search%5Bregion_id%5D=22\" target=\"_blank\" rel=\"noopener\">Ilha de S\u00e3o Miguel<\/a> <\/strong>No geral, todas as paisagens que por l\u00e1 encontra s\u00e3o dignas de postais, com v\u00e1rias crateras vulc\u00e2nicas, lagos com flores silvestres e bosques imensos, em S\u00e3o Miguel respira-se ar puro. A n\u00edvel de gastronomia, \u00e9 imposs\u00edvel ficar indiferente aos sabores da regi\u00e3o, com destaque para pratos como o famoso <strong>Cozido das Furnas<\/strong>, o <strong>Polvo \u00e0 Micaelense<\/strong>, os <strong>Chicharros Fritos<\/strong> <strong>com Molho de Vil\u00e3o<\/strong>, a <strong>Morcela com Anan\u00e1s<\/strong> e as <strong>Lapas Grelhadas<\/strong>.<\/p>\n<p>Ponta Delgada \u00e9 sem d\u00favida um excelente lugar para passar <a href=\"https:\/\/www.imovirtual.com\/noticias\/lifestyle\/ferias-em-casa-atividades\" target=\"_blank\" rel=\"noopener\">f\u00e9rias<\/a>, mas \u00e9 tamb\u00e9m um s\u00edtio incr\u00edvel para viver. Por l\u00e1 vai encontrar tudo o que precisa para ter uma vida plena. Por isso desengane-se: hoje em dia quem vive nas Ilhas Portuguesas tem tudo \u00e0 m\u00e3o. No que repeita a im\u00f3veis, existe uma vasta oferta no mercado. Uma r\u00e1pida pesquisa no <a href=\"https:\/\/www.imovirtual.com\/\" target=\"_blank\" rel=\"noopener\">Imovirtual<\/a> pode atestar este facto, mas cuidado: <strong>\u00e9 bem prov\u00e1vel que encontre a casa dos seus sonhos<\/strong>. N\u00e3o acredita? Confira ent\u00e3o as <strong>7 oportunidades que mostramos neste artigo<\/strong>.<\/p>\n<\/p>\n<h3>Veja tamb\u00e9m: <a href=\"https:\/\/www.imovirtual.com\/noticias\/imobiliario\/vantagens-desvantagens-ilhas-portuguesas\" target=\"_blank\" rel=\"noopener\"><em><strong>Vantagens e desvantagens de viver nas Ilhas Portuguesas<\/strong><\/em><\/a><\/h3>\n<\/p>\n<h2><a href=\"https:\/\/www.imovirtual.com\/pt\/anuncio\/moradia-com-projeto-aprovado-ID18ARz.html#65f79a282a\" target=\"_blank\" rel=\"noopener\"><strong>Moradia T2<\/strong><\/a><\/h2>\n<p>Com anexo e logradouro<\/p>\n<p class=\" block-img\"><img decoding=\"async\" src=\"https:\/\/www.imovirtual.com\/noticias\/wp-content\/uploads\/2022\/11\/ed40b4c3-d9c7-4ffb-8da7-744218b76013_Moradia-t2-com-projeto-aprovado.png\" alt=\"moradia t2 em ponta delgada\"><\/p>\n<h2><a href=\"https:\/\/www.imovirtual.com\/pt\/anuncio\/moradia-v3-como-nova-a-40mts-da-praia-vista-direta-mar-de-toda-a-cas-ID18fkm.html#65f79a282a\" target=\"_blank\" rel=\"noopener\"><strong>Moradia T3<\/strong><\/a><\/h2>\n<p>Com vista direta para o mar<\/p>\n<p class=\" block-img\"><img decoding=\"async\" src=\"https:\/\/www.imovirtual.com\/noticias\/wp-content\/uploads\/2022\/11\/d8d3d51e-7f3c-42b9-b00e-dcf1a68b7f91_Moradia-V3-como-nova_-a-40mts-da-praia-vista-direta-mar-de-toda-a-cas.png\" alt=\"moradia t3 em ponta delgada junto \u00e0 praia\"><\/p>\n<h2><a href=\"https:\/\/www.imovirtual.com\/pt\/anuncio\/moradia-com-piscina-localizada-na-cidade-de-ponta-delgada-ID17I3m.html#bbefbd3f1c\" target=\"_blank\" rel=\"noopener\"><strong>Moradia T3<\/strong><\/a><\/h2>\n<p>Com piscina<\/p>\n<p class=\" block-img\"><img decoding=\"async\" src=\"https:\/\/www.imovirtual.com\/noticias\/wp-content\/uploads\/2022\/11\/dc10611d-27e2-451f-b37c-2db91a5d1e96_Moradia-t3-com-piscina-localizada-na-cidade-de-Ponta-Delgada.png\" alt=\"moradia t3 em ponta delgada\"><\/p>\n<h2><a href=\"https:\/\/www.imovirtual.com\/pt\/anuncio\/moradia-geminada-t3-venda-em-rosto-do-cao-sao-roque-ponta-delgada-ID18stn.html#908977fa56\" target=\"_blank\" rel=\"noopener\"><strong>Moradia T3<\/strong><\/a><\/h2>\n<p>Com lavandaria e quintal<\/p>\n<p class=\" block-img\"><img decoding=\"async\" src=\"https:\/\/www.imovirtual.com\/noticias\/wp-content\/uploads\/2022\/11\/0df6e1f5-92fe-465e-b4f0-c581a54208ea_Moradia-Geminada-T3-Venda-em-Rosto-do-Cao.png\" alt=\"moradia t3 geminada em ponta delgada\"><\/p>\n<h2><a href=\"https:\/\/www.imovirtual.com\/pt\/anuncio\/oportunidade-de-negocio-vivenda-geminada-t4-com-licenciamento-de-al-a-ID18C0R.html#bbefbd3f1c\" target=\"_blank\" rel=\"noopener\"><strong>Moradia T4<\/strong><\/a><\/h2>\n<p>Com Licenciamento de AL<\/p>\n<p class=\" block-img\"><img decoding=\"async\" src=\"https:\/\/www.imovirtual.com\/noticias\/wp-content\/uploads\/2022\/11\/15206ba5-fcdd-4c68-b8dc-058ceccef23c_Oportunidade-de-negocio-Vivenda-Geminada-T4.png\" alt=\"moradia geminada t4 em ponta delgada\"><\/p>\n<h2><a href=\"https:\/\/www.imovirtual.com\/pt\/anuncio\/moradia-t4-1-centro-de-ponta-delgada-ID177mp.html#65f79a282a\" target=\"_blank\" rel=\"noopener\"><strong>Moradia T4+1<\/strong><\/a><\/h2>\n<p>Com s\u00f3t\u00e3o, terra\u00e7o e garagem<\/p>\n<p class=\" block-img\"><img decoding=\"async\" src=\"https:\/\/www.imovirtual.com\/noticias\/wp-content\/uploads\/2022\/11\/5db3c602-c9e6-4c87-a07f-1d5e2c50aa7a_Moradia-T41-Centro-de-Ponta-Delgada.png\" alt=\"moradia t4+1 em ponta delgada\"><\/p>\n<h2><a href=\"https:\/\/www.imovirtual.com\/pt\/anuncio\/apartamento-com-2-quartos-sao-pedro-ponta-delgada-ID18CkZ.html#65f79a282a\" target=\"_blank\" rel=\"noopener\"><strong>Apartamento T2<\/strong><\/a><\/h2>\n<p>Com estacionamento, arrecada\u00e7\u00e3o e ar condicionado<\/p>\n<p class=\" block-img\"><img decoding=\"async\" src=\"https:\/\/www.imovirtual.com\/noticias\/wp-content\/uploads\/2022\/11\/4ad155ce-2e66-4945-a32c-6c15fc3c251f_Apartamento-com-2-Quartos-Sao-Pedro-Ponta-Delgada.png\" alt=\"apartamento t2 em ponta delgada\"><\/p>\n<\/p>\n<p>N\u00e3o ficou satisfeito com as 7 op\u00e7\u00f5es que lhe mostramos?<\/p>\n<h3>Encontre aqui todos os <a href=\"https:\/\/www.imovirtual.com\/comprar\/ponta-delgada\/?search%5Bregion_id%5D=22&amp;search%5Bsubregion_id%5D=293\" target=\"_blank\" rel=\"noopener\"><em><strong>im\u00f3veis \u00e0 venda em Ponta Delgada<\/strong><\/em><\/a><\/h3>\n<p class=\" block-img\"><img decoding=\"async\" src=\"https:\/\/www.imovirtual.com\/noticias\/wp-content\/uploads\/2022\/11\/3c23b667-0a08-4ca1-abcb-74566be5c538_Copia-de-Banners-Autores-2.png\" alt=\"Alexandre Lu\u00eds Autor Imovirtual\"><\/p>\n<h5><em>Tamb\u00e9m conhecido como &#8216;O Consultor&#8217;. Pode encontr\u00e1-lo a consultar o \u00faltimo estudo de mercado. N\u00e3o tem talento para vender, mas sabe tudo sobre Imobili\u00e1rio. Fala sobre quest\u00f5es relacionadas com o tema no Blog do Imovirtual.<\/em><\/h5>\n<\/p>\n<h4><strong>Mais sobre&nbsp;<em>Imobili\u00e1rio<\/em><\/strong><\/h4>\n<ul>\n<li>4 dicas para contratar a&nbsp;<a href=\"https:\/\/www.imovirtual.com\/noticias\/imobiliario\/empresa-mudancas-casa\" target=\"_blank\" rel=\"noopener\"><strong>empresa de mudan\u00e7as<\/strong><\/a>&nbsp;certa<\/li>\n<li><a href=\"https:\/\/www.imovirtual.com\/noticias\/imobiliario\/reabilitacao-imoveis\" target=\"_blank\" rel=\"noopener\"><strong>Reabilita\u00e7\u00e3o de im\u00f3veis<\/strong><\/a>: implica\u00e7\u00f5es, regras e custos<\/li>\n<li><a href=\"https:\/\/www.imovirtual.com\/noticias\/imobiliario\/canalizacao-antiga-quando-substituir\" target=\"_blank\" rel=\"noopener\"><strong>Canaliza\u00e7\u00e3o<\/strong><\/a>&nbsp;antiga: quando devo substituir?<\/li>\n<\/ul>\n<\/p>\n<div class=\"css-h5fkc8\"><strong>Ultima actualiza\u00e7\u00e3o:<\/strong> 21 abril 2022<\/div>\n","protected":false},"excerpt":{"rendered":"<p>Viver em Ponta Delgada: 7 oportunidades de im\u00f3veis a n\u00e3o perder Capital do Arquip\u00e9lago dos A\u00e7ores, Ponta Delgada \u00e9 a cidade mais procurada na incr\u00edvel Ilha de S\u00e3o Miguel. Dona de uma beleza natural ineg\u00e1vel e de uma arquitetura rica, esta cidade tem um inestim\u00e1vel inestim\u00e1vel patrim\u00f3nio cultural e cosmopolita. \u00c9 l\u00e1 que vai encontrar &hellip;<\/p>\n","protected":false},"author":3,"featured_media":323,"comment_status":"closed","ping_status":"open","sticky":false,"template":"","format":"standard","meta":{"footnotes":""},"categories":[37,5],"tags":[],"class_list":["post-322","post","type-post","status-publish","format-standard","has-post-thumbnail","hentry","category-financas-e-imobiliario","category-imobiliario"],"_links":{"self":[{"href":"https:\/\/www.imovirtual.com\/noticias\/wp-json\/wp\/v2\/posts\/322","targetHints":{"allow":["GET"]}}],"collection":[{"href":"https:\/\/www.imovirtual.com\/noticias\/wp-json\/wp\/v2\/posts"}],"about":[{"href":"https:\/\/www.imovirtual.com\/noticias\/wp-json\/wp\/v2\/types\/post"}],"author":[{"embeddable":true,"href":"https:\/\/www.imovirtual.com\/noticias\/wp-json\/wp\/v2\/users\/3"}],"replies":[{"embeddable":true,"href":"https:\/\/www.imovirtual.com\/noticias\/wp-json\/wp\/v2\/comments?post=322"}],"version-history":[{"count":0,"href":"https:\/\/www.imovirtual.com\/noticias\/wp-json\/wp\/v2\/posts\/322\/revisions"}],"wp:featuredmedia":[{"embeddable":true,"href":"https:\/\/www.imovirtual.com\/noticias\/wp-json\/wp\/v2\/media\/323"}],"wp:attachment":[{"href":"https:\/\/www.imovirtual.com\/noticias\/wp-json\/wp\/v2\/media?parent=322"}],"wp:term":[{"taxonomy":"category","embeddable":true,"href":"https:\/\/www.imovirtual.com\/noticias\/wp-json\/wp\/v2\/categories?post=322"},{"taxonomy":"post_tag","embeddable":true,"href":"https:\/\/www.imovirtual.com\/noticias\/wp-json\/wp\/v2\/tags?post=322"}],"curies":[{"name":"wp","href":"https:\/\/api.w.org\/{rel}","templated":true}]}}