{"id":3215,"date":"2021-05-21T00:00:00","date_gmt":"2021-05-21T00:00:00","guid":{"rendered":"https:\/\/www.imovirtual.com\/noticias2\/2021\/05\/21\/os-empreendimentos-mais-visitados-esta-semana\/"},"modified":"2024-08-28T10:29:56","modified_gmt":"2024-08-28T10:29:56","slug":"os-empreendimentos-mais-visitados-esta-semana","status":"publish","type":"post","link":"https:\/\/www.imovirtual.com\/noticias\/imobiliario\/os-empreendimentos-mais-visitados-esta-semana\/","title":{"rendered":"Os Empreendimentos mais visitados esta semana"},"content":{"rendered":"<p class=\"css-8qfla4\">\n<p class=\"css-m5h6m0 edperro0\">\n<h1><strong>Os Empreendimentos mais visitados esta semana<\/strong><\/h1>\n<p>Esta semana apresentamos-lhe o TOP 10 de empreendimentos \u00e0 venda nas zonas de Lisboa, Porto, Set\u00fabal e Aveiro. Estes foram os im\u00f3veis mais visitados pelos utilizadores do&nbsp;<a href=\"https:\/\/www.imovirtual.com\/\">Imovirtual<\/a> na \u00faltima semana. Entre numa viagem pelo imobili\u00e1rio nacional, e encontre a sua casa de sonhos na sua plataforma de refer\u00eancia!<\/p>\n<\/p>\n<h2><a href=\"https:\/\/www.imovirtual.com\/pt\/anuncio\/greenstone-ID15Knv.html\" target=\"_blank\" rel=\"noopener\"><strong>Greenstone<\/strong><\/a><\/h2>\n<p>Aldoar, Porto<\/p>\n<p class=\" block-img\"><img decoding=\"async\" src=\"https:\/\/www.imovirtual.com\/noticias\/wp-content\/uploads\/2022\/11\/45fa7324-0b88-48af-9021-17e61200a601_Greenstone-porto.png\" alt=\"greenstone empreendimento porto\"><\/p>\n<p>O empreendimento residencial Greenstone encontra-se em fase de constru\u00e7\u00e3o. Ser\u00e1 composto por 36 casas, de tipologias T2 a T4 contando com espa\u00e7os verdes, piscinas e rooftops privativos. O Greenstone contar\u00e1 com 27 Townhouses e Garden Villas de tipologias T2 a T4 (com \u00e1reas entre os 140 m2 e os 225 m2 e jardins privativos) e 9 Sky Villas (com \u00e1reas entre os 210 m2 e os 355 m2 e rooftops privativos). Todas as casas beneficiam de amplas \u00e1reas exteriores, vistas desafogadas, muitos espa\u00e7os verdes e, em alguns casos, piscinas privadas, al\u00e9m de um amplo jardim comum que inclui uma piscina e &#8216;Pool House&#8217; para todos os residentes.<\/p>\n<\/p>\n<h3>\ud83c\udfe0<strong>&nbsp;O pre\u00e7o do im\u00f3vel \u00e9 4 650,35 \u20ac\/m\u00b2<\/strong><\/h3>\n<\/p>\n<h2><a href=\"https:\/\/www.imovirtual.com\/pt\/anuncio\/promenade-ID15vvo.html\" target=\"_blank\" rel=\"noopener\"><strong>Promenade<\/strong><\/a><\/h2>\n<p>Miseric\u00f3rdia, Lisboa<\/p>\n<p class=\" block-img\"><img decoding=\"async\" src=\"https:\/\/www.imovirtual.com\/noticias\/wp-content\/uploads\/2022\/11\/2c6cc393-b37b-4d76-845f-a3560866ce7c_promenade.png\" alt=\"promenade empreendimento lisboa \"><\/p>\n<p>Com vista sobre o Tejo, junto ao Cais do Sodr\u00e9 e ao Mercado da Ribeira ir\u00e1 nascer o empreendimento Promenade. Um edif\u00edcio de arquitetura contempor\u00e2nea que combina uma localiza\u00e7\u00e3o extraordin\u00e1ria, com uma arquitetura s\u00f3bria e contida, numa volumetria discreta. Neste empreendimento de luxo encontramos 36 apartamentos de tipologias T1 a T6, dos quais 4 s\u00e3o Penthouses, com piscina privativa e vistas sobre o rio. <\/p>\n<\/p>\n<h3>\ud83c\udfe0<strong>&nbsp;O pre\u00e7o do im\u00f3vel \u00e9 9 120,97 \u20ac\/m\u00b2<\/strong><\/h3>\n<\/p>\n<h2><a href=\"https:\/\/www.imovirtual.com\/pt\/anuncio\/varandas-vitoria-ID15Kpr.html\" target=\"_blank\" rel=\"noopener\"><strong>Varandas da Vit\u00f3ria<\/strong><\/a><\/h2>\n<p>Cedofeita, Porto <\/p>\n<p class=\" block-img\"><img decoding=\"async\" src=\"https:\/\/www.imovirtual.com\/noticias\/wp-content\/uploads\/2022\/11\/c15d8c03-4370-405e-81a0-3dedb241bd9a_varandas-vitoria.png\" alt=\"empreendimento varandas vit\u00f3ria porto \"><\/p>\n<p>O novo empreendimento Varandas da Vit\u00f3ria tem uma privilegiada localiza\u00e7\u00e3o com vista sobre a cidade e o rio. O edif\u00edcio oferece 21 apartamentos de tipologias T0 a T2 com \u00e1reas entre 44 e 79m2, e a possibilidade de juntar 2 fra\u00e7\u00f5es para criar um T3. Os apartamentos do Varandas da Vit\u00f3ria contam com varandas nos quartos e salas e acabamentos de alta qualidade, como ar condicionado. Os lugares de estacionamento s\u00e3o opcionais e vendidos em separado.<\/p>\n<\/p>\n<h3>\ud83c\udfe0<strong>&nbsp;O pre\u00e7o do im\u00f3vel \u00e9 4 964 \u20ac\/m\u00b2<\/strong><\/h3>\n<\/p>\n<h2><a href=\"https:\/\/www.imovirtual.com\/pt\/anuncio\/the-hills-ID13SYh.html\" target=\"_blank\" rel=\"noopener\"><strong>The Hills<\/strong><\/a><\/h2>\n<p>Vila Nova de Gaia, Porto<\/p>\n<p class=\" block-img\"><img decoding=\"async\" src=\"https:\/\/www.imovirtual.com\/noticias\/wp-content\/uploads\/2022\/11\/77f3a8dc-19a4-4050-a81f-82cba536079d_the-hills.png\" alt=\"the hills empreendimento vila nova de gaia\"><\/p>\n<p>Empreendimento em constru\u00e7\u00e3o com conclus\u00e3o da obra prevista para o 1\u00ba semestre de 2021. \u00c9 composto por apartamentos tipologias T0, T1, T2 e T3 com vista para o Rio Douro. Com localiza\u00e7\u00e3o privilegiada, perto da encosta do Rio Douro, na margem da cidade de Vila Nova de Gaia e pr\u00f3ximo ao centro da cidade do Porto, atrav\u00e9s da travessia da Ponte do Infante. Empreendimento com 5 pisos acima do solo e 2 abaixo do solo (garagens). Os apartamentos ter\u00e3o um design inovador e ser\u00e3o equipados com aquecimento central, pain\u00e9is solares para aquecimento de \u00e1guas, classifica\u00e7\u00e3o energ\u00e9tica A+ e cozinha equipada. O condom\u00ednio ser\u00e1 num sistema fechado e com piscina.<\/p>\n<\/p>\n<h3>\ud83c\udfe0<strong>&nbsp;O pre\u00e7o do im\u00f3vel \u00e9 2 303 \u20ac\/m\u00b2<\/strong><\/h3>\n<\/p>\n<h2><a href=\"https:\/\/www.imovirtual.com\/pt\/anuncio\/urban-32-ID15ToN.html\" target=\"_blank\" rel=\"noopener\"><strong>Urban 32<\/strong><\/a><\/h2>\n<p>Espinho, Aveiro<\/p>\n<p class=\" block-img\"><img decoding=\"async\" src=\"https:\/\/www.imovirtual.com\/noticias\/wp-content\/uploads\/2022\/11\/99b9c53f-3f8d-44ec-a781-e966bff8f924_urban-32.png\" alt=\"urban 32 empreendimento aveiro\"><\/p>\n<p>O Urban 32 \u00e9 um projeto concebido a pensar na harmonia paisag\u00edstica, onde prevalece o tra\u00e7o da modernidade, funcionalidade e integra\u00e7\u00e3o de ambientes que transmitem uma maior efici\u00eancia habitacional e proporcionam um maior conv\u00edvio familiar. Constitu\u00eddo por 2 blocos de apartamentos &#8211; Bloco A (26 fra\u00e7\u00f5es) e Bloco B (45 fra\u00e7\u00f5es), onde todas as unidades t\u00eam varanda. O Urban 32 destaca-se por ser um empreendimento orientado para quem quer bem-estar familiar, desfrutar da qualidade de vida com que sempre sonhou e ter uma atitude jovem de &#8216;home living&#8217;, onde poder\u00e1 tirar proveito de todos os servi\u00e7os de excel\u00eancia que este <a href=\"https:\/\/www.imovirtual.com\/noticias\/imoblog\/condominios-tudo-o-que-precisa-de-saber-by-condominio-deco-mais\" target=\"_blank\" rel=\"noopener\">condom\u00ednio<\/a> privado oferece: Piscina; Jardim Privativo; Gin\u00e1sio com Vista Mar.<\/p>\n<\/p>\n<h3>\ud83c\udfe0<strong>&nbsp;O pre\u00e7o do im\u00f3vel \u00e9 1 608 \u20ac\/m\u00b2<\/strong><\/h3>\n<\/p>\n<h2><a href=\"https:\/\/www.imovirtual.com\/pt\/anuncio\/palmela-village-apartamentos-com-piscina-ID13wuh.html\" target=\"_blank\" rel=\"noopener\"><strong>Palmela Village<\/strong><\/a><\/h2>\n<p>Palmela, Set\u00fabal<\/p>\n<p class=\" block-img\"><img decoding=\"async\" src=\"https:\/\/www.imovirtual.com\/noticias\/wp-content\/uploads\/2022\/11\/b9eb0832-a29f-4ed2-b6d1-437f17c3b085_palmela-village.png\" alt=\"palmela village empreendimento set\u00fabal\"><\/p>\n<p>Conjunto residencial composto por apartamentos de tipologias T1 e T1+1 , com \u00e1reas brutas compreendidas entre os 80 m\u00b2 e os 98 m\u00b2, estacionamento privado inferior e piscinas partilhadas, inserido no Aldeamento Tur\u00edstico, Palmela Village, na Quinta do Anjo, entre Azeit\u00e3o e Palmela, a 1 km do Mercado da Quinta do Anjo, a 2 km do centro da hist\u00f3rica Vila de Palmela, a cerca de 9 km das paisagens e natureza paradis\u00edacas caracter\u00edsticas do Parque Natural da Serra da Arr\u00e1bida. Em termos de comodidades, o condom\u00ednio encontra-se muito bem servido de transportes, tem portaria 24\/7, uma piscina comum, restaurante e espa\u00e7o para passear com a fam\u00edlia ou fazer exerc\u00edcio. Os apartamentos s\u00e3o compostos por sala, quarto com muita luz natural, cozinha e casa de banho.<\/p>\n<\/p>\n<h3>\ud83c\udfe0<strong>&nbsp;O pre\u00e7o do im\u00f3vel \u00e9 1 543 \u20ac\/m\u00b2<\/strong><\/h3>\n<\/p>\n<h2><a href=\"https:\/\/www.imovirtual.com\/pt\/anuncio\/marechal-saldanha-ID15KoA.html\" target=\"_blank\" rel=\"noopener\"><strong>Marechal Saldanha<\/strong><\/a><\/h2>\n<p>Aldoar, Porto<\/p>\n<p class=\" block-img\"><img decoding=\"async\" src=\"https:\/\/www.imovirtual.com\/noticias\/wp-content\/uploads\/2022\/11\/eb9c18ed-bdf0-42ca-9906-0cf3d08fa22a_marechal-saldanha.png\" alt=\"empreendimento marechal saldanha porto\"><\/p>\n<p>MS Edif\u00edcio Marechal Saldanha, \u00e9 um empreendimento, numa das zonas mais nobre de Nevogilde, composto por dois edif\u00edcios distintos, Edif\u00edcio Molhe e Edif\u00edcio Marechal Saldanha. O Edif\u00edcio do Molhe \u00e9 composto por 8 apartamentos, um T1 e sete T3, todos com varanda e lugares de garagem, os do piso inferior tem terra\u00e7os. O Edif\u00edcio Marechal Saldanha \u00e9 composto por 15 apartamentos e uma loja. As tipologias variam de T2 a T4. Todos os apartamentos tem garagem, e os primeiros e \u00faltimos pisos tem terra\u00e7os. Os acabamentos deste empreendimento ser\u00e3o de luxo e em tudo semelhantes aos acabamentos que est\u00e3o a ser usados nas Casas do Fez.<\/p>\n<\/p>\n<h3>\ud83c\udfe0<strong>&nbsp;O pre\u00e7o do im\u00f3vel \u00e9 4 166,67 \u20ac\/m\u00b2<\/strong><\/h3>\n<\/p>\n<h2><a href=\"https:\/\/www.imovirtual.com\/pt\/anuncio\/litoral-living-building-with-history-ID1282O.html\" target=\"_blank\" rel=\"noopener\"><strong>Litoral Living<\/strong><\/a><\/h2>\n<p>Matosinhos e Le\u00e7a da Palmeira, Porto<\/p>\n<p class=\" block-img\"><img decoding=\"async\" src=\"https:\/\/www.imovirtual.com\/noticias\/wp-content\/uploads\/2022\/11\/aca30e70-bf91-4d87-91f5-3e1cdfc951f7_litoral-living.png\" alt=\"litoral living empreendimento matosinhos porto\"><\/p>\n<p>Beneficiando de uma localiza\u00e7\u00e3o privilegiada, na zona Sul de Matosinhos, a hist\u00f3rica F\u00e1brica de Conservas \u201cLitoral e Companhia Lda.\u201d ganha agora uma nova vida que combina a viv\u00eancia citadina com a proximidade do mar. Este condom\u00ednio fechado, com amplas zonas interiores ajardinadas, ir\u00e1 estender-se por 10 moradias de tipologias T2 e T3 Duplex, com \u00e1reas que v\u00e3o variar entre os 117,36 m2 e os 144,46 m2, bem como 66 apartamentos de tipologias T1, T2, T3 e T4 com \u00e1reas entre os 56,20 m2 e os 193,66 m2. O empreendimento, que confere uma nova personalidade ao edif\u00edcio hist\u00f3rico, sem retirar toda a sua ess\u00eancia original, dedica ainda um espa\u00e7o preparado para restaura\u00e7\u00e3o. o Litoral Living \u201cescreve sofistica\u00e7\u00e3o e contemporaneidade, exaltando os detalhes \u00fanicos de uma heran\u00e7a hist\u00f3rica ineg\u00e1vel e respeitando os tra\u00e7os arquitet\u00f3nicos da cidade.<\/p>\n<\/p>\n<h3>\ud83c\udfe0<strong>&nbsp;O pre\u00e7o do im\u00f3vel \u00e9 2 707 \u20ac\/m\u00b2<\/strong><\/h3>\n<\/p>\n<h2><a href=\"https:\/\/www.imovirtual.com\/pt\/anuncio\/o-living-new-urban-residences-ID159Ki.html\" target=\"_blank\" rel=\"noopener\"><strong>O&#8217;Living<\/strong><\/a><\/h2>\n<p>Olivais, Lisboa<\/p>\n<p class=\" block-img\"><img decoding=\"async\" src=\"https:\/\/www.imovirtual.com\/noticias\/wp-content\/uploads\/2022\/11\/172e1976-b2ca-4bdc-8a72-aadb514fbf1b_oliving.png\" alt=\"empreendimento o'living lisboa\"><\/p>\n<p>O O&#8217; Living oferece 86 apartamentos de tipologias T1 a T4, com \u00e1reas que variam entre os 66m2 a 216m2, todos com estacionamento em garagem. Fachadas com predomin\u00e2ncia de amplos v\u00e3o de janelas, varandas ou terra\u00e7os, permitindo tirar maior proveito da luz de Lisboa. O O&#8217;Living beneficia de uma localiza\u00e7\u00e3o estrat\u00e9gica, entre duas paragens de metro, Encarna\u00e7\u00e3o e Moscavide, bem como de uma vasta rede de carreiras da Carris (208, 705, 722, 725, 728, 731 ou 744) liga\u00e7\u00f5es diretas ao Marqu\u00eas de Pombal, Cais do Sodr\u00e9, Pra\u00e7a de Londres ou Restelo.<\/p>\n<\/p>\n<h3>\ud83c\udfe0<strong>&nbsp;O pre\u00e7o do im\u00f3vel \u00e9 3 520 \u20ac\/m\u00b2<\/strong><\/h3>\n<\/p>\n<h2><a href=\"https:\/\/www.imovirtual.com\/pt\/anuncio\/moradias-de-nevogilde-ID15KpM.html\" target=\"_blank\" rel=\"noopener\"><strong>Moradias de Nevogilde<\/strong><\/a><\/h2>\n<p>Aldoar, Porto<\/p>\n<p class=\" block-img\"><img decoding=\"async\" src=\"https:\/\/www.imovirtual.com\/noticias\/wp-content\/uploads\/2022\/11\/87c39f2b-4c2d-4478-96fa-6d9f2bcbffb9_moradias-de-nevogilde.png\" alt=\"moradias de nevogilde empreendimento porto\"><\/p>\n<p>Este empreendimento distingue-se pelo seu conjunto de apartamentos, modernos e luxuosos, localizados em condom\u00ednio fechado. O condom\u00ednio oferece 5 exclusivos apartamentos T3 e T4 e duplexes, com \u00e1reas compreendidas entre os 332 m2 e os 374 m2. Os apartamentos beneficiam de excelentes \u00e1reas e de toda a comodidade de uma moradia com a seguran\u00e7a de um edif\u00edcio, contando ainda com jardins privativos com \u00e1reas entre os 122 e os 179 m2 e terra\u00e7os com 72,5 m2. Todos os apartamentos t\u00eam dois lugares de estacionamento para que possa beneficiar da maior comodidade.<\/p>\n<h3>\ud83c\udfe0<strong>&nbsp;O pre\u00e7o do im\u00f3vel \u00e9 4 750 \u20ac\/m\u00b2<\/strong><\/h3>\n<\/p>\n<p class=\" block-img\"><img decoding=\"async\" src=\"https:\/\/www.imovirtual.com\/noticias\/wp-content\/uploads\/2022\/11\/3c23b667-0a08-4ca1-abcb-74566be5c538_Copia-de-Banners-Autores-2.png\" alt=\"Alexandre Lu\u00eds Autor Imovirtual\"><\/p>\n<h5><em>Tamb\u00e9m conhecido como &#8216;O Consultor&#8217;. Pode encontr\u00e1-lo a consultar o \u00faltimo estudo de mercado. N\u00e3o tem talento para vender, mas sabe tudo sobre Imobili\u00e1rio. Fala sobre quest\u00f5es relacionadas com o tema no Blog do Imovirtual.<\/em><\/h5>\n<\/p>\n<h2><strong>Veja tamb\u00e9m<\/strong><\/h2>\n<ul>\n<li>As <a href=\"https:\/\/www.imovirtual.com\/noticias\/imobiliario\/empreendimentos-mais-visitados-na-ultima-semana\" target=\"_blank\" rel=\"noopener\"><strong>novas constru\u00e7\u00f5es<\/strong><\/a> mais visitadas na \u00faltima semana<\/li>\n<li><a href=\"https:\/\/www.imovirtual.com\/noticias\/imobiliario\/casas-de-ferias-com-piscina-para-arrendar\" target=\"_blank\" rel=\"noopener\"><strong>Casas de f\u00e9rias<\/strong><\/a> com piscina para arrendar<\/li>\n<li>As <a href=\"https:\/\/www.imovirtual.com\/noticias\/imobiliario\/moradias-para-venda-mais-visitadas-na-ultima-semana\" target=\"_blank\" rel=\"noopener\"><strong>moradias para venda<\/strong><\/a> mais visitadas na \u00faltima semana<\/li>\n<\/ul>\n<\/p>\n<div class=\"css-h5fkc8\"><strong>Ultima actualiza\u00e7\u00e3o:<\/strong> 20 julho 2021<\/div>\n","protected":false},"excerpt":{"rendered":"<p>Os Empreendimentos mais visitados esta semana Esta semana apresentamos-lhe o TOP 10 de empreendimentos \u00e0 venda nas zonas de Lisboa, Porto, Set\u00fabal e Aveiro. Estes foram os im\u00f3veis mais visitados pelos utilizadores do&nbsp;Imovirtual na \u00faltima semana. Entre numa viagem pelo imobili\u00e1rio nacional, e encontre a sua casa de sonhos na sua plataforma de refer\u00eancia! Greenstone &hellip;<\/p>\n","protected":false},"author":3,"featured_media":3216,"comment_status":"closed","ping_status":"open","sticky":false,"template":"","format":"standard","meta":{"footnotes":""},"categories":[37,5],"tags":[],"class_list":["post-3215","post","type-post","status-publish","format-standard","has-post-thumbnail","hentry","category-financas-e-imobiliario","category-imobiliario"],"_links":{"self":[{"href":"https:\/\/www.imovirtual.com\/noticias\/wp-json\/wp\/v2\/posts\/3215","targetHints":{"allow":["GET"]}}],"collection":[{"href":"https:\/\/www.imovirtual.com\/noticias\/wp-json\/wp\/v2\/posts"}],"about":[{"href":"https:\/\/www.imovirtual.com\/noticias\/wp-json\/wp\/v2\/types\/post"}],"author":[{"embeddable":true,"href":"https:\/\/www.imovirtual.com\/noticias\/wp-json\/wp\/v2\/users\/3"}],"replies":[{"embeddable":true,"href":"https:\/\/www.imovirtual.com\/noticias\/wp-json\/wp\/v2\/comments?post=3215"}],"version-history":[{"count":0,"href":"https:\/\/www.imovirtual.com\/noticias\/wp-json\/wp\/v2\/posts\/3215\/revisions"}],"wp:featuredmedia":[{"embeddable":true,"href":"https:\/\/www.imovirtual.com\/noticias\/wp-json\/wp\/v2\/media\/3216"}],"wp:attachment":[{"href":"https:\/\/www.imovirtual.com\/noticias\/wp-json\/wp\/v2\/media?parent=3215"}],"wp:term":[{"taxonomy":"category","embeddable":true,"href":"https:\/\/www.imovirtual.com\/noticias\/wp-json\/wp\/v2\/categories?post=3215"},{"taxonomy":"post_tag","embeddable":true,"href":"https:\/\/www.imovirtual.com\/noticias\/wp-json\/wp\/v2\/tags?post=3215"}],"curies":[{"name":"wp","href":"https:\/\/api.w.org\/{rel}","templated":true}]}}