{"id":3199,"date":"2020-05-25T00:00:00","date_gmt":"2020-05-25T00:00:00","guid":{"rendered":"https:\/\/www.imovirtual.com\/noticias2\/2020\/05\/25\/cuide-do-meio-ambiente-e-ao-mesmo-tempo-crie-um-espaco\/"},"modified":"2024-08-28T10:19:38","modified_gmt":"2024-08-28T10:19:38","slug":"cuide-do-meio-ambiente-e-ao-mesmo-tempo-crie-um-espaco","status":"publish","type":"post","link":"https:\/\/www.imovirtual.com\/noticias\/lifestyle\/cuide-do-meio-ambiente-e-ao-mesmo-tempo-crie-um-espaco\/","title":{"rendered":"Consiga uma decora\u00e7\u00e3o Eco-Friendly em 4 passos"},"content":{"rendered":"<p class=\"css-8qfla4\">\n<p class=\"css-m5h6m0 edperro0\">\n<h1><strong>4 passos para ter uma decora\u00e7\u00e3o Eco-Friendly<\/strong><\/h1>\n<p>Dentro das principais tend\u00eancias para este ano, vemos estilos mais ligados \u00e0 reconex\u00e3o com a natureza e <em>eco-friendly<\/em>. Procura-se a utiliza\u00e7\u00e3o de materiais mais r\u00fasticos e naturais, tentando sempre procurar alternativas menos agressivas para o nosso ecossistema.&nbsp; Encontre neste artigo 4 dicas para conseguir incorporar a decora\u00e7\u00e3o <em>eco-friendly<\/em> na sua casa.<\/p>\n<\/p>\n<h2><strong>1.<\/strong> <strong>Acabe com o pl\u00e1stico<\/strong><\/h2>\n<p>Um estilo org\u00e2nico \u00e9 um estilo intemporal, fazendo com que n\u00e3o se \u201ccanse\u201d t\u00e3o rapidamente das pe\u00e7as decorativas, sempre com consci\u00eancia \u00e9tica e ecol\u00f3gica de uso de materiais naturais e produtos manufaturados, bem como de reutiliza\u00e7\u00e3o.<\/p>\n<p>Procure integrar pe\u00e7as de madeira r\u00fastica e sustent\u00e1vel, madeira reciclada ou madeiras sem qu\u00edmicos na sua casa. Assim, ao ter uma pe\u00e7a feita de madeira no seu espa\u00e7o, vai conseguir dar um ar descontra\u00eddo e neutro. Compre materiais e mob\u00edlias de empresas amigas do ambiente e que trabalhem com materiais sustent\u00e1veis.&nbsp; Troque os seus produtos pl\u00e1sticos por pe\u00e7as feitas de vidro, como por exemplo, vasos e embalagens.<\/p>\n<\/p>\n<h2><strong>2.<\/strong> <strong>Abra as janelas!<\/strong><\/h2>\n<p>Para conseguir aumentar a luz natural, certifique que a sua <a href=\"https:\/\/www.imovirtual.com\/noticias\/decoracao\/mudou-de-casa-e-nao-sabe-o-que-fazer-a-mobilia-da-sua\" target=\"_blank\" rel=\"noopener\">mob\u00edlia<\/a> n\u00e3o est\u00e1 a tapar as janelas, coloque espelhos de forma estrat\u00e9gica para refletir a luz natural, evite cortinados de tecidos grossos e pesados e escolha decorar o espa\u00e7o em quest\u00e3o com cores claras e neutras.<\/p>\n<p>Aproveite para substituir as suas l\u00e2mpadas por l\u00e2mpadas LED, visto que estas duram mais tempo, sustent\u00e1veis e consomem menos.<\/p>\n<p>&nbsp;<\/p>\n<h2><strong>3.<\/strong> <strong>O <em>Vintage<\/em> passa a novo<\/strong><\/h2>\n<p>Uma maneira de ter uma casa mais <em>eco-friendly<\/em> \u00e9 comprar ou arranjar m\u00f3veis antigos. Cada vez mais no mundo da decora\u00e7\u00e3o, procura-se incorporar o antigo com o novo, conseguindo poupar dinheiro e dar uma nova vida um m\u00f3vel antigo. Para isso <a href=\"https:\/\/www.imovirtual.com\/noticias\/imobiliario\/mude-de-casa-mude-de-vida-castelo-branco\" target=\"_blank\" rel=\"noopener\">mude<\/a> os puxadores dos seus arm\u00e1rios, pinte de outra cor a sua mesa ou estofar o seu sof\u00e1 com outro tecido.<\/p>\n<p>&nbsp;<\/p>\n<h2><strong>4.<\/strong> <strong>Plantas, plantas e mais plantas<\/strong><\/h2>\n<p>As plantas t\u00eam in\u00fameras vantagens, sendo que podem ajudar a equilibrar a humidade do ambiente, limpar o ar e at\u00e9<a href=\"https:\/\/www.sciencedirect.com\/science\/article\/abs\/pii\/S0272494410001027\"> podem reduzir o seu stress<\/a>.<\/p>\n<p>Ter plantas em casa \u00e9 uma \u00f3tima forma de decorar um espa\u00e7o de forma econ\u00f3mica. Uma planta pode transformar a sua habita\u00e7\u00e3o. Estas ajudam a melhorar a decora\u00e7\u00e3o da sua casa, sendo que podem ser s\u00f3 decorativas ou at\u00e9 podem ser plantas arom\u00e1ticas.<\/p>\n<p>D\u00ea um toque caseiro \u00e0 sua cozinha ao colocar um vaso com salsa, coentros ou manjeric\u00e3o, aromatizando a sua casa e poupando em especiarias!<\/p>\n<p><strong>&nbsp;<\/strong><\/p>\n<p class=\" block-img\"><img decoding=\"async\" src=\"https:\/\/www.imovirtual.com\/noticias\/wp-content\/uploads\/2022\/11\/9731a298-4557-4f34-a573-8229ecc1e45e_06204c22-a6cd-4eba-90e3-9b69ff400c2c_iStock-1217629421.jpg\" alt=\"plantas\"><\/p>\n<h2><strong>Quando \u00e9 que podemos considerar um produto amigo do ambiente?<\/strong><\/h2>\n<\/p>\n<p>Um produto amigo do ambiente \u00e9 aquele que n\u00e3o prejudica o meio ambiente, \u00e9 um produto sustent\u00e1vel e ajuda a conservar os recursos naturais do nosso planeta. Ao adotar um estilo eco-friendly e utilizar produtos recicl\u00e1veis, como o vidro, madeira ou metal est\u00e1 a diminuir o impacto ambiental da decora\u00e7\u00e3o. Procure comprar produtos de empresas que tem um compromisso ecol\u00f3gico e s\u00e3o conscientes da import\u00e2ncia de cuidar e conservar o nosso planeta.<\/p>\n<\/p>\n<p class=\" block-img\"><img decoding=\"async\" src=\"https:\/\/www.imovirtual.com\/noticias\/wp-content\/uploads\/2022\/11\/af14b393-f5d1-4a75-8368-42f656903033_Copia-de-Banners-Autores-3.png\" alt=\"Maria Lu\u00edsa Autor Imovirtual\"><\/p>\n<h5><em>Maria Lu\u00edsa \u00e9 a decoradora. A paix\u00e3o pela decora\u00e7\u00e3o surgiu desde muito cedo, quando as paredes se tornaram folhas de desenho. Juntou o \u00fatil ao agrad\u00e1vel e fez da voca\u00e7\u00e3o o seu trabalho. Est\u00e1 a cargo dos temas sobre &#8216;Decora\u00e7\u00e3o&#8217; do Blog do Imovirtual.<\/em><\/h5>\n<\/p>\n<h4><strong>Tamb\u00e9m lhe pode interessar<\/strong><\/h4>\n<ul>\n<li>Feng Shui e a import\u00e2ncia da&nbsp;<a href=\"https:\/\/www.imovirtual.com\/noticias\/decoracao\/feng-shui-importancia-cabeceira-cama\" target=\"_blank\" rel=\"noopener\"><strong>cabeceira da cama<\/strong><\/a><\/li>\n<li>Feng Shui: regras para colocar os seus&nbsp;<a href=\"https:\/\/www.imovirtual.com\/noticias\/decoracao\/feng-shui-regras-colocar-espelhos\" target=\"_blank\" rel=\"noopener\"><strong>espelhos<\/strong><\/a><\/li>\n<li>Maximize um&nbsp;<a href=\"https:\/\/www.imovirtual.com\/noticias\/decoracao\/hall-entrada-pequeno-dicas\" target=\"_blank\" rel=\"noopener\"><strong>hall de entrada pequeno<\/strong><\/a>&nbsp;com estas dicas<\/li>\n<\/ul>\n<\/p>\n<div class=\"css-h5fkc8\"><strong>Ultima actualiza\u00e7\u00e3o:<\/strong> 18 agosto 2021<\/div>\n","protected":false},"excerpt":{"rendered":"<p>4 passos para ter uma decora\u00e7\u00e3o Eco-Friendly Dentro das principais tend\u00eancias para este ano, vemos estilos mais ligados \u00e0 reconex\u00e3o com a natureza e eco-friendly. Procura-se a utiliza\u00e7\u00e3o de materiais mais r\u00fasticos e naturais, tentando sempre procurar alternativas menos agressivas para o nosso ecossistema.&nbsp; Encontre neste artigo 4 dicas para conseguir incorporar a decora\u00e7\u00e3o eco-friendly &hellip;<\/p>\n","protected":false},"author":3,"featured_media":3200,"comment_status":"closed","ping_status":"open","sticky":false,"template":"","format":"standard","meta":{"footnotes":""},"categories":[3],"tags":[],"class_list":["post-3199","post","type-post","status-publish","format-standard","has-post-thumbnail","hentry","category-lifestyle"],"_links":{"self":[{"href":"https:\/\/www.imovirtual.com\/noticias\/wp-json\/wp\/v2\/posts\/3199","targetHints":{"allow":["GET"]}}],"collection":[{"href":"https:\/\/www.imovirtual.com\/noticias\/wp-json\/wp\/v2\/posts"}],"about":[{"href":"https:\/\/www.imovirtual.com\/noticias\/wp-json\/wp\/v2\/types\/post"}],"author":[{"embeddable":true,"href":"https:\/\/www.imovirtual.com\/noticias\/wp-json\/wp\/v2\/users\/3"}],"replies":[{"embeddable":true,"href":"https:\/\/www.imovirtual.com\/noticias\/wp-json\/wp\/v2\/comments?post=3199"}],"version-history":[{"count":0,"href":"https:\/\/www.imovirtual.com\/noticias\/wp-json\/wp\/v2\/posts\/3199\/revisions"}],"wp:featuredmedia":[{"embeddable":true,"href":"https:\/\/www.imovirtual.com\/noticias\/wp-json\/wp\/v2\/media\/3200"}],"wp:attachment":[{"href":"https:\/\/www.imovirtual.com\/noticias\/wp-json\/wp\/v2\/media?parent=3199"}],"wp:term":[{"taxonomy":"category","embeddable":true,"href":"https:\/\/www.imovirtual.com\/noticias\/wp-json\/wp\/v2\/categories?post=3199"},{"taxonomy":"post_tag","embeddable":true,"href":"https:\/\/www.imovirtual.com\/noticias\/wp-json\/wp\/v2\/tags?post=3199"}],"curies":[{"name":"wp","href":"https:\/\/api.w.org\/{rel}","templated":true}]}}