{"id":3172,"date":"2020-04-28T00:00:00","date_gmt":"2020-04-28T00:00:00","guid":{"rendered":"https:\/\/www.imovirtual.com\/noticias2\/2020\/04\/28\/viver-numa-vila-tao-portuguesa-como-algueirao-mem-martins-id230\/"},"modified":"2020-04-28T00:00:00","modified_gmt":"2020-04-28T00:00:00","slug":"viver-numa-vila-tao-portuguesa-como-algueirao-mem-martins-id230","status":"publish","type":"post","link":"https:\/\/www.imovirtual.com\/noticias\/relatorio-de-precos\/viver-numa-vila-tao-portuguesa-como-algueirao-mem-martins-id230\/","title":{"rendered":"Viver numa vila t\u00e3o portuguesa como Algueir\u00e3o-Mem Martins"},"content":{"rendered":"<p class=\"css-8qfla4\">\n<p class=\"css-m5h6m0 edperro0\">\n<h1><strong>Viver numa vila t\u00e3o portuguesa como Algueir\u00e3o-Mem Martins<\/strong><\/h1>\n<p>A freguesia de Algueir\u00e3o-Mem Martins nasceu em janeiro de 1962, sendo elevada a vila em fevereiro de 1988. Pertencente ao concelho de Sintra, conta com 16.37 km2 de \u00e1rea e 66&nbsp;250 habitantes, pelos Censos 2011, realizados pelo&nbsp;<a href=\"https:\/\/www.ine.pt\/xportal\/xmain?xpgid=ine_main&amp;xpid=INE\" target=\"_blank\" rel=\"noopener\">Instituto Nacional de Estat\u00edstica<\/a>.<\/p>\n<p>Na origem do nome Algueir\u00e3o est\u00e1 a palavra \u00e1rabe \u00abal-gayr\u00e2n\u00bb, que \u00e9 plural de algar, significando caverna ou gruta. Por sua vez, estima-se que Mem Martins que ter\u00e1 origem no nome do cavaleiro medieval que viveu nesta regi\u00e3o, Martim Escorso, assim como, poder\u00e1 provir do apelido dos filhos deste cavaleiro, Martins, ou seja, \u201cfilho de Martim\u201d.<\/p>\n<p>Localizada quase no centro do concelho de Sintra, tem como limites a Norte, a Uni\u00e3o de Freguesias de Almargem do Bispo, Montelavar e P\u00earo Pinheiro, a Noroeste e a Sudoeste, a Uni\u00e3o de Freguesias de S. Pedro, St.\u00aa Maria e S\u00e3o Miguel, e S\u00e3o Martinho, a Sul, a Freguesia de Rio de Mouro e, a Este, a Uni\u00e3o de Freguesias de Queluz \u2013 Belas.<\/p>\n<p>De acordo com os dados partilhados pela&nbsp;<a href=\"https:\/\/www.jfamm.pt\/freguesia.html\" target=\"_blank\" rel=\"noopener\">Junta de Freguesia de Algueir\u00e3o Mem-Martins<\/a>, o Plano de Ordenamento Municipal do Concelho de Sintra, publicado pela respetiva&nbsp;<a href=\"https:\/\/cm-sintra.pt\/\" target=\"_blank\" rel=\"noopener\">C\u00e2mara<\/a>&nbsp;em 1991, a densidade populacional \u00e9 das maiores do concelho e o povoamento \u00e9 concentrado. A popula\u00e7\u00e3o \u00e9 relativamente equilibrada nas suas faixas et\u00e1rias.<\/p>\n<p>&nbsp;<\/p>\n<h2><strong>Existem tr\u00eas zonas distintas em Algueir\u00e3o-Mem Martins:<\/strong><\/h2>\n<ul>\n<li><strong>Zona urbana<\/strong>: Algueir\u00e3o, Mem Martins, Merc\u00eas e Tapada de Merc\u00eas;<\/li>\n<li><strong>Zona com caracter\u00edsticas rurais<\/strong>: Sacotes, Coutinho Afonso, Raposeiras, Casal da Mata, Recoveiro, Barat\u00e3, Pexiligais e Barrosa;<\/li>\n<li><strong>Zona industrial<\/strong>: Bairro de S. Carlos.<\/li>\n<\/ul>\n<p>Na vila existem ainda diversas associa\u00e7\u00f5es desportivas que abrangem diferentes modalidades como o atletismo, futebol, escalada, dan\u00e7a, karat\u00e9 e outros.<\/p>\n<p>Existem tamb\u00e9m diferentes estruturas de apoio a profissionais e associa\u00e7\u00f5es culturais, atuando nas \u00e1reas do teatro, anima\u00e7\u00e3o e recria\u00e7\u00f5es hist\u00f3ricas.<br \/>&nbsp;<\/p>\n<h2><strong>Tradi\u00e7\u00e3o saloia e hist\u00f3ria secular<\/strong><\/h2>\n<p>A Feira das Merc\u00eas \u00e9 a maior e mais caracter\u00edstica feira da regi\u00e3o saloia. Em 1771, a feira foi transferida para Oeiras por iniciativa do Rei D. Jos\u00e9 I mas, pouco depois, por ordem da Rainha D. Maria I, voltou ao lugar original.<\/p>\n<p>O recinto onde ainda hoje se realiza localiza-se na Quinta das Merc\u00eas, na zona norte da Tapada das Merc\u00eas.<\/p>\n<p>Segundo a tradi\u00e7\u00e3o, a Feira das Merc\u00eas seria herdeira de um antigo mercado \u00e1rabe de transa\u00e7\u00e3o de escravos. Contudo, n\u00e3o \u00e9 poss\u00edvel conhecer com exatid\u00e3o as suas origens, sendo que a primeira refer\u00eancia se reporta \u00e0 segunda metade do s\u00e9culo XVIII.<\/p>\n<p>Atualmente, a Feira das Merc\u00eas, perdeu grande parte das suas carater\u00edsticas. Da venda de produtos agr\u00edcolas, gado e produ\u00e7\u00e3o de lou\u00e7as artesanais, transformou-se hoje num espa\u00e7o onde se comercializam produtos sem liga\u00e7\u00e3o \u00e0 regi\u00e3o e um local de divertimento.<\/p>\n<p>No entanto, ainda \u00e9 poss\u00edvel encontrar as famosas ma\u00e7\u00e3s de Colares, as peras pardas do litoral de Sintra, as foga\u00e7as de erva-doce, o leit\u00e3o assado de Negrais e a carne de porco frita &#8220;\u00e0 moda das Merc\u00eas&#8221;, servida em frigideiras de barro, assim como, a \u00e1gua-p\u00e9, produzida pelos viticultores da regi\u00e3o.<\/p>\n<p><strong>&nbsp;<\/strong><\/p>\n<h2><strong>Acessos e mobilidade<\/strong><\/h2>\n<p>Algueir\u00e3o Mem-Martins tem os seus acessos facilitados pelas esta\u00e7\u00f5es ferrovi\u00e1rias, atrav\u00e9s da linha Lisboa \u2013 Sintra. Tem tamb\u00e9m carreiras regulares de autocarros e uma boa via rodovi\u00e1ria, permitindo um acesso f\u00e1cil e r\u00e1pido de e para a vila. Por fim, \u00e9 ainda servida pela esta\u00e7\u00e3o ferrovi\u00e1ria em Telhal, nomeadamente pela Linha do Oeste.<\/p>\n<p>&nbsp;<\/p>\n<h2><strong>4 refer\u00eancias patrimoniais de Algueir\u00e3o Mem-Martins:<\/strong><\/h2>\n<ol>\n<li><strong>Capela de Nossa Senhora da Natividade<\/strong>&nbsp;\u2013 de arquitetura cl\u00e1ssica, foi constru\u00edda nos in\u00edcios do s\u00e9culo XX. Era o principal centro religioso antes da constru\u00e7\u00e3o da nova igreja em Algueir\u00e3o.<\/li>\n<li><strong>Cruzeiro de Mem Martins<\/strong>&nbsp;\u2013 datado de 1951, assinala a passagem da imagem de Nossa Senhora de F\u00e1tima pela localidade.<\/li>\n<li><strong>Ermida de S\u00e3o Rom\u00e3o<\/strong>&nbsp;\u2013 erguida sobre uma eleva\u00e7\u00e3o, regista importantes vest\u00edgios arqueol\u00f3gicos romanos e pr\u00e9-hist\u00f3ricos. Encontra-se no limite da freguesia, afastada do centro.<\/li>\n<li><strong>Solar Pombalino da Tapada das Merc\u00eas<\/strong>&nbsp;\u2013 constru\u00eddo em 1765, a mando de Marqu\u00eas de Pombal, em plena Tapada das Merc\u00eas. Localiza-se junto \u00e0 pequena Capela de Nossa Senhora das Merc\u00eas.<\/li>\n<\/ol>\n<p>&nbsp;<\/p>\n<h2><strong>Viver em Algueir\u00e3o Mem-Martins<\/strong><\/h2>\n<p>De acordo com o estudo elaborado pelo&nbsp;<strong>Imovirtual<\/strong>&nbsp;sobre a vida nas freguesias de Portugal, numa avalia\u00e7\u00e3o sobre o concelho de Sintra, mais concretamente, sobre Algueir\u00e3o-Mem Martins, registou-se uma avalia\u00e7\u00e3o global de 3.59 em 5 pontos.<\/p>\n<p>Das avalia\u00e7\u00f5es mais positivas destacam-se os acessos (3.97), os estabelecimentos de ensino (3.80), lojas e restaurantes (3.76) e a qualidade do ar (3.68). Em seguimento, surgem os transportes p\u00fablicos (3.61), o silencio (3.46), a seguran\u00e7a (3.43) e o custo de vida (3.41). Com menor cota\u00e7\u00e3o surgiu a avalia\u00e7\u00e3o para os espa\u00e7os de lazer (2.99).<\/p>\n<p>Viver no concelho de Sintra \u00e9 uma op\u00e7\u00e3o para quem quer estar perto da capital. Todo o concelho tem excelentes alternativas para a liga\u00e7\u00e3o com Lisboa, em poucos minutos.<\/p>\n<p>Para al\u00e9m de um custo de vida mais barato, o concelho tamb\u00e9m promete uma maior qualidade de vida aos seus habitantes, distante o suficiente da azafama lisboeta.<\/p>\n<p>&nbsp;<\/p>\n<p>Se procura um im\u00f3vel para viver em Algueir\u00e3o Mem-Martins, pode encontrar no&nbsp;<a href=\"https:\/\/www.imovirtual.com\/\" target=\"_blank\" rel=\"noopener\"><strong>Imovirtual<\/strong><\/a>&nbsp;as melhores ofertas.<\/p>\n<\/p>\n<p class=\" block-img\"><img decoding=\"async\" src=\"https:\/\/www.imovirtual.com\/noticias\/wp-content\/uploads\/2022\/11\/3c23b667-0a08-4ca1-abcb-74566be5c538_Copia-de-Banners-Autores-2.png\" alt=\"Alexandre Lu\u00eds Autor Imovirtual\"><\/p>\n<h5><em>Tamb\u00e9m conhecido como &#8216;O Consultor&#8217;. Pode encontr\u00e1-lo a consultar o \u00faltimo estudo de mercado. N\u00e3o tem talento para vender, mas sabe tudo sobre Imobili\u00e1rio. Fala sobre quest\u00f5es relacionadas com o tema no Blog do Imovirtual.<\/em><\/h5>\n<\/p>\n<h4><strong>Leia tamb\u00e9m<\/strong><\/h4>\n<ul>\n<li>Os erros mais frequentes dos&nbsp;<a href=\"https:\/\/www.imovirtual.com\/noticias\/imobiliario\/os-erros-mais-frequentes-dos-novos-compradores\" target=\"_blank\" rel=\"noopener\"><strong>compradores de primeira habita\u00e7\u00e3o<\/strong><\/a><\/li>\n<li>O processo de&nbsp;<a href=\"https:\/\/www.imovirtual.com\/noticias\/imobiliario\/oito-etapas-comprar-casas\" target=\"_blank\" rel=\"noopener\"><strong>compra de um im\u00f3vel<\/strong><\/a>&nbsp;em 8 etapas<\/li>\n<li>Como escolher a&nbsp;<a href=\"https:\/\/www.imovirtual.com\/noticias\/imobiliario\/dicas-para-escolher-zona-onde-viver\" target=\"_blank\" rel=\"noopener\"><strong>zona certa para viver<\/strong><\/a><\/li>\n<\/ul>\n<\/p>\n<div class=\"css-h5fkc8\"><strong>Ultima actualiza\u00e7\u00e3o:<\/strong> 18 agosto 2021<\/div>\n","protected":false},"excerpt":{"rendered":"<p>Viver numa vila t\u00e3o portuguesa como Algueir\u00e3o-Mem Martins A freguesia de Algueir\u00e3o-Mem Martins nasceu em janeiro de 1962, sendo elevada a vila em fevereiro de 1988. Pertencente ao concelho de Sintra, conta com 16.37 km2 de \u00e1rea e 66&nbsp;250 habitantes, pelos Censos 2011, realizados pelo&nbsp;Instituto Nacional de Estat\u00edstica. Na origem do nome Algueir\u00e3o est\u00e1 a &hellip;<\/p>\n","protected":false},"author":3,"featured_media":3173,"comment_status":"closed","ping_status":"open","sticky":false,"template":"","format":"standard","meta":{"footnotes":""},"categories":[2],"tags":[],"class_list":["post-3172","post","type-post","status-publish","format-standard","has-post-thumbnail","hentry","category-relatorio-de-precos"],"_links":{"self":[{"href":"https:\/\/www.imovirtual.com\/noticias\/wp-json\/wp\/v2\/posts\/3172","targetHints":{"allow":["GET"]}}],"collection":[{"href":"https:\/\/www.imovirtual.com\/noticias\/wp-json\/wp\/v2\/posts"}],"about":[{"href":"https:\/\/www.imovirtual.com\/noticias\/wp-json\/wp\/v2\/types\/post"}],"author":[{"embeddable":true,"href":"https:\/\/www.imovirtual.com\/noticias\/wp-json\/wp\/v2\/users\/3"}],"replies":[{"embeddable":true,"href":"https:\/\/www.imovirtual.com\/noticias\/wp-json\/wp\/v2\/comments?post=3172"}],"version-history":[{"count":0,"href":"https:\/\/www.imovirtual.com\/noticias\/wp-json\/wp\/v2\/posts\/3172\/revisions"}],"wp:featuredmedia":[{"embeddable":true,"href":"https:\/\/www.imovirtual.com\/noticias\/wp-json\/wp\/v2\/media\/3173"}],"wp:attachment":[{"href":"https:\/\/www.imovirtual.com\/noticias\/wp-json\/wp\/v2\/media?parent=3172"}],"wp:term":[{"taxonomy":"category","embeddable":true,"href":"https:\/\/www.imovirtual.com\/noticias\/wp-json\/wp\/v2\/categories?post=3172"},{"taxonomy":"post_tag","embeddable":true,"href":"https:\/\/www.imovirtual.com\/noticias\/wp-json\/wp\/v2\/tags?post=3172"}],"curies":[{"name":"wp","href":"https:\/\/api.w.org\/{rel}","templated":true}]}}