{"id":3171,"date":"2020-04-28T00:00:00","date_gmt":"2020-04-28T00:00:00","guid":{"rendered":"https:\/\/www.imovirtual.com\/noticias2\/2020\/04\/28\/reabilitar-casa-para-venda-id149\/"},"modified":"2020-04-28T00:00:00","modified_gmt":"2020-04-28T00:00:00","slug":"reabilitar-casa-para-venda-id149","status":"publish","type":"post","link":"https:\/\/www.imovirtual.com\/noticias\/relatorio-de-precos\/reabilitar-casa-para-venda-id149\/","title":{"rendered":"Reabilitar casa para venda"},"content":{"rendered":"<p class=\"css-8qfla4\">\n<p class=\"css-m5h6m0 edperro0\">\n<h1><strong>Reabilitar casa para venda<\/strong><\/h1>\n<p>Pretende vender um im\u00f3vel, mas necessita de o reabilitar? Seja para uso pr\u00f3prio ou para a venda da habita\u00e7\u00e3o, a reabilita\u00e7\u00e3o urbana pode, sem d\u00favida, aumentar o valor do seu neg\u00f3cio. A informa\u00e7\u00e3o \u00e9 variada e pode alterar de cidade para cidade, portanto, conv\u00e9m informar-se primeiramente acerca de todos os benef\u00edcios, como isen\u00e7\u00f5es e descontos que est\u00e3o contemplados antes de reabilitar uma casa, principalmente no que respeita a reabilita\u00e7\u00f5es nos grandes centros urbanos.<\/p>\n<p>&nbsp;<\/p>\n<h2><strong>Sabia que existem incentivos para reabilita\u00e7\u00f5es?<\/strong><\/h2>\n<p>No que respeita a incentivos gerais sobre a reabilita\u00e7\u00e3o, podemos anotar os seguintes:<\/p>\n<ul>\n<li><strong>Isen\u00e7\u00e3o do pagamento do Imposto Municipal sobre Im\u00f3veis<\/strong>&nbsp;(IMI) por um per\u00edodo de tr\u00eas ou cinco anos, conforme a caracter\u00edstica do pr\u00e9dio;<\/li>\n<li><strong>Isen\u00e7\u00e3o do pagamento do Imposto Municipal sobre Transmiss\u00f5es Onerosas de Im\u00f3veis<\/strong>&nbsp;(IMT), na aquisi\u00e7\u00e3o de im\u00f3veis a reabilitar e isen\u00e7\u00e3o na primeira transmiss\u00e3o do im\u00f3vel findo a tarefa de reabilitar a sua casa.<\/li>\n<\/ul>\n<p>Dependendo da sua localiza\u00e7\u00e3o geogr\u00e1fica pode ainda beneficiar de outras vantagens. Por exemplo, na capital, Segundo a&nbsp;<a href=\"https:\/\/www.lisboa.pt\/\" target=\"_blank\" rel=\"noopener\">C\u00e2mara Municipal de Lisboa<\/a>, beneficiar\u00e1 de uma dedu\u00e7\u00e3o \u00e0 coleta de 30% no IRS, dos encargos suportados relacionados com o facto de reabilitar o seu im\u00f3vel.<\/p>\n<p>Uma tributa\u00e7\u00e3o \u00e0 taxa reduzida de 5% ap\u00f3s a realiza\u00e7\u00e3o das obras, tamb\u00e9m \u00e9 considerada. Em sede de IRS e IRC s\u00e3o ainda tributadas \u00e0 taxa de 10% as unidades de participa\u00e7\u00e3o nos fundos de investimento imobili\u00e1rios.<\/p>\n<p>Por fim, o&nbsp;<strong>IVA ir\u00e1 incluir-se na lista de benef\u00edcios fiscais<\/strong>&nbsp;por reabilitar a sua casa. Portanto, pode considerar:<\/p>\n<ul>\n<li>A redu\u00e7\u00e3o do IVA de 6% prevista em empreitadas de reabilita\u00e7\u00e3o urbana realizadas em im\u00f3veis ou em espa\u00e7os p\u00fablicos localizados em \u00c1rea de Reabilita\u00e7\u00e3o Urbana;<\/li>\n<li>A redu\u00e7\u00e3o do IVA de 6% no \u00e2mbito de opera\u00e7\u00f5es de requalifica\u00e7\u00e3o e reabilita\u00e7\u00e3o de reconhecido interesse p\u00fablico nacional; e, empreitadas de beneficia\u00e7\u00e3o, remodela\u00e7\u00e3o, renova\u00e7\u00e3o, restauro, repara\u00e7\u00e3o ou conserva\u00e7\u00e3o de im\u00f3veis afetos \u00e0 habita\u00e7\u00e3o.<\/li>\n<\/ul>\n<h3><\/h3>\n<h3><strong>Conhe\u00e7a os programas de apoio \u00e0 reabilita\u00e7\u00e3o de im\u00f3veis da sua regi\u00e3o<\/strong><\/h3>\n<p>Tanto na capital, em Lisboa, como na cidade do Porto as situa\u00e7\u00f5es s\u00e3o id\u00eanticas, sendo que na primeira est\u00e1 em vigor o&nbsp;<strong>Programa RE9<\/strong>&nbsp;\u2013 oferecendo nove vantagens para a reabilita\u00e7\u00e3o dos im\u00f3veis localizados na \u00c1rea de Reabilita\u00e7\u00e3o Urbana de Lisboa e, na segunda, est\u00e1 em vigor o&nbsp;<strong>Programa Viv\u2019a Baixa<\/strong>, acess\u00edvel a propriet\u00e1rios, senhorios e arrendat\u00e1rios da zona hist\u00f3rica da cidade, visando a dinamiza\u00e7\u00e3o das opera\u00e7\u00f5es de reabilita\u00e7\u00e3o de habita\u00e7\u00f5es.<\/p>\n<p>&nbsp;<\/p>\n<p>Em suma, se pretende reabilitar para vender o seu im\u00f3vel, primeiro fa\u00e7a uma pesquisa sobre os programas de reabilita\u00e7\u00e3o dispon\u00edveis e as condi\u00e7\u00f5es para a eles se candidatar e obter um financiamento. Para saber se o seu im\u00f3vel faz parte da \u00c1rea de Reabilita\u00e7\u00e3o Urbana pode consultar o site da C\u00e2mara local ou atrav\u00e9s do Portal da Habita\u00e7\u00e3o ou junto do seu Munic\u00edpio.<\/p>\n<p>Conte com o&nbsp;<a href=\"https:\/\/www.imovirtual.com\/\" target=\"_blank\" rel=\"noopener\"><strong>Imovirtual<\/strong><\/a>&nbsp;na escolha do melhor im\u00f3vel para reabilitar com o intuito de venda, garantindo-lhe o neg\u00f3cio mais rent\u00e1vel e vantajoso.<\/p>\n<\/p>\n<p class=\" block-img\"><img decoding=\"async\" src=\"https:\/\/www.imovirtual.com\/noticias\/wp-content\/uploads\/2022\/11\/3c23b667-0a08-4ca1-abcb-74566be5c538_Copia-de-Banners-Autores-2.png\" alt=\"Alexandre Lu\u00eds Autor Imovirtual\"><\/p>\n<h5><em>Tamb\u00e9m conhecido como &#8216;O Consultor&#8217;. Pode encontr\u00e1-lo a consultar o \u00faltimo estudo de mercado. N\u00e3o tem talento para vender, mas sabe tudo sobre Imobili\u00e1rio. Fala sobre quest\u00f5es relacionadas com o tema no Blog do Imovirtual.<\/em><\/h5>\n<\/p>\n<h4><strong>Leia tamb\u00e9m<\/strong><\/h4>\n<ul>\n<li><a href=\"https:\/\/www.imovirtual.com\/noticias\/imobiliario\/melhorias-simples-para-aumentar-valor-da-sua-casa\" target=\"_blank\" rel=\"noopener\"><strong>Melhorias simples<\/strong><\/a>&nbsp;que podem aumentar o valor da sua casa<\/li>\n<li><a href=\"https:\/\/www.imovirtual.com\/noticias\/imobiliario\/lei-obras-casa\" target=\"_blank\" rel=\"noopener\"><strong>Obras em casa<\/strong><\/a>: o que diz a lei<\/li>\n<li>Como escolher a&nbsp;<a href=\"https:\/\/www.imovirtual.com\/noticias\/imobiliario\/dicas-para-escolher-zona-onde-viver\" target=\"_blank\" rel=\"noopener\"><strong>zona certa para viver<\/strong><\/a><\/li>\n<\/ul>\n<\/p>\n<div class=\"css-h5fkc8\"><strong>Ultima actualiza\u00e7\u00e3o:<\/strong> 18 agosto 2021<\/div>\n","protected":false},"excerpt":{"rendered":"<p>Reabilitar casa para venda Pretende vender um im\u00f3vel, mas necessita de o reabilitar? Seja para uso pr\u00f3prio ou para a venda da habita\u00e7\u00e3o, a reabilita\u00e7\u00e3o urbana pode, sem d\u00favida, aumentar o valor do seu neg\u00f3cio. A informa\u00e7\u00e3o \u00e9 variada e pode alterar de cidade para cidade, portanto, conv\u00e9m informar-se primeiramente acerca de todos os benef\u00edcios, &hellip;<\/p>\n","protected":false},"author":3,"featured_media":0,"comment_status":"closed","ping_status":"open","sticky":false,"template":"","format":"standard","meta":{"footnotes":""},"categories":[2],"tags":[],"class_list":["post-3171","post","type-post","status-publish","format-standard","hentry","category-relatorio-de-precos"],"_links":{"self":[{"href":"https:\/\/www.imovirtual.com\/noticias\/wp-json\/wp\/v2\/posts\/3171","targetHints":{"allow":["GET"]}}],"collection":[{"href":"https:\/\/www.imovirtual.com\/noticias\/wp-json\/wp\/v2\/posts"}],"about":[{"href":"https:\/\/www.imovirtual.com\/noticias\/wp-json\/wp\/v2\/types\/post"}],"author":[{"embeddable":true,"href":"https:\/\/www.imovirtual.com\/noticias\/wp-json\/wp\/v2\/users\/3"}],"replies":[{"embeddable":true,"href":"https:\/\/www.imovirtual.com\/noticias\/wp-json\/wp\/v2\/comments?post=3171"}],"version-history":[{"count":0,"href":"https:\/\/www.imovirtual.com\/noticias\/wp-json\/wp\/v2\/posts\/3171\/revisions"}],"wp:attachment":[{"href":"https:\/\/www.imovirtual.com\/noticias\/wp-json\/wp\/v2\/media?parent=3171"}],"wp:term":[{"taxonomy":"category","embeddable":true,"href":"https:\/\/www.imovirtual.com\/noticias\/wp-json\/wp\/v2\/categories?post=3171"},{"taxonomy":"post_tag","embeddable":true,"href":"https:\/\/www.imovirtual.com\/noticias\/wp-json\/wp\/v2\/tags?post=3171"}],"curies":[{"name":"wp","href":"https:\/\/api.w.org\/{rel}","templated":true}]}}