{"id":3124,"date":"2020-11-29T00:00:00","date_gmt":"2020-11-29T00:00:00","guid":{"rendered":"https:\/\/www.imovirtual.com\/noticias2\/2020\/11\/29\/10-truques-armazenar-decoracoes-natal\/"},"modified":"2024-08-28T10:19:32","modified_gmt":"2024-08-28T10:19:32","slug":"10-truques-armazenar-decoracoes-natal","status":"publish","type":"post","link":"https:\/\/www.imovirtual.com\/noticias\/lifestyle\/10-truques-armazenar-decoracoes-natal\/","title":{"rendered":"10 truques e dicas para armazenar as decora\u00e7\u00f5es de Natal"},"content":{"rendered":"<p class=\"css-8qfla4\">\n<p class=\"css-m5h6m0 edperro0\">\n<h1><strong>10 truques e dicas para armazenar as decora\u00e7\u00f5es de Natal<\/strong><\/h1>\n<p>O advento, segundo a tradi\u00e7\u00e3o crist\u00e3, come\u00e7a no quarto domingo anterior ao 25 de dezembro, que marca o in\u00edcio do m\u00eas destinado \u00e0 prepara\u00e7\u00e3o do Natal, quando se devem por as coroas de Natal \u00e0 porta. \u00c9 o princ\u00edpio da grande festa, com mais ou menos condicionamento. E esse dia deve ser tamb\u00e9m o do come\u00e7o da prepara\u00e7\u00e3o da arruma\u00e7\u00e3o das decora\u00e7\u00f5es de Natal.&nbsp;&nbsp;<\/p>\n<p>Se se deixou levar e n\u00e3o se preparou n\u00e3o se preocupe, temos algumas dicas para as arruma\u00e7\u00f5es p\u00f3s-Natal\u00edcias.&nbsp;<\/p>\n<\/p>\n<h2><strong>10 dicas para armazenar as decora\u00e7\u00f5es de Natal<\/strong><\/h2>\n<h3><strong>Escolha espa\u00e7os&nbsp;altos<\/strong><\/h3>\n<p>Quando se trata de <a href=\"https:\/\/www.imovirtual.com\/noticias\/financas\/como-escolher-o-local-ideal-para-comprar-casa-id19.html\" target=\"_blank\" rel=\"noopener\">escolher<\/a> o local onde vai arrumar as decora\u00e7\u00f5es de Natal, lembre-se que s\u00e3o objetos para utilizar apenas uma vez no ano e, por isso, utilize o espa\u00e7o que tem nos arm\u00e1rios mais altos, e de dif\u00edcil acesso.&nbsp;<\/p>\n<p>&nbsp;<\/p>\n<h3><strong>Acondicione especialmente a \u00e1rvore de Natal<\/strong><\/h3>\n<p>O pinheiro \u00e9 uma das pe\u00e7as mais importantes da decora\u00e7\u00e3o de Natal e tamb\u00e9m da sua arruma\u00e7\u00e3o. At\u00e9 pela sua dimens\u00e3o. Depois de retirar os enfeites, feche muito bem todos os galhos e embrulhe a totalidade da \u00e1rvore com pel\u00edcula aderente antes de a colocar dentro da caixa. Mant\u00e9m-se sem p\u00f3 e ocupa menos espa\u00e7o.&nbsp;<\/p>\n<p>&nbsp;<\/p>\n<h3><strong>Cuidados com as ilumina\u00e7\u00f5es<\/strong><\/h3>\n<p>Igualmente importantes nas decora\u00e7\u00f5es de Natal s\u00e3o as ilumina\u00e7\u00f5es, as l\u00e2mpadas delicadas devem ser enroladas num, tamb\u00e9m enrolado cart\u00e3o grosso (de um caixa de cart\u00e3o que lhe sobre) para n\u00e3o ficarem emaranhadas. Envolva-as numa outra folha de cart\u00e3o e prenda com el\u00e1stico, para n\u00e3o se quebrarem.&nbsp;<\/p>\n<p>&nbsp;<\/p>\n<h3><strong>Embrulhe o pres\u00e9pio em papel jornal<\/strong><\/h3>\n<p>O pres\u00e9pio deve ser embrulhado em papel de jornal, pe\u00e7a a pe\u00e7a e colocado numa caixa resistente, de forma a nenhuma delas partirem. N\u00e3o deve ser misturado com outros materiais.&nbsp;<\/p>\n<p>&nbsp;<\/p>\n<h3><strong>Aproveite as caixas dos \u201ctake&nbsp;aways\u201d<\/strong><\/h3>\n<p>Para acomodar as ilumina\u00e7\u00f5es e para as pe\u00e7as do pres\u00e9pio nas caixas pode tamb\u00e9m aproveitar os pap\u00e9is dos presentes e as caixas dos \u201ctake&nbsp;away\u201d que sejam pedidos no m\u00eas natal\u00edcio confinado. S\u00e3o resistentes, pr\u00e1ticas e ecol\u00f3gicas.&nbsp;<\/p>\n<p>&nbsp;<\/p>\n<h3><strong>Use copos de papel para acondicionar bolas de vidro<\/strong><\/h3>\n<p>Para guardar as bolas de vidro que ainda existam, das tradi\u00e7\u00f5es de natais passados, um conselho \u00fatil e de seguran\u00e7a \u00e9&nbsp;coloc\u00e1-las&nbsp;dentro de copos de papel, mesmo que envolvidas em papel. Depois, cole os copos no fundo da caixa de cart\u00e3o ou num peda\u00e7o de cart\u00e3o a colocar no fundo da caixa pl\u00e1stica. Cada copo funciona como divis\u00e3o individual e protege os produtos mais fr\u00e1geis.&nbsp;&nbsp;<\/p>\n<p>&nbsp;<\/p>\n<h3><strong>Caixas de ovos para decora\u00e7\u00f5es mais pequenas<\/strong><\/h3>\n<p>Para decora\u00e7\u00f5es de Natal mais pequenas, as caixas de ovos de cart\u00e3o reciclado s\u00e3o uma boa op\u00e7\u00e3o. Com divis\u00f3rias e tamanhos equivalentes, servem ao mesmo tempo para proteger e ser facilmente encaixadas umas nas outras (al\u00e9m de servirem para trazer os ovos para aquele pudim inesquec\u00edvel).&nbsp;<\/p>\n<p>&nbsp;<\/p>\n<h3><strong>Como guardar as grinaldas<\/strong><\/h3>\n<p>As grinaldas ou coroas de Natal que decoram as entradas das portas devem ser delicadamente enroladas numa primeira camada de papel vegetal, para salvaguarda das cores e defesa da humidade e depois enroladas numa segunda camada de papel mais grosso.&nbsp;<\/p>\n<p>&nbsp;<\/p>\n<h3><strong>Use as caixas quadradas do bolo-rei<\/strong><\/h3>\n<p>Para arrumar as coroas de Natal o ideal \u00e9 escolher uma caixa redonda, uma caixa&nbsp;porta-bolos, por exemplo. As caixas quadradas do bolo-rei ou do&nbsp;p\u00e3o-de-l\u00f3&nbsp;tamb\u00e9m podem servir o efeito.&nbsp;&nbsp;<\/p>\n<p>&nbsp;<\/p>\n<h3><strong>Etiquetar todas as caixas<\/strong><\/h3>\n<p>\u00daltimo e organizado conselho: etiquetar todas as caixas. \u00c9 uma tarefa simples e muito \u00fatil para, daqui a um ano, talvez com outra alegria, se possam desencaixar de novo as decora\u00e7\u00f5es de Natal e facilmente recome\u00e7ar um novo advento.&nbsp;&nbsp;<\/p>\n<p>&nbsp;<\/p>\n<p>O dia em que tradicionalmente se arrumam as decora\u00e7\u00f5es de natal \u00e9 no Dia de Reis, a 6 de&nbsp;de&nbsp;janeiro. Faz\u00ea-lo de forma a salvaguard\u00e1-las em bom estado de conserva\u00e7\u00e3o e a ficarem organizadas ser\u00e1 uma boa forma de come\u00e7ar o ano.&nbsp;<\/p>\n<p class=\" block-img\"><img decoding=\"async\" src=\"https:\/\/www.imovirtual.com\/noticias\/wp-content\/uploads\/2022\/11\/af14b393-f5d1-4a75-8368-42f656903033_Copia-de-Banners-Autores-3.png\" alt=\"Maria Lu\u00edsa Autor Imovirtual\"><\/p>\n<h5><em>Maria Lu\u00edsa \u00e9 a decoradora. A paix\u00e3o pela decora\u00e7\u00e3o surgiu desde muito cedo, quando as paredes se tornaram folhas de desenho. Juntou o \u00fatil ao agrad\u00e1vel e fez da voca\u00e7\u00e3o o seu trabalho. Est\u00e1 a cargo dos temas sobre &#8216;Decora\u00e7\u00e3o&#8217; do Blog do Imovirtual.<\/em><\/h5>\n<\/p>\n<h3><strong>Veja tamb\u00e9m:<\/strong><\/h3>\n<ul>\n<li>Saiba o que \u00e9 a <a href=\"https:\/\/www.imovirtual.com\/noticias\/financas\/saiba-o-que-e-taxa-usura\" target=\"_blank\" rel=\"noopener\"><strong>taxa de usura<\/strong><\/a><\/li>\n<li><a href=\"https:\/\/www.imovirtual.com\/noticias\/financas\/os-seguros-que-devera-escolher-no-credito-habitacao\" target=\"_blank\" rel=\"noopener\"><strong>Cr\u00e9dito Habita\u00e7\u00e3o<\/strong><\/a>: IAD e ITP os seguros que dever\u00e1 escolher<\/li>\n<li>Fa\u00e7a um passeio pelas <a href=\"https:\/\/www.imovirtual.com\/noticias\/lifestyle\/faca-um-passeio-pelas-aldeias-de-xisto\" target=\"_blank\" rel=\"noopener\"><strong>Aldeias de Xisto<\/strong><\/a><\/li>\n<\/ul>\n<\/p>\n<div class=\"css-h5fkc8\"><strong>Ultima actualiza\u00e7\u00e3o:<\/strong> 18 agosto 2021<\/div>\n","protected":false},"excerpt":{"rendered":"<p>10 truques e dicas para armazenar as decora\u00e7\u00f5es de Natal O advento, segundo a tradi\u00e7\u00e3o crist\u00e3, come\u00e7a no quarto domingo anterior ao 25 de dezembro, que marca o in\u00edcio do m\u00eas destinado \u00e0 prepara\u00e7\u00e3o do Natal, quando se devem por as coroas de Natal \u00e0 porta. \u00c9 o princ\u00edpio da grande festa, com mais ou &hellip;<\/p>\n","protected":false},"author":3,"featured_media":3125,"comment_status":"closed","ping_status":"open","sticky":false,"template":"","format":"standard","meta":{"footnotes":""},"categories":[3],"tags":[],"class_list":["post-3124","post","type-post","status-publish","format-standard","has-post-thumbnail","hentry","category-lifestyle"],"_links":{"self":[{"href":"https:\/\/www.imovirtual.com\/noticias\/wp-json\/wp\/v2\/posts\/3124","targetHints":{"allow":["GET"]}}],"collection":[{"href":"https:\/\/www.imovirtual.com\/noticias\/wp-json\/wp\/v2\/posts"}],"about":[{"href":"https:\/\/www.imovirtual.com\/noticias\/wp-json\/wp\/v2\/types\/post"}],"author":[{"embeddable":true,"href":"https:\/\/www.imovirtual.com\/noticias\/wp-json\/wp\/v2\/users\/3"}],"replies":[{"embeddable":true,"href":"https:\/\/www.imovirtual.com\/noticias\/wp-json\/wp\/v2\/comments?post=3124"}],"version-history":[{"count":0,"href":"https:\/\/www.imovirtual.com\/noticias\/wp-json\/wp\/v2\/posts\/3124\/revisions"}],"wp:featuredmedia":[{"embeddable":true,"href":"https:\/\/www.imovirtual.com\/noticias\/wp-json\/wp\/v2\/media\/3125"}],"wp:attachment":[{"href":"https:\/\/www.imovirtual.com\/noticias\/wp-json\/wp\/v2\/media?parent=3124"}],"wp:term":[{"taxonomy":"category","embeddable":true,"href":"https:\/\/www.imovirtual.com\/noticias\/wp-json\/wp\/v2\/categories?post=3124"},{"taxonomy":"post_tag","embeddable":true,"href":"https:\/\/www.imovirtual.com\/noticias\/wp-json\/wp\/v2\/tags?post=3124"}],"curies":[{"name":"wp","href":"https:\/\/api.w.org\/{rel}","templated":true}]}}