{"id":3122,"date":"2021-05-19T00:00:00","date_gmt":"2021-05-19T00:00:00","guid":{"rendered":"https:\/\/www.imovirtual.com\/noticias2\/2021\/05\/19\/se-os-caes-pudessem-escolher-uma-casa\/"},"modified":"2021-05-19T00:00:00","modified_gmt":"2021-05-19T00:00:00","slug":"se-os-caes-pudessem-escolher-uma-casa","status":"publish","type":"post","link":"https:\/\/www.imovirtual.com\/noticias\/lifestyle\/se-os-caes-pudessem-escolher-uma-casa\/","title":{"rendered":"E se os c\u00e3es pudessem escolher uma casa?"},"content":{"rendered":"<p class=\"css-8qfla4\">\n<p class=\"css-m5h6m0 edperro0\">\n<h1><strong>E se os c\u00e3es pudessem escolher uma casa?<\/strong><\/h1>\n<p>N\u00e3o h\u00e1 d\u00favidas de que os animais de estima\u00e7\u00e3o s\u00e3o como fam\u00edlia. Companheiros dedicados e fi\u00e9is seguidores, os c\u00e3es s\u00e3o apelidados de &#8216;melhor amigo do Homem&#8217; e mesmo sem falarem a nossa l\u00edngua ajudam-nos em muitas situa\u00e7\u00f5es do quotidiano. Sem entendermos os seus latidos, damos por n\u00f3s a indagar muitas vezes &#8220;o que ser\u00e1 que ele est\u00e1 a dizer?&#8221;. Se os c\u00e3es pudessem falar de certeza que revelariam segredos chocantes, mas ainda estamos longe dessa descoberta. At\u00e9 l\u00e1 resta-nos questionar como seriam as coisas se os nossos bichos de estima\u00e7\u00e3o tivessem voto na mat\u00e9ria em decis\u00f5es importantes para a fam\u00edlia. Como a <a href=\"https:\/\/www.nossacasanossomundo.com\/\" target=\"_blank\" rel=\"noopener\">escolha de uma nova casa.<\/a> O que ser\u00e1 que os nossos c\u00e3es escolheriam? Baseando-nos em 6 ra\u00e7as reunimos uma lista de seis im\u00f3veis \u00e0 venda no <a href=\"https:\/\/www.imovirtual.com\/\" target=\"_blank\" rel=\"noopener\">Imovirtual<\/a> que fariam, com toda a certeza, as del\u00edcias dos nossos companheiros. Ora veja. <\/p>\n<\/p>\n<h3>Encontre <a href=\"https:\/\/www.imovirtual.com\/comprar\/\" target=\"_blank\" rel=\"noopener\"><em>aqui<\/em><\/a> todos os im\u00f3veis \u00e0 venda no Imovirtual \ud83d\udc48<\/h3>\n<\/p>\n<h2><strong>Golden Retriever<\/strong><\/h2>\n<h4>Uma casa no meio da tranquilidade, com jardim e piscina<\/h4>\n<p class=\" block-img\"><img decoding=\"async\" src=\"https:\/\/www.imovirtual.com\/noticias\/wp-content\/uploads\/2022\/11\/2acb9a37-42f1-4e84-8c6f-f3ac7228b3de_Copia-de-Sem-nome-2021-08-18T093209.130.png\" alt=\"golden retriever\"><\/p>\n<p>Quem conhece o Golden Retriever sabe que \u00e9 um c\u00e3o d\u00f3cil, af\u00e1vel e inteligente. Bastante apegado aos seus donos, gosta de socializar com outros c\u00e3es e outros animais. Por isso seria de esperar que se um c\u00e3o desta ra\u00e7a pudesse escolher uma casa o fizesse na cidade. Mas a verdade \u00e9 que o Golden Retriever \u00e9 tamb\u00e9m muito en\u00e9rgico e gosta de gastar a sua energia em terra ou na \u00e1gua &#8211; algo que n\u00e3o poderia fazer se vivesse num apartamento. Al\u00e9m disso, aprecia calma e tranquilidade. Por isso sem d\u00favida que a sua escolha recairia sobre uma casa com jardim e piscina como esta <a href=\"https:\/\/www.imovirtual.com\/pt\/anuncio\/moradia-na-exclusiva-serra-da-pescaria-nazare-silver-co-ID12xjC.html#1f0f92faaf\" target=\"_blank\" rel=\"noopener\">Moradia T3<\/a> em Famalic\u00e3o da Nazar\u00e9. No meio da serra, com vista para o mar e espa\u00e7o externo, esta seria a casa ideal para o seu amigo Golden Retriever. <\/p>\n<\/p>\n<h2><strong>Dauschund<\/strong><\/h2>\n<h4>Um pequeno apartamento moderno e acolhedor<\/h4>\n<p class=\" block-img\"><img decoding=\"async\" src=\"https:\/\/www.imovirtual.com\/noticias\/wp-content\/uploads\/2022\/11\/8fd03ffa-c600-41d8-88d0-3356e1d52c7f_Copia-de-Sem-nome-2021-08-18T093334.821.png\" alt=\"dachshund \"><\/p>\n<p>O Dachshund, o c\u00e3o salsicha tamb\u00e9m conhecido por teckel, \u00e9 muito af\u00e1vel, corajoso e curioso n\u00e3o fosse ele um c\u00e3o de ca\u00e7a com um excelente faro. \u00c9 extremamente dedicado aos tutores, da\u00ed ser considerado um c\u00e3o de guarda. Por ser um grande explorador e gostar de estar sempre ocupado,  o Dachshund escolheria uma casa numa grande cidade, como este <a href=\"https:\/\/www.imovirtual.com\/pt\/anuncio\/apartamento-t1-renovado-e-mobilado-com-varanda-no-centro-ID13O8S.html#14cc8545ef\" target=\"_blank\" rel=\"noopener\">Apartamento T1<\/a> em Cedofeita no Porto. Sair \u00e0 rua seria sempre uma aventura e uma casa pequena seria certamente a sua op\u00e7\u00e3o para facilitar as suas pernas baixas, a ajud\u00e1-lo a chegar mais facilmente aos lugares e a descobrir novos esconderijos para investigar. <\/p>\n<\/p>\n<h2><strong>Pitbull<\/strong><\/h2>\n<h3>Uma moradia espa\u00e7osa com churrasqueira<\/h3>\n<p class=\" block-img\"><img decoding=\"async\" src=\"https:\/\/www.imovirtual.com\/noticias\/wp-content\/uploads\/2022\/11\/c65e8814-c241-4639-8c64-d40e3362bba7_Copia-de-Sem-nome-2021-08-18T093457.395.png\" alt=\"pitbull c\u00e3o\"><\/p>\n<p>Tem fama de ser agressivo mas, na verdade \u00e9 um c\u00e3o extremamente d\u00f3cil, especialmente com crian\u00e7as. O Pitbull \u00e9 atl\u00e9tico, veloz e det\u00e9m um f\u00edsico bastante robusto, sendo que por isso necessita de se exercitar. Al\u00e9m disso, s\u00e3o extremamente leais, inteligentes e energ\u00e9ticos. Por isso \u00e9 l\u00f3gico que se este c\u00e3o pudesse escolher um im\u00f3vel elegia uma casa com grandes \u00e1reas, como esta <a href=\"https:\/\/www.imovirtual.com\/pt\/anuncio\/moradia-t4-1-com-piscina-em-lote-de-4000m2-lagoa-ID15L5F.html#3aa91b8a8d\" target=\"_blank\" rel=\"noopener\">Moradia T4+1<\/a> em Lagoa, Faro. Com jardim e piscina, n\u00e3o faltaria espa\u00e7o para correr e exercitar-se. E o melhor de tudo \u00e9 que esta casa conta ainda com churrasqueira, para eventuais petiscos. <\/p>\n<\/p>\n<h2><strong>Beagle<\/strong><\/h2>\n<h3>Um apartamento na cidade para que n\u00e3o faltem espa\u00e7os para explorar<\/h3>\n<p class=\" block-img\"><img decoding=\"async\" src=\"https:\/\/www.imovirtual.com\/noticias\/wp-content\/uploads\/2022\/11\/dd5563c6-8df7-4470-a481-4748ffd8f27d_Copia-de-Sem-nome-2021-08-18T093408.302.png\" alt=\"beagle\"><\/p>\n<p>Teimoso, aventureiro e en\u00e9rgico por natureza, o Beagle \u00e9 tal como o Dachshund um c\u00e3o de ca\u00e7a. \u00c9 capaz de passar horas a farejar ou a brincar com os tutor. H\u00e1 apenas um momento de pausa para o c\u00e3o desta ra\u00e7a: a hora da refei\u00e7\u00e3o. D\u00e3o-se bem em apartamentos mas precisam de gastar toda a sua energia durante o dia. Por isso, este <a href=\"https:\/\/www.imovirtual.com\/pt\/anuncio\/apartamento-t2-duplex-porto-ID15K65.html#987d7eabff\" target=\"_blank\" rel=\"noopener\">Apartamento T2 Duplex<\/a> no Porto, com espa\u00e7o exterior <a href=\"https:\/\/www.imovirtual.com\/noticias\/lifestyle\/tres-reis-uma-rainha-episodio-dois\" target=\"_blank\" rel=\"noopener\">seria a<\/a> escolha do Beagle se pudesse eleger uma casa. Nunca lhe faltaria espa\u00e7o e nas suas caminhadas teria muito para explorar. <\/p>\n<\/p>\n<h2><strong>Pastor Alem\u00e3o<\/strong><\/h2>\n<h3>Uma grande moradia para proteger<\/h3>\n<p class=\" block-img\"><img decoding=\"async\" src=\"https:\/\/www.imovirtual.com\/noticias\/wp-content\/uploads\/2022\/11\/01192dbf-8c52-4e55-a487-ba12ecccc9a9_Copia-de-Sem-nome-2021-08-18T093516.383.png\" alt=\"pastor alem\u00e3o\"><\/p>\n<p>O Pastor Alem\u00e3o mais conhecido em Portugal como <a href=\"https:\/\/tvi.iol.pt\/inspetormax\/quem-e-quem\" target=\"_blank\" rel=\"noopener\">Inspetor Max<\/a> devido \u00e0 s\u00e9rie da TVI, \u00e9 a ra\u00e7a mais utilizada pelas for\u00e7as de seguran\u00e7a. Extremamente inteligentes, obedientes e territoriais s\u00e3o excelentes c\u00e3es de guarda e est\u00e3o sempre alerta para eventuais situa\u00e7\u00f5es de perigo. Fieis ao seu dono, gostam muito de brincar e como t\u00eam bastante energia, necessitam de espa\u00e7o para se exercitar. Por isso, um Pastor Alem\u00e3o iria certamente eleger esta <a href=\"https:\/\/www.imovirtual.com\/pt\/anuncio\/moradia-t4-de-luxo-tomar-mainstreet-house-ID15MpK.html#1990c837db\" target=\"_blank\" rel=\"noopener\">Moradia T4<\/a> em Tomar com grandes \u00e1reas para explorar e proteger. <\/p>\n<\/p>\n<h2><strong>Bulldog Franc\u00eas<\/strong><\/h2>\n<h3>Uma sossegada vista para o mar<\/h3>\n<p class=\" block-img\"><img decoding=\"async\" src=\"https:\/\/www.imovirtual.com\/noticias\/wp-content\/uploads\/2022\/11\/433520e4-e0ea-4114-969f-92df77019a61_Copia-de-Sem-nome-2021-08-18T093431.008.png\" alt=\"bulldog franc\u00eas\"><\/p>\n<p>Gosta de viver em apartamentos e n\u00e3o dispensa uma boa tarde de descanso. O Bulldog Franc\u00eas \u00e9 tranquilo e fiel aos seus donos. S\u00f3 ir\u00e1 ladrar em caso de necessidade extrema. N\u00e3o gosta muito de calor e ao contr\u00e1rio da maioria das ra\u00e7as que falamos aqui \u00e9 extremamente pachorrento e pouco en\u00e9rgico. Por isso tem tend\u00eancia a engordar quando n\u00e3o estimulado para a atividade f\u00edsica. Assim, se um Bulldog Franc\u00eas pudesse opinar relativamente \u00e0 escolha de uma casa optaria por este <a href=\"https:\/\/www.imovirtual.com\/pt\/anuncio\/fabuloso-t4-no-casino-do-estoril-com-terraco-e-vista-mar-ID15tA0.html#091b7e88df\" target=\"_blank\" rel=\"noopener\">Apartamento T4<\/a> no Estoril, com vista para o mar e varanda. O local ideal para passar uma tarde a relaxar. <strong><br \/><\/strong><\/p>\n<p class=\" block-img\"><img decoding=\"async\" src=\"https:\/\/www.imovirtual.com\/noticias\/wp-content\/uploads\/2022\/11\/bd5974cf-f0b2-4813-a690-c8359669947e_Copia-de-Banners-Autores.png\" alt=\"Ana Catarina Autor Imovirtual\"><\/p>\n<h5><em>Ana Catarina \u00e9 a mi\u00fada das tend\u00eancias. Gosta de ficar em casa a perder-se pelas p\u00e1ginas de um livro, mas tamb\u00e9m n\u00e3o dispensa um caf\u00e9 tardio com os amigos. Est\u00e1 sempre \u00e0 procura do \u00faltimo grito em Lifestyle para revelar no Blog do Imovirtual.<\/em><\/h5>\n<\/p>\n<h4><strong>Veja tamb\u00e9m<\/strong><\/h4>\n<ul>\n<li><a href=\"https:\/\/www.imovirtual.com\/noticias\/lifestyle\/plantas-repelentes-de-insetos\" target=\"_blank\" rel=\"noopener\"><strong>Plantas<\/strong><\/a> repelentes de insetos<\/li>\n<li><a href=\"https:\/\/www.imovirtual.com\/noticias\/lifestyle\/o-que-semear-e-plantar-durante-a-primavera\" target=\"_blank\" rel=\"noopener\"><strong>O que semear e plantar<\/strong><\/a> durante a Primavera<\/li>\n<li>Proteja a sua casa da <a href=\"https:\/\/www.imovirtual.com\/noticias\/lifestyle\/proteja-a-sua-casa-da-humidade-com-estas-dicas\" target=\"_blank\" rel=\"noopener\"><strong>humidade<\/strong><\/a> com estas dicas<\/li>\n<\/ul>\n<\/p>\n<div class=\"css-h5fkc8\"><strong>Ultima actualiza\u00e7\u00e3o:<\/strong> 18 agosto 2021<\/div>\n","protected":false},"excerpt":{"rendered":"<p>E se os c\u00e3es pudessem escolher uma casa? N\u00e3o h\u00e1 d\u00favidas de que os animais de estima\u00e7\u00e3o s\u00e3o como fam\u00edlia. Companheiros dedicados e fi\u00e9is seguidores, os c\u00e3es s\u00e3o apelidados de &#8216;melhor amigo do Homem&#8217; e mesmo sem falarem a nossa l\u00edngua ajudam-nos em muitas situa\u00e7\u00f5es do quotidiano. Sem entendermos os seus latidos, damos por n\u00f3s &hellip;<\/p>\n","protected":false},"author":3,"featured_media":3123,"comment_status":"closed","ping_status":"open","sticky":false,"template":"","format":"standard","meta":{"footnotes":""},"categories":[3],"tags":[],"class_list":["post-3122","post","type-post","status-publish","format-standard","has-post-thumbnail","hentry","category-lifestyle"],"_links":{"self":[{"href":"https:\/\/www.imovirtual.com\/noticias\/wp-json\/wp\/v2\/posts\/3122","targetHints":{"allow":["GET"]}}],"collection":[{"href":"https:\/\/www.imovirtual.com\/noticias\/wp-json\/wp\/v2\/posts"}],"about":[{"href":"https:\/\/www.imovirtual.com\/noticias\/wp-json\/wp\/v2\/types\/post"}],"author":[{"embeddable":true,"href":"https:\/\/www.imovirtual.com\/noticias\/wp-json\/wp\/v2\/users\/3"}],"replies":[{"embeddable":true,"href":"https:\/\/www.imovirtual.com\/noticias\/wp-json\/wp\/v2\/comments?post=3122"}],"version-history":[{"count":0,"href":"https:\/\/www.imovirtual.com\/noticias\/wp-json\/wp\/v2\/posts\/3122\/revisions"}],"wp:featuredmedia":[{"embeddable":true,"href":"https:\/\/www.imovirtual.com\/noticias\/wp-json\/wp\/v2\/media\/3123"}],"wp:attachment":[{"href":"https:\/\/www.imovirtual.com\/noticias\/wp-json\/wp\/v2\/media?parent=3122"}],"wp:term":[{"taxonomy":"category","embeddable":true,"href":"https:\/\/www.imovirtual.com\/noticias\/wp-json\/wp\/v2\/categories?post=3122"},{"taxonomy":"post_tag","embeddable":true,"href":"https:\/\/www.imovirtual.com\/noticias\/wp-json\/wp\/v2\/tags?post=3122"}],"curies":[{"name":"wp","href":"https:\/\/api.w.org\/{rel}","templated":true}]}}