{"id":3106,"date":"2020-04-28T00:00:00","date_gmt":"2020-04-28T00:00:00","guid":{"rendered":"https:\/\/www.imovirtual.com\/noticias2\/2020\/04\/28\/lisboa-misericordia-id200\/"},"modified":"2020-04-28T00:00:00","modified_gmt":"2020-04-28T00:00:00","slug":"lisboa-misericordia-id200","status":"publish","type":"post","link":"https:\/\/www.imovirtual.com\/noticias\/relatorio-de-precos\/lisboa-misericordia-id200\/","title":{"rendered":"Lisboa: Miseric\u00f3rdia"},"content":{"rendered":"<p class=\"css-8qfla4\">\n<p class=\"css-m5h6m0 edperro0\">\n<h1><strong>Tudo sobre a freguesia de Miseric\u00f3rdia em Lisboa<\/strong><\/h1>\n<p>Diretamente na zona do centro hist\u00f3rico da capital portuguesa, encontra-se a freguesia da Miseric\u00f3rdia. Com uma \u00e1rea de 2.19km2, a Miseric\u00f3rdia tem cerca de 13.044 habitantes.<\/p>\n<p>No \u00e2mbito da reorganiza\u00e7\u00e3o administrativa de Lisboa no ano de 2012, deu-se a agrega\u00e7\u00e3o das antigas freguesias da Encarna\u00e7\u00e3o, Merc\u00eas, Santa Catarina e S\u00e3o Paulo, dando ent\u00e3o lugar \u00e0 freguesia da Miseric\u00f3rdia.<\/p>\n<p>&nbsp;<\/p>\n<h2><strong>As origens por tr\u00e1s da nova freguesia<\/strong><\/h2>\n<p>A freguesia, resultante da uni\u00e3o de quatro antigas freguesias da capital, teve o seu nome devido \u00e0 presen\u00e7a da sede da Santa Casa da Miseric\u00f3rdia de Lisboa no seu territ\u00f3rio.<\/p>\n<p>A atual Miseric\u00f3rdia acolheu, durante s\u00e9culos, as casas de diversas institui\u00e7\u00f5es religiosas de apoio \u00e0 inf\u00e2ncia. Com a irradia\u00e7\u00e3o dos jesu\u00edtas, as casas de Companhia de Jesus foram doadas \u00e0 Santa Casa da Miseric\u00f3rdia.<\/p>\n<p>Os Descobrimentos tiveram influ\u00eancia nas atividades mar\u00edtimas da freguesia. No entanto, s\u00f3 ap\u00f3s o terramoto de 1755 e da reconstru\u00e7\u00e3o de Lisboa, \u00e9 que foi criado o Cais do Sodr\u00e9.<\/p>\n<p>Os in\u00fameros pal\u00e1cios como o Pal\u00e1cio Cunhal das Bolas, Alvito, Almada Carvalhais, Marqu\u00eas de Ficalho, Conde de Lumiares, Marqu\u00eas das Minas, Bichinho de Conta, Ludovice e Condes de Tomar, entre outros, marcam a presen\u00e7a da nobreza no territ\u00f3rio.<\/p>\n<p>Acredita-se ainda que a Miseric\u00f3rdia foi a zona onde se encontraram um elevado n\u00famero de artistas e intelectuais da cidade, como Sebasti\u00e3o Jos\u00e9 de Carvalho e Melo, Manuel Maria Barbosa du Bocage, Almeida Garrett, Alexandre Herculano, Camilo Castelo Branco, Ramalho Ortig\u00e3o, entre outros.<\/p>\n<p>Foi tamb\u00e9m na Miseric\u00f3rdia que se instalaram v\u00e1rios \u00f3rg\u00e3os da imprensa nacional, como o Di\u00e1rio de Not\u00edcias, o Revolu\u00e7\u00e3o de Lisboa, o Mundo e o S\u00e9culo, s\u00e3o alguns dos exemplos que ocuparam pal\u00e1cios devolutos na freguesia.<\/p>\n<p>&nbsp;<\/p>\n<h2><strong>Pontos tur\u00edsticos da ic\u00f3nica Miseric\u00f3rdia<\/strong><\/h2>\n<ul>\n<li><strong>Ascensor da Gl\u00f3ria<\/strong>&nbsp;&#8211; a data do in\u00edcio do seu funcionamento remonta a outubro de 1885. Conecta a Pra\u00e7a dos Restauradores com a rua S\u00e3o Pedro de Alc\u00e2ntara no Bairro Alto. No topo, \u00e9 poss\u00edvel usufruir de uma vista excecional sobre Lisboa;<\/li>\n<li><strong>Ascensor da Bica<\/strong>&nbsp;&#8211; A sua inaugura\u00e7\u00e3o data de 1892. Percorre a Rua da Bica de Duarte Belo, para subir do Cais de Sodr\u00e9 ao Bairro Alto, e \u00e9 dos funiculares mais utilizados da cidade;<\/li>\n<li><a href=\"https:\/\/www.timeoutmarket.com\/lisboa\/\"><strong>Mercado da Ribeira<\/strong><\/a>&nbsp;&#8211; tamb\u00e9m conhecido por Mercado 24 de julho, \u00e9 o principal mercado de Lisboa e remonta ao ano de 1892, quando foi inaugurado com um interior em ferro e uma grande c\u00fapula de inspira\u00e7\u00e3o oriental; Este disp\u00f5e de&nbsp;26 restaurantes, 8 bares, mais de uma dezena de espa\u00e7os comerciais e uma sala de espect\u00e1culos, acompanhados por alguns dos vendedores de carne, peixe, fruta e flores<\/li>\n<li><strong>Miradouro de S\u00e3o Pedro de Alc\u00e2ntara<\/strong>&nbsp;&#8211; o projeto original remonta ao s\u00e9culo XVIII, onde o Rei D. Jo\u00e3o V mandou construir uma muralha com 20 metros de altura nos terrenos de S\u00e3o Pedro de Alc\u00e2ntara.<\/li>\n<li>O jardim, localizado perto do Bairro Alto, tem um pequeno lago e um miradouro, que oferece uma imponente vista sobre o leste de Lisboa avistando-se parte da zona Baixa de Lisboa e da margem sul do rio Tejo.<\/li>\n<li><strong>Miradouro de Santa Catarina<\/strong>&nbsp;&#8211; tamb\u00e9m como miradouro de Adamastor, situa-se numa das sete colinas de Lisboa.<\/li>\n<li>J\u00e1 nos s\u00e9culos XVI a XVIII, apreciava-se a movimenta\u00e7\u00e3o de navios, sendo um deles a imponente partida da fam\u00edlia real portuguesa para o Brasil, surgindo assim o prol\u00f3quio popular \u201cver navios do alto de Santa Catarina\u201d.<\/li>\n<li><strong>Bairro<\/strong>&nbsp;<strong>Alto&nbsp;<\/strong>\u2013 trata-se de um bairro antigo e pitoresco no centro da capital, com ruas estreitas, empedradas, casas seculares, pequeno com\u00e9rcio tradicional, restaurantes e famoso pela vida noturna que oferece. \u00c9, desde os anos 80, a zona mais conhecida da cidade.<\/li>\n<li><strong>Cais do Sodr\u00e9&nbsp;<\/strong>&#8211; outrora chegou a ser o ponto de encontro entre marinheiros que chegavam em Lisboa. Tamb\u00e9m j\u00e1 sofreu com m\u00e1 fama, sendo associado a locais de prostitui\u00e7\u00e3o e drogas da cidade. Atualmente, \u00e9 um dos bairros mais procurados na noite lisboeta e abriga muitas boates da moda.<\/li>\n<\/ul>\n<p><strong>&nbsp;<\/strong><\/p>\n<h2><strong>O que dizem os moradores da Miseric\u00f3rdia?<\/strong><\/h2>\n<p>De acordo com os dados recolhidos atrav\u00e9s do estudo do&nbsp;<strong>Imovirtual<\/strong>, constatou-se uma avalia\u00e7\u00e3o geral de 3.57 em 5 valores. Com pontua\u00e7\u00e3o mais elevada encontram-se a oferta de lojas e restaurantes (3.96), seguido da rede de transportes p\u00fablicos dispon\u00edveis (3.85) e a seguran\u00e7a (3.59). Pelo estudo mencionado e pelo facto da freguesia se encontrar no centro hist\u00f3rico, os acessos (3.40) est\u00e3o facilitados<\/p>\n<p>&nbsp;<\/p>\n<p>Se procura um im\u00f3vel para viver na Miseric\u00f3rdia, saiba que no&nbsp;<a href=\"https:\/\/www.imovirtual.com\/\" target=\"_blank\" rel=\"noopener\">Imovirtual<\/a>&nbsp;encontra as melhores ofertas.<\/p>\n<p class=\" block-img\"><img decoding=\"async\" src=\"https:\/\/www.imovirtual.com\/noticias\/wp-content\/uploads\/2022\/11\/3c23b667-0a08-4ca1-abcb-74566be5c538_Copia-de-Banners-Autores-2.png\" alt=\"Alexandre Lu\u00eds Autor Imovirtual\"><\/p>\n<h5><em>Tamb\u00e9m conhecido como &#8216;O Consultor&#8217;. Pode encontr\u00e1-lo a consultar o \u00faltimo estudo de mercado. N\u00e3o tem talento para vender, mas sabe tudo sobre Imobili\u00e1rio. Fala sobre quest\u00f5es relacionadas com o tema no Blog do Imovirtual.<\/em><\/h5>\n<\/p>\n<h4><strong>Leia tamb\u00e9m<\/strong><\/h4>\n<ul>\n<li>Lisboa:&nbsp;<a href=\"https:\/\/www.imovirtual.com\/noticias\/imoblog\/lisboa-santa-maria-maior-freguesia-de-tradicoes-id101.html\" target=\"_blank\" rel=\"noopener\"><strong>Santa Maria Maior&nbsp;<\/strong><\/a>uma freguesia de Tradi\u00e7\u00f5es<\/li>\n<li><a href=\"https:\/\/www.imovirtual.com\/noticias\/imobiliario\/casas-em-lisboa-comprar-moradia-ou-apartamento\" target=\"_blank\" rel=\"noopener\"><strong>Casas em Lisboa<\/strong><\/a>&nbsp;\u2013 Onde Comprar Moradia ou Apartamento?<\/li>\n<li>Lisboa:&nbsp;<a href=\"https:\/\/www.imovirtual.com\/noticias\/imoblog\/lisboa-alvalade-id89.html\" target=\"_blank\" rel=\"noopener\"><strong>Alvalade<\/strong><\/a>\n<\/li>\n<\/ul>\n<\/p>\n<div class=\"css-h5fkc8\"><strong>Ultima actualiza\u00e7\u00e3o:<\/strong> 18 agosto 2021<\/div>\n","protected":false},"excerpt":{"rendered":"<p>Tudo sobre a freguesia de Miseric\u00f3rdia em Lisboa Diretamente na zona do centro hist\u00f3rico da capital portuguesa, encontra-se a freguesia da Miseric\u00f3rdia. Com uma \u00e1rea de 2.19km2, a Miseric\u00f3rdia tem cerca de 13.044 habitantes. No \u00e2mbito da reorganiza\u00e7\u00e3o administrativa de Lisboa no ano de 2012, deu-se a agrega\u00e7\u00e3o das antigas freguesias da Encarna\u00e7\u00e3o, Merc\u00eas, Santa &hellip;<\/p>\n","protected":false},"author":3,"featured_media":3107,"comment_status":"closed","ping_status":"open","sticky":false,"template":"","format":"standard","meta":{"footnotes":""},"categories":[2],"tags":[],"class_list":["post-3106","post","type-post","status-publish","format-standard","has-post-thumbnail","hentry","category-relatorio-de-precos"],"_links":{"self":[{"href":"https:\/\/www.imovirtual.com\/noticias\/wp-json\/wp\/v2\/posts\/3106","targetHints":{"allow":["GET"]}}],"collection":[{"href":"https:\/\/www.imovirtual.com\/noticias\/wp-json\/wp\/v2\/posts"}],"about":[{"href":"https:\/\/www.imovirtual.com\/noticias\/wp-json\/wp\/v2\/types\/post"}],"author":[{"embeddable":true,"href":"https:\/\/www.imovirtual.com\/noticias\/wp-json\/wp\/v2\/users\/3"}],"replies":[{"embeddable":true,"href":"https:\/\/www.imovirtual.com\/noticias\/wp-json\/wp\/v2\/comments?post=3106"}],"version-history":[{"count":0,"href":"https:\/\/www.imovirtual.com\/noticias\/wp-json\/wp\/v2\/posts\/3106\/revisions"}],"wp:featuredmedia":[{"embeddable":true,"href":"https:\/\/www.imovirtual.com\/noticias\/wp-json\/wp\/v2\/media\/3107"}],"wp:attachment":[{"href":"https:\/\/www.imovirtual.com\/noticias\/wp-json\/wp\/v2\/media?parent=3106"}],"wp:term":[{"taxonomy":"category","embeddable":true,"href":"https:\/\/www.imovirtual.com\/noticias\/wp-json\/wp\/v2\/categories?post=3106"},{"taxonomy":"post_tag","embeddable":true,"href":"https:\/\/www.imovirtual.com\/noticias\/wp-json\/wp\/v2\/tags?post=3106"}],"curies":[{"name":"wp","href":"https:\/\/api.w.org\/{rel}","templated":true}]}}