{"id":3103,"date":"2021-08-22T00:00:00","date_gmt":"2021-08-22T00:00:00","guid":{"rendered":"https:\/\/www.imovirtual.com\/noticias2\/2021\/08\/22\/casas-em-guimaraes\/"},"modified":"2024-08-28T10:29:40","modified_gmt":"2024-08-28T10:29:40","slug":"casas-em-guimaraes","status":"publish","type":"post","link":"https:\/\/www.imovirtual.com\/noticias\/imobiliario\/casas-em-guimaraes\/","title":{"rendered":"Oportunidades de Im\u00f3veis em Guimar\u00e3es"},"content":{"rendered":"<p class=\"css-8qfla4\">\n<p class=\"css-m5h6m0 edperro0\">\n<h1><strong>Casas em Guimar\u00e3es<\/strong><\/h1>\n<p>&#8220;Aqui nasceu Portugal&#8221;: a cidade ber\u00e7o \u00e9 uma verdadeira caixinha de surpresas. Localizada a norte, entre o <a href=\"https:\/\/www.imovirtual.com\/comprar\/apartamento\/porto\/?search%5Bregion_id%5D=13&amp;search%5Bsubregion_id%5D=190\" target=\"_blank\" rel=\"noopener\">Porto<\/a> e <a href=\"https:\/\/www.imovirtual.com\/comprar\/apartamento\/braga\/?search%5Bregion_id%5D=3&amp;search%5Bsubregion_id%5D=36\" target=\"_blank\" rel=\"noopener\">Braga<\/a>, \u00e9 um local de tradi\u00e7\u00e3o e hist\u00f3ria, mas tamb\u00e9m, de modernidade. Reza a lenda que ter\u00e1 sido em Guimar\u00e3es que nasceu e foi coroado, <a href=\"https:\/\/www.imovirtual.com\/noticias\/lifestyle\/tres-reis-uma-rainha-episodio-um\" target=\"_blank\" rel=\"noopener\">D. Afonso Henriques<\/a>, o primeiro Rei de Portugal, e as refer\u00eancias ao monarca e ao seu legado est\u00e3o um pouco por toda a cidade. Certo \u00e9 que, a cidade preservou muito da sua aura medieval, sendo que em 2001 foi o seu centro hist\u00f3rico foi agraciado com o t\u00edtulo <strong>Patrim\u00f3nio Mundial pela UNESCO <\/strong>pela forma como recuperou o <strong>legado arquitet\u00f3nico e hist\u00f3rico medieval<\/strong>. <\/p>\n<p>Guimar\u00e3es \u00e9 uma cidade muito completa: al\u00e9m da forte componente tur\u00edstica por conta do seu t\u00edtulo, conta com v\u00e1rias infra-estruturas para satisfazer todos aqueles que nela habitam e visitam. A n\u00edvel de com\u00e9rcio, v\u00e1rias s\u00e3o as lojas de com\u00e9rcio de rua que habitam no centro da cidade, mas quem aprecia compras em massa, pode sempre visitar o Guimar\u00e3esShopping. Supermercados e hipermercados por l\u00e1 n\u00e3o faltam, assim como caf\u00e9s, restaurantes e esplandas para acolher os milhares de turistas e locais que circulam na cidade diariamente. <\/p>\n<p>No que toca a transportes, a cidade \u00e9 servida pela esta\u00e7\u00e3o de comboios da CP e v\u00e1rias linhas de autocarro das demais operadoras. Se pretende chegar a Guiimar\u00e3es de carro pode contar com a possibilidade de o fazer por meio de quatro autoestradas: a partir do Porto a A7 e A3; de Braga a A11; e <a href=\"https:\/\/www.imovirtual.com\/comprar\/apartamento\/lisboa\/?search%5Bregion_id%5D=11\" target=\"_blank\" rel=\"noopener\">Lisboa<\/a> a A3, A7 e A1. <\/p>\n<p>Alguns dos pontos de interesse de Guimar\u00e3es de paragem obrigat\u00f3ria s\u00e3o o Castelo, o Pal\u00e1cio Duques de Bragan\u00e7a, a Igreja de S\u00e3o Miguel, o Telef\u00e9rico, e a Muralha no Largo do Toural onde se localiza a Torre da Alf\u00e2ndega e a c\u00e9lebre frase &#8220;Aqui nasceu Portugal&#8221;. A cidade tem mais tro\u00e7os de muralhas, mas esta \u00e9 sem d\u00favida a mais conhecida. <\/p>\n<p>A n\u00edvel de im\u00f3veis, a oferta tamb\u00e9m \u00e9 extensa. Se est\u00e1 \u00e0 procura de casa em Guimar\u00e3es, fique a conhecer alguns dos an\u00fancios dispon\u00edveis no <a href=\"https:\/\/www.imovirtual.com\/\" target=\"_blank\" rel=\"noopener\">Imovirtual<\/a>. <\/p>\n<\/p>\n<h2><strong>Para comprar<\/strong><\/h2>\n<\/p>\n<h3><strong>APARTAMENTOS<\/strong><\/h3>\n<h4>Encontre aqui todos os an\u00fancios de&nbsp;<a href=\"https:\/\/www.imovirtual.com\/comprar\/apartamento\/guimaraes\/?search%5Bregion_id%5D=3&amp;search%5Bsubregion_id%5D=41\" target=\"_blank\" rel=\"noopener\">apartamentos para comprar em Guimar\u00e3es<\/a>&nbsp;dispon\u00edveis no Imovirtual.<\/h4>\n<\/p>\n<h3><strong>Apartamento T1<\/strong><\/h3>\n<p>125 000 \u20ac<\/p>\n<p class=\" block-img\"><img decoding=\"async\" src=\"https:\/\/www.imovirtual.com\/noticias\/wp-content\/uploads\/2022\/11\/ca5dd89e-ec53-4897-8ab0-7391c8ce0208_t1.png\" alt=\"apartamento t1 para comprar em guimar\u00e3es\"><\/p>\n<p><a href=\"https:\/\/www.imovirtual.com\/pt\/anuncio\/apartamento-t1-em-fermentoes-ID13LPh.html#495f0cae48\" target=\"_blank\" rel=\"noopener\"><strong>Apartamento T1<\/strong><\/a> localizado junto aos principais acessos da cidade. Cozinha mobilada e equipada, com placa, forno , exaustor e frigor\u00edfico. Quarto suite.<\/p>\n<h3><strong>Apartamento T2<\/strong><\/h3>\n<p>280 000 \u20ac<\/p>\n<p class=\" block-img\"><img decoding=\"async\" src=\"https:\/\/www.imovirtual.com\/noticias\/wp-content\/uploads\/2022\/11\/d9f797e3-08b7-4508-af0b-2552651bef83_t2.png\" alt=\"apartamento t2 para comprar em guimar\u00e3es\"><\/p>\n<p><a href=\"https:\/\/www.imovirtual.com\/pt\/anuncio\/apartamento-t2-cobertura-venda-creixomil-guimaraes-ID15FwS.html#a55efb2105\" target=\"_blank\" rel=\"noopener\"><strong>Apartamento T2<\/strong><\/a> com cozinha&nbsp;mobilada e equipada com placa el\u00e9trica, forno, exaustor, m\u00e1quina de lavar loi\u00e7a, frigor\u00edfico, arm\u00e1rios em Termolaminado e&nbsp; Lacado; sala Comum com Lareira; WC Servi\u00e7o; Duas Suites com wc privado e roupeiros embutidos lacados; Varanda; Terra\u00e7o com&nbsp;24 m2 ( Cobertura ) e&nbsp;Churrasqueira; Lugar de Garagem com 22 m2.<\/p>\n<\/p>\n<h3><strong>Apartamento T3<\/strong><\/h3>\n<p>255 000 \u20ac<\/p>\n<p class=\" block-img\"><img decoding=\"async\" src=\"https:\/\/www.imovirtual.com\/noticias\/wp-content\/uploads\/2022\/11\/8a267095-0f7f-4b74-9bc1-97162fc6033d_t3.png\" alt=\"apartamento t3 para comprar em guimar\u00e3es\"><\/p>\n<p><a href=\"https:\/\/www.imovirtual.com\/pt\/anuncio\/cidade-berco-residences-t3-centro-ID15P2E.html#a55efb2105\" target=\"_blank\" rel=\"noopener\"><strong>Apartamento T3<\/strong><\/a> composto por: hall de entrada; corredores; sala comum; WC de Servi\u00e7o; m\u00f3veis de cozinha tipo italiano, de design moderno;<br \/>cozinha equipada com electrodom\u00e9sticos &#8220;Franke&#8221; (placa de indu\u00e7\u00e3o, forno, microondas, exaustor); 1 suite; 2 quartos; WC comum; lavandaria; terra\u00e7o com 73m2.<\/p>\n<h3><strong><br \/>Apartamento T4<\/strong><\/h3>\n<p>310 990 \u20ac<\/p>\n<p class=\" block-img\"><img decoding=\"async\" src=\"https:\/\/www.imovirtual.com\/noticias\/wp-content\/uploads\/2022\/11\/bfa1b7c1-bafe-47ca-aa7d-524731767700_t4.png\" alt=\"apartamento t4 para comprar em guimar\u00e3es\"><\/p>\n<p><a href=\"https:\/\/www.imovirtual.com\/pt\/anuncio\/magnifico-apartamento-t4-na-cidade-de-guimaraes-ID12ceP.html#a55efb2105\" target=\"_blank\" rel=\"noopener\"><strong>Apartamento T4<\/strong><\/a> com 125m2 de \u00e1rea localizado numa das principais avenidas da cidade, disp\u00f5e de acabamentos e materiais de qualidade. Conta com:  cozinha mobilada e equipada com eletrodom\u00e9sticos; sala comum de 40m2 com lareira; hall de entrada; escrit\u00f3rio; hall quartos; suite; 2 quartos; wc completo; wc privativo; 2 varandas.<\/p>\n<\/p>\n<h3><strong>MORADIAS<\/strong><\/h3>\n<h4>Encontre aqui todos os an\u00fancios de&nbsp;<a href=\"https:\/\/www.imovirtual.com\/comprar\/moradia\/guimaraes\/?search%5Bregion_id%5D=3&amp;search%5Bsubregion_id%5D=41\" target=\"_blank\" rel=\"noopener\">moradias para comprar em Guimar\u00e3es<\/a>&nbsp;dispon\u00edveis no Imovirtual.<\/h4>\n<\/p>\n<h3><strong>Moradia T3<\/strong><\/h3>\n<p>199 900 \u20ac<\/p>\n<p class=\" block-img\"><img decoding=\"async\" src=\"https:\/\/www.imovirtual.com\/noticias\/wp-content\/uploads\/2022\/11\/857ae918-3f1c-4761-bd90-60dba99b4049_moradia-t3.png\" alt=\"moradia t3 para comprar em guimar\u00e3es\"><\/p>\n<p><a href=\"https:\/\/www.imovirtual.com\/pt\/anuncio\/moradia-isolada-t3-em-aldao-ID16pFW.html#a4e344d74c\" target=\"_blank\" rel=\"noopener\"><strong>Moradia T3<\/strong><\/a> em Ald\u00e3o. O piso inferior conta com um open space onde pode receber os seus familiares e amigos com todo o conforto que eles merecem.<br \/>No piso superior encontramos tr\u00eas quartos espa\u00e7osos, incluindo uma suite, tamb\u00e9m disp\u00f5e de mais um wc completo e um espa\u00e7o que pode ser convertido num escrit\u00f3rio. Com um terra\u00e7o amplo, suportado por um jardim com churrasqueira.<\/p>\n<h3><strong><br \/>Moradia T4<\/strong><\/h3>\n<p>980 000 \u20ac<\/p>\n<p class=\" block-img\"><img decoding=\"async\" src=\"https:\/\/www.imovirtual.com\/noticias\/wp-content\/uploads\/2022\/11\/9848c300-f1ea-4cb9-b688-787f8ff1efca_moradia-t4.png\" alt=\"moradia t4 para comprar em guimar\u00e3es\"><\/p>\n<p><a href=\"https:\/\/www.imovirtual.com\/pt\/anuncio\/moradia-de-luxo-para-venda-em-vila-nova-de-sande-guimaraes-ID16GJZ.html#21e3b7c043\" target=\"_blank\" rel=\"noopener\"><strong>Moradia T4<\/strong><\/a> constru\u00edda de raiz, com uma arquitetura moderna, \u00e1reas extremamente generosas e utilizando os melhores materiais e acabamentos. Inserida num terreno com uma \u00e1rea total superior a 15.000m2, tem uma \u00e1rea de cultivo de mirtilos com cerca de 7.000 m2. \u00c9 constitu\u00edda por: quatro suites, todas com closet independente, tr\u00eas na zona independente dos quartos; uma num piso superior com uma \u00e1rea em mezzanine sobre a sala principal, cuja antec\u00e2mara pode funcionar como sala privada ou zona de escrit\u00f3rio exclusivo; escrit\u00f3rio junto \u00e0 entrada;\u00ad\u00ad piscina interior climatizada com liga\u00e7\u00e3o \u00e0 sala e ao jardim exterior; zona de arrumos\/despensa e lavandaria junto \u00e0 cozinha; garagem para tr\u00eas carros estacionados paralelamente e arrumos; anexo \u2013 antiga adega e sal\u00e3o de festas, com acesso \u00e0 zona da piscina exterior permitindo a cria\u00e7\u00e3o de um espa\u00e7o de esplanada.<\/p>\n<h3><strong><br \/>Moradia T5<\/strong><\/h3>\n<p>1 300 000 \u20ac<\/p>\n<p class=\" block-img\"><img decoding=\"async\" src=\"https:\/\/www.imovirtual.com\/noticias\/wp-content\/uploads\/2022\/11\/9dff2a50-d914-4cf2-9efc-798bc254f1b1_moradia-t5.png\" alt=\"moradia t5 para comprar em guimar\u00e3es\"><\/p>\n<p><a href=\"https:\/\/www.imovirtual.com\/pt\/anuncio\/moradia-t5-c-piscina-em-guimaraes-ID14AW2.html#a93b74c359\" target=\"_blank\" rel=\"noopener\"><strong>Moradia T5<\/strong><\/a> composta por 1 master suite, 3 suites e 1 quarto, localizada na Costa, Guimar\u00e3es. Este im\u00f3vel tem todas as caracter\u00edsticas ideais para quem procura tranquilidade aliada ao conforto, caracter\u00edsticas de luxo, \u00fanicas e diferenciadoras, com \u00f3tima exposi\u00e7\u00e3o solar e varandas, onde pode desfrutar de vistas desafogadas para a cidade de Guimar\u00e3es. Com f\u00e1cil e r\u00e1pido acesso ao centro da cidade, com\u00e9rcio e servi\u00e7os nas proximidades fazem com que possa usufruir da tranquilidade da periferia do n\u00facleo urbano sem se privar da cidade.<\/p>\n<\/p>\n<h2><strong>Para arrendar<\/strong><\/h2>\n<h4>Encontre aqui todos os an\u00fancios de&nbsp;<a href=\"https:\/\/www.imovirtual.com\/arrendar\/apartamento\/guimaraes\/?search%5Bregion_id%5D=3&amp;search%5Bsubregion_id%5D=41\" target=\"_blank\" rel=\"noopener\">apartamentos para arrendar em Guimar\u00e3es<\/a>&nbsp;dispon\u00edveis no Imovirtual.<\/h4>\n<h3><strong><br \/>Apartamento T0<\/strong><\/h3>\n<p>820 \u20ac<\/p>\n<p class=\" block-img\"><img decoding=\"async\" src=\"https:\/\/www.imovirtual.com\/noticias\/wp-content\/uploads\/2022\/11\/aa18ff41-c09a-4083-906a-9d16709053c4_Apt-t0-para-arrendar.png\" alt=\"apartamento t0 para arrendar em guimar\u00e3es\"><\/p>\n<p><a href=\"https:\/\/www.imovirtual.com\/pt\/anuncio\/apartamento-t0-para-alugar-no-centro-guimaraes-ID147fm.html#398270c5b6\" target=\"_blank\" rel=\"noopener\"><strong>Apartamento T0<\/strong><\/a> para Alugar com condom\u00ednio inclu\u00eddo de 65m2, no centro da cidade de Guimar\u00e3es, a escassos 100m da Pra\u00e7a do Toural. Trata-se de um apartamento moderno totalmente mobilado, perto do Museu Arquel\u00f3gico Martins Sarmento que se localiza no cora\u00e7\u00e3o da cidade e \u00f3timos acessos. Ideal para quem gosta de viver no centro, cont\u00e9m: sistema el\u00e9trico por toda a casa, ar condicionado, internet inclu\u00edda, r\u00e1dio com liga\u00e7\u00e3o bluetooth, 2 televisores LCD, sof\u00e1, 1 quarto mobilado, arm\u00e1rios embutidos com luz LED, hall de entrada com mesa de apoio cozinha open space, mobilada e equipada (placa, forno, micro-ondas e m\u00e1quina de caf\u00e9 embutidos, frigor\u00edfico, congelador e exaustor), wc completo e 1 lugar de garagem.<\/p>\n<h3><strong>Apartamento T1<\/strong><\/h3>\n<p>550 \u20ac<\/p>\n<p class=\" block-img\"><img decoding=\"async\" src=\"https:\/\/www.imovirtual.com\/noticias\/wp-content\/uploads\/2022\/11\/2d087540-526b-47f3-991f-1c4ed8ef4edf_Apt-t1-para-arrendar.png\" alt=\"apartamento t1 para arrendar em guimar\u00e3es\"><\/p>\n<p><a href=\"https:\/\/www.imovirtual.com\/pt\/anuncio\/t1-centro-de-guimaraes-ID13Qwi.html#a57effac5b\" target=\"_blank\" rel=\"noopener\"><strong>Apartamento T1<\/strong><\/a> no Centro de Guimar\u00e3es a partir de Setembro de 2021. A 2 min a p\u00e9 do centro hist\u00f3rico, localizado numa rua calma em frente ao Teatro S\u00e3o Mamede. O apartamento foi totalmente renovado e encontra-se novo a estrear. Tem isolamento t\u00e9rmico e ac\u00fastico e est\u00e1 totalmente mobilado e equipado com mob\u00edlia e electrodom\u00e9sticos novos.<\/p>\n<\/p>\n<h3><strong>Apartamento T2<\/strong><\/h3>\n<p>600 \u20ac<\/p>\n<p class=\" block-img\"><img decoding=\"async\" src=\"https:\/\/www.imovirtual.com\/noticias\/wp-content\/uploads\/2022\/11\/9f1311c3-f757-4710-a710-29f3948ad7e7_Apt-t2-para-arrendar.png\" alt=\"apartamento t2 para arrendar em guimar\u00e3es\"><\/p>\n<p><a href=\"https:\/\/www.imovirtual.com\/pt\/anuncio\/apartamento-t2-mobilado-zona-do-estadio-ID14ffB.html#90ecedf9e1\" target=\"_blank\" rel=\"noopener\"><strong>Apartamento T2<\/strong><\/a> em pleno centro da cidade, totalmente mobilado e equipado composto por: sala de estar; cozinha equipada (placa, forno, frigorifico, m\u00e1quina de lavar a roupa); casa de banho; 2 Quartos.<\/p>\n<\/p>\n<h3><strong>Apartamento T3<\/strong><\/h3>\n<p>700 \u20ac<\/p>\n<p class=\" block-img\"><img decoding=\"async\" src=\"https:\/\/www.imovirtual.com\/noticias\/wp-content\/uploads\/2022\/11\/2a5ddc94-2fef-4dbf-adea-002af2681e4b_Apt-t3-para-arrendar.png\" alt=\"apartamento t3 para arrendar em guimar\u00e3es\"><\/p>\n<p><a href=\"https:\/\/www.imovirtual.com\/pt\/anuncio\/t3-parque-da-cidade-ID10Zvh.html#398270c5b6\" target=\"_blank\" rel=\"noopener\"><strong>Apartamento T3<\/strong><\/a> dispon\u00edvel para arrendamento, situado perto do Parque da Cidade de Guimar\u00e3es com vistas fant\u00e1sticas para a encosta da Penha.. Composto por: sala com lareira com recuperador de calor com acesso \u00e0 varanda; cozinha mobilada e equipada com placa, forno, exaustor, esquentador; 2 quartos; 1 Suite; 3 Wc&#8217;s; 1 lugar de garagem. No valor da renda est\u00e1 inclu\u00eddo o condom\u00ednio.<\/p>\n<\/p>\n<p class=\" block-img\"><img decoding=\"async\" src=\"https:\/\/www.imovirtual.com\/noticias\/wp-content\/uploads\/2022\/11\/3c23b667-0a08-4ca1-abcb-74566be5c538_Copia-de-Banners-Autores-2.png\" alt=\"Alexandre Lu\u00eds Autor Imovirtual\"><\/p>\n<h5><em>Tamb\u00e9m conhecido como &#8216;O Consultor&#8217;. Pode encontr\u00e1-lo a consultar o \u00faltimo estudo de mercado. N\u00e3o tem talento para vender, mas sabe tudo sobre Imobili\u00e1rio. Fala sobre quest\u00f5es relacionadas com o tema no Blog do Imovirtual.<\/em><\/h5>\n<\/p>\n<h4><strong>Tamb\u00e9m lhe pode interessar<\/strong><\/h4>\n<ul>\n<li>Como escolher a <a href=\"https:\/\/www.imovirtual.com\/noticias\/imobiliario\/dicas-para-escolher-zona-onde-viver\" target=\"_blank\" rel=\"noopener\"><strong>zona certa para viver<\/strong><\/a><\/li>\n<li>Melhorias simples que podem aumentar o&nbsp;<a href=\"https:\/\/www.imovirtual.com\/noticias\/imobiliario\/melhorias-simples-para-aumentar-valor-da-sua-casa\" target=\"_blank\" rel=\"noopener\"><strong>valor da sua casa<\/strong><\/a><\/li>\n<li>Perguntas a fazer a um&nbsp;<a href=\"https:\/\/www.imovirtual.com\/noticias\/imobiliario\/perguntas-consultor-imobiliario-vender-comprar-casa\" target=\"_blank\" rel=\"noopener\"><strong>Consultor Imobili\u00e1rio<\/strong><\/a>&nbsp;na hora de comprar ou vender uma casa<\/li>\n<\/ul>\n<\/p>\n<div class=\"css-h5fkc8\"><strong>Ultima actualiza\u00e7\u00e3o:<\/strong> 22 agosto 2021<\/div>\n","protected":false},"excerpt":{"rendered":"<p>Casas em Guimar\u00e3es &#8220;Aqui nasceu Portugal&#8221;: a cidade ber\u00e7o \u00e9 uma verdadeira caixinha de surpresas. Localizada a norte, entre o Porto e Braga, \u00e9 um local de tradi\u00e7\u00e3o e hist\u00f3ria, mas tamb\u00e9m, de modernidade. Reza a lenda que ter\u00e1 sido em Guimar\u00e3es que nasceu e foi coroado, D. Afonso Henriques, o primeiro Rei de Portugal, &hellip;<\/p>\n","protected":false},"author":3,"featured_media":3104,"comment_status":"closed","ping_status":"open","sticky":false,"template":"","format":"standard","meta":{"footnotes":""},"categories":[37,5],"tags":[],"class_list":["post-3103","post","type-post","status-publish","format-standard","has-post-thumbnail","hentry","category-financas-e-imobiliario","category-imobiliario"],"_links":{"self":[{"href":"https:\/\/www.imovirtual.com\/noticias\/wp-json\/wp\/v2\/posts\/3103","targetHints":{"allow":["GET"]}}],"collection":[{"href":"https:\/\/www.imovirtual.com\/noticias\/wp-json\/wp\/v2\/posts"}],"about":[{"href":"https:\/\/www.imovirtual.com\/noticias\/wp-json\/wp\/v2\/types\/post"}],"author":[{"embeddable":true,"href":"https:\/\/www.imovirtual.com\/noticias\/wp-json\/wp\/v2\/users\/3"}],"replies":[{"embeddable":true,"href":"https:\/\/www.imovirtual.com\/noticias\/wp-json\/wp\/v2\/comments?post=3103"}],"version-history":[{"count":0,"href":"https:\/\/www.imovirtual.com\/noticias\/wp-json\/wp\/v2\/posts\/3103\/revisions"}],"wp:featuredmedia":[{"embeddable":true,"href":"https:\/\/www.imovirtual.com\/noticias\/wp-json\/wp\/v2\/media\/3104"}],"wp:attachment":[{"href":"https:\/\/www.imovirtual.com\/noticias\/wp-json\/wp\/v2\/media?parent=3103"}],"wp:term":[{"taxonomy":"category","embeddable":true,"href":"https:\/\/www.imovirtual.com\/noticias\/wp-json\/wp\/v2\/categories?post=3103"},{"taxonomy":"post_tag","embeddable":true,"href":"https:\/\/www.imovirtual.com\/noticias\/wp-json\/wp\/v2\/tags?post=3103"}],"curies":[{"name":"wp","href":"https:\/\/api.w.org\/{rel}","templated":true}]}}