{"id":308,"date":"2022-05-11T00:00:00","date_gmt":"2022-05-11T00:00:00","guid":{"rendered":"https:\/\/www.imovirtual.com\/noticias2\/2022\/05\/11\/imosintese-noticias-090522\/"},"modified":"2022-05-11T00:00:00","modified_gmt":"2022-05-11T00:00:00","slug":"imosintese-noticias-090522","status":"publish","type":"post","link":"https:\/\/www.imovirtual.com\/noticias\/novidades\/imosintese-noticias-090522\/","title":{"rendered":"IMOS\u00cdNTESE &#8211; NOT\u00cdCIAS 09\/05"},"content":{"rendered":"<p class=\"css-8qfla4\">\n<p class=\"css-m5h6m0 edperro0\">\n<h2><strong>Em parceria com o Di\u00e1rio Imobili\u00e1rio, o Imovirtual apresenta diariamente um resumo notici\u00e1rio dos acontecimentos mais relevantes do dia. Fique a par das \u00faltimas novidades do Mercado Imobili\u00e1rio:<\/strong><\/h2>\n<\/p>\n<h1><strong>Arquitectos debatem os aumentos dos custos de constru\u00e7\u00e3o e burocracias processuais<\/strong><\/h1>\n<p>No pr\u00f3ximo dia 14 de Abril, no SIL , os arquitecto ir\u00e3o debater&nbsp;&#8220;Os aumentos dos custos de constru\u00e7\u00e3o na conjectura atual&#8221;&nbsp;e&nbsp;&#8220;Portugal &#8211;&nbsp;os desafios e burocracias processuais&#8221;.<\/p>\n<h3><strong>Saiba mais <a href=\"https:\/\/www.diarioimobiliario.pt\/Arquitectura\/Arquitectos-debatem-os-aumentos-dos-custos-de-construcao-e-burocracias-processuais\" target=\"_blank\" rel=\"noopener\">aqui<\/a><\/strong><\/h3>\n<\/p>\n<h1><strong>The Edge Group investe 45 milh\u00f5es de euros no Beloura Business Campus<\/strong><\/h1>\n<p>O Beloura Business Campus, o mais recente projecto no segmento de escrit\u00f3rios da parceria do The Edge Group e Fundo Ardma FCR, j\u00e1 se encontra em comercializa\u00e7\u00e3o. O investimento ascende a 45 milh\u00f5es de euros.<\/p>\n<h3><strong>Saiba mais <a href=\"https:\/\/www.diarioimobiliario.pt\/Actualidade\/The-Edge-Group-investe-45-milhoes-de-euros-no-Beloura-Business-Campus\" target=\"_blank\" rel=\"noopener\">aqui<\/a><\/strong><\/h3>\n<\/p>\n<h1><strong>A Habitat Invest lan\u00e7a no mercado 322 unidades residenciais em Lisboa<\/strong><\/h1>\n<p>A empresa de promo\u00e7\u00e3o, h\u00e1 20 anos no mercado, apresenta no SIL-Sal\u00e3o Imobili\u00e1rio de Portugal 2022, que se realiza na FIL, em Lisboa, de 12 a 15 de Maio, os seus mais recentes projectos.<\/p>\n<h3><strong>Saiba mais <a href=\"https:\/\/www.diarioimobiliario.pt\/Habitacao\/A-Habitat-Invest-lanca-no-mercado-322-unidades-residenciais-em-Lisboa\" target=\"_blank\" rel=\"noopener\">aqui<\/a><\/strong><\/h3>\n<\/p>\n<h1><strong>Green Plaza Apartments ir\u00e1 destacar-se pela ecologia<\/strong><\/h1>\n<p>O verde das plantas ser\u00e1 a grande atra\u00e7\u00e3o do Green Plaza Apartments, um novo edif\u00edcio habitacional com 56 apartamentos que neste m\u00eas de Abril come\u00e7ou a ser constru\u00eddo em Vila Nova de Famalic\u00e3o, devendo estar conclu\u00eddo e pronto a habitar em Junho de 2024.<\/p>\n<h3><strong>Saiba mais <a href=\"https:\/\/www.diarioimobiliario.pt\/Habitacao\/Green-Plaza-Apartments-ira-destacar-se-pela-ecologia\" target=\"_blank\" rel=\"noopener\">aqui<\/a><\/strong><\/h3>\n<\/p>\n<h1><strong>Set\u00fabal vai reabilitar Casa de Luisa Todi<\/strong><\/h1>\n<p>O munic\u00edpio de Set\u00fabal vai reabilitar a casa onde nasceu Lu\u00edsa Todi, a mais c\u00e9lebre cantora l\u00edrica portuguesa.<\/p>\n<h3><strong>Saiba mais <a href=\"https:\/\/www.diarioimobiliario.pt\/Actualidade\/Setubal-vai-reabilitar-Casa-de-Luisa-Todi\" target=\"_blank\" rel=\"noopener\">aqui<\/a><\/strong><\/h3>\n<\/p>\n<p><strong>Leia as anteriores Imos\u00edntese:<\/strong><\/p>\n<p><strong>\ud83d\udc49<a href=\"https:\/\/www.imovirtual.com\/noticias\/noticias\/imosintese-noticias-060522\" target=\"_blank\" rel=\"noopener\">IMOS\u00cdNTESE &#8211; NOT\u00cdCIAS 06\/05<\/a><\/strong><\/p>\n<p><strong>\ud83d\udc49<a href=\"https:\/\/www.imovirtual.com\/noticias\/noticias\/imosintese-noticias-050522\" target=\"_blank\" rel=\"noopener\">IMOS\u00cdNTESE &#8211; NOT\u00cdCIAS 05\/05<\/a><\/strong><\/p>\n<p><strong>\ud83d\udc49<a href=\"https:\/\/www.imovirtual.com\/noticias\/noticias\/imosintese-noticias-040522\" target=\"_blank\" rel=\"noopener\">IMOS\u00cdNTESE &#8211; NOT\u00cdCIAS 04\/05<\/a><\/strong><\/p>\n<\/p>\n<div class=\"css-h5fkc8\"><strong>Ultima actualiza\u00e7\u00e3o:<\/strong> 11 maio 2022<\/div>\n","protected":false},"excerpt":{"rendered":"<p>Em parceria com o Di\u00e1rio Imobili\u00e1rio, o Imovirtual apresenta diariamente um resumo notici\u00e1rio dos acontecimentos mais relevantes do dia. Fique a par das \u00faltimas novidades do Mercado Imobili\u00e1rio: Arquitectos debatem os aumentos dos custos de constru\u00e7\u00e3o e burocracias processuais No pr\u00f3ximo dia 14 de Abril, no SIL , os arquitecto ir\u00e3o debater&nbsp;&#8220;Os aumentos dos custos &hellip;<\/p>\n","protected":false},"author":3,"featured_media":100,"comment_status":"closed","ping_status":"open","sticky":false,"template":"","format":"standard","meta":{"footnotes":""},"categories":[4],"tags":[],"class_list":["post-308","post","type-post","status-publish","format-standard","has-post-thumbnail","hentry","category-novidades"],"_links":{"self":[{"href":"https:\/\/www.imovirtual.com\/noticias\/wp-json\/wp\/v2\/posts\/308","targetHints":{"allow":["GET"]}}],"collection":[{"href":"https:\/\/www.imovirtual.com\/noticias\/wp-json\/wp\/v2\/posts"}],"about":[{"href":"https:\/\/www.imovirtual.com\/noticias\/wp-json\/wp\/v2\/types\/post"}],"author":[{"embeddable":true,"href":"https:\/\/www.imovirtual.com\/noticias\/wp-json\/wp\/v2\/users\/3"}],"replies":[{"embeddable":true,"href":"https:\/\/www.imovirtual.com\/noticias\/wp-json\/wp\/v2\/comments?post=308"}],"version-history":[{"count":0,"href":"https:\/\/www.imovirtual.com\/noticias\/wp-json\/wp\/v2\/posts\/308\/revisions"}],"wp:featuredmedia":[{"embeddable":true,"href":"https:\/\/www.imovirtual.com\/noticias\/wp-json\/wp\/v2\/media\/100"}],"wp:attachment":[{"href":"https:\/\/www.imovirtual.com\/noticias\/wp-json\/wp\/v2\/media?parent=308"}],"wp:term":[{"taxonomy":"category","embeddable":true,"href":"https:\/\/www.imovirtual.com\/noticias\/wp-json\/wp\/v2\/categories?post=308"},{"taxonomy":"post_tag","embeddable":true,"href":"https:\/\/www.imovirtual.com\/noticias\/wp-json\/wp\/v2\/tags?post=308"}],"curies":[{"name":"wp","href":"https:\/\/api.w.org\/{rel}","templated":true}]}}