{"id":3079,"date":"2021-05-05T00:00:00","date_gmt":"2021-05-05T00:00:00","guid":{"rendered":"https:\/\/www.imovirtual.com\/noticias2\/2021\/05\/05\/dicas-para-decorar-a-casa-de-banho\/"},"modified":"2024-08-28T10:19:23","modified_gmt":"2024-08-28T10:19:23","slug":"dicas-para-decorar-a-casa-de-banho","status":"publish","type":"post","link":"https:\/\/www.imovirtual.com\/noticias\/lifestyle\/dicas-para-decorar-a-casa-de-banho\/","title":{"rendered":"Dicas para decorar a casa de banho"},"content":{"rendered":"<p class=\"css-8qfla4\">\n<p class=\"css-m5h6m0 edperro0\">\n<h1><strong>Dicas para decorar a casa de banho <\/strong><\/h1>\n<p>Ao planear a decora\u00e7\u00e3o de um im\u00f3vel, normalmente h\u00e1 uma divis\u00e3o que fica mais esquecida: a casa de banho. Pela sua dimens\u00e3o reduzida, o ambiente h\u00famido e muitas vezes pela falta de janela, \u00e9 comum cingir-nos ao estritamente necess\u00e1rio para decorar este espa\u00e7o, que na verdade tem tanto potencial como qualquer outra parte da <a href=\"https:\/\/www.nossacasanossomundo.com\/\" target=\"_blank\" rel=\"noopener\">casa<\/a>. Tamb\u00e9m \u00e9 frequente encontrarmos habita\u00e7\u00f5es com WC muito pequenos e, por isso, cairmos no erro de colocar demasiadas coisas num espa\u00e7o t\u00e3o reduzido. Logicamente que isso transmite a ideia errada da dimens\u00e3o e organiza\u00e7\u00e3o do local. Foi a pensar em tudo isto que reunimos algumas dicas para o ajudar na tarefa de <a href=\"https:\/\/www.imovirtual.com\/noticias\/financas\/como-escolher-o-local-ideal-para-comprar-casa-id19.html\" target=\"_blank\" rel=\"noopener\">escolher<\/a> as pe\u00e7as e materiais decorativos para a sua casa de banho. <\/p>\n<p>&nbsp;<\/p>\n<h2><strong>O espelho \u00e9 essencial<\/strong><\/h2>\n<p class=\" block-img\"><img decoding=\"async\" src=\"https:\/\/www.imovirtual.com\/noticias\/wp-content\/uploads\/2022\/11\/677c5b05-6aff-4b27-903f-0d804792d72d_d1b77ce1-a361-435b-9840-f6a7608f430c_iStock-1177306338.jpg\" alt=\"espelho casa de banho\"><\/p>\n<p>N\u00e3o h\u00e1 d\u00favidas que um <a href=\"https:\/\/www.imovirtual.com\/en\/noticias\/decoracao\/espelhos-nos-melhores-locais-casa\">espelho<\/a> \u00e9 uma pe\u00e7a fulcral para a organiza\u00e7\u00e3o da casa de banho, at\u00e9 porque \u00e9 l\u00e1 que fazemos a maioria das tarefas de higiene e beleza di\u00e1ria. Para as divis\u00f5es mais pequenas, este objeto ajuda at\u00e9 a ampliar o espa\u00e7o. Existem modelos propositadamente concebidos para WC, mas claro que o seu design nem sempre \u00e9 o mais atrativo. Por isso, arrisque e se quiser dar um toque de <em>je ne sais quoi<\/em> \u00e0 sua casa de banho, experimente escolher um modelo mais irreverente. Desde que os materiais n\u00e3o pere\u00e7am \u00e0 humidade da divis\u00e3o, n\u00e3o ter\u00e1 quaisquer problemas e temos a certeza que toda a gente lhe ir\u00e1 gabar a ideia.<\/p>\n<p>&nbsp;<\/p>\n<h2><strong>Atente \u00e0 Cor e \u00e0 Luz<\/strong><\/h2>\n<p class=\" block-img\"><img decoding=\"async\" src=\"https:\/\/www.imovirtual.com\/noticias\/wp-content\/uploads\/2022\/11\/59d06c60-7de8-4d86-85e1-e8d0a82b49b9_1283e4c8-7b8d-4254-9436-5c56773dee04_iStock-495145714.jpg\" alt=\"casa de banho apontamentos de cor e luz\"><\/p>\n<p>Por se tratar de uma divis\u00e3o pequena (como j\u00e1 referimos, \u00e0s vezes muito pequena mesmo), o ideal ser\u00e1 apostar em tons claros para refletir a luz, como os brancos e beges. Todavia, \u00e9 importante fazer uso de apontamentos de cor nas lou\u00e7as e pe\u00e7as decorativas, para criar efeitos visuais interessantes e tornar o espa\u00e7o menos frio e mais aconchegante. Aposte em acess\u00f3rios de casa de banho em tons verdes, laranjas ou vermelhos. E claro, n\u00e3o se esque\u00e7a do pormenor da luz: se a divis\u00e3o n\u00e3o tiver o privil\u00e9gio de receber luz natural proveniente de uma janela, instale um bom sistema de ilumina\u00e7\u00e3o com luzes LED. &nbsp;<\/p>\n<p>&nbsp;<\/p>\n<h2><strong>Plantas: sim ou n\u00e3o?<\/strong><\/h2>\n<p class=\" block-img\"><img decoding=\"async\" src=\"https:\/\/www.imovirtual.com\/noticias\/wp-content\/uploads\/2022\/11\/a360efeb-9d33-46b1-8187-398421853930_4a24deea-4143-4ab1-99cc-754803faf3a9_iStock-1019958498.jpg\" alt=\"plantas em casa de banho\"><\/p>\n<p><a href=\"https:\/\/www.imovirtual.com\/noticias\/decoracao\/traga-a-natureza-para-dentro-da-sua-casa-id243.html\" target=\"_blank\" rel=\"noopener\">Trazer a natureza para dentro da sua casa<\/a> de banho \u00e9 o uma forma de a tornar mais acolhedora e simp\u00e1tica. Mas regra de ouro: se a divis\u00e3o n\u00e3o tiver janela, est\u00e3o esque\u00e7a a ideia de ter plantas naturais no espa\u00e7o. \u00c9 que as verdinhas at\u00e9 se d\u00e3o bem no <a href=\"https:\/\/www.imovirtual.com\/en\/noticias\/lifestyle\/proteja-a-sua-casa-da-humidade-com-estas-dicas\" target=\"_blank\" rel=\"noopener\">ambiente h\u00famido<\/a> da casa de banho, mas toda a planta necessita de luz para se desenvolver. Por isso, para quem tem espa\u00e7os fechados a solu\u00e7\u00e3o passa por plantas artificiais. E felizmente j\u00e1 existem diversas op\u00e7\u00f5es no mercado que imitam perfeitamente as originais. <\/p>\n<p>&nbsp;<\/p>\n<h2><strong>M\u00f3veis multifun\u00e7\u00f5es, os maiores aliados<\/strong><\/h2>\n<p class=\" block-img\"><img decoding=\"async\" src=\"https:\/\/www.imovirtual.com\/noticias\/wp-content\/uploads\/2022\/11\/ccd7bac9-1e36-4452-ba97-d000c55cfdb9_e7b9a1f1-7248-4d36-9385-27cb284b0fa2_iStock-1253213052.jpg\" alt=\"toalheiro de bamboo\"><\/p>\n<p>Combine o design dos m\u00f3veis da divis\u00e3o com a sua utilidade. Esta dica funciona especialmente para as casas com WC bastante pequenos. Um m\u00f3vel pode ser simultaneamente bonito e funcional: por exemplo, as <a href=\"https:\/\/www.homa.pt\/toalheiro-escada-bambu-429645.html\" target=\"_blank\" rel=\"noopener\">escadas de bamboo<\/a> servem como uma pe\u00e7a decorativa ao mesmo tempo que podem ser utilizadas como um toalheiro.<\/p>\n<p>&nbsp;<\/p>\n<h2><strong>Regra b\u00e1sica: quanto menos distra\u00e7\u00e3o, melhor<\/strong><\/h2>\n<p class=\" block-img\"><img decoding=\"async\" src=\"https:\/\/www.imovirtual.com\/noticias\/wp-content\/uploads\/2022\/11\/201362ce-7404-43b1-8ba4-9c26bad1f628_c014fce8-1e03-4917-9d18-2380a7ab125f_iStock-1254049119.jpg\" alt=\"organiza\u00e7\u00e3o de casa de banho\"><\/p>\n<p>Uma casa de banho desarrumada e cheia de <a href=\"https:\/\/www.imovirtual.com\/en\/noticias\/decoracao\/visual-clutter-como-resolver\" target=\"_blank\" rel=\"noopener\">desorganiza\u00e7\u00e3o visual<\/a> ir\u00e1, com toda a certeza, transmitir uma ideia errada do espa\u00e7o. Aposte em organizadores de objetos, como cestos e caixas, e designe um local para os produtos de beleza e demais itens dentro dos m\u00f3veis. No fundo crie um sistema de arruma\u00e7\u00e3o. Ver\u00e1 que tendo um lugar para tudo, ir\u00e1 n\u00e3o s\u00f3 facilitar o seu dia-a-dia, mas tamb\u00e9m criar uma ideia de que a divis\u00e3o \u00e9 muito maior.<\/p>\n<\/p>\n<h3>Encontre aqui mais dicas para <a href=\"https:\/\/www.imovirtual.com\/noticias\/lifestyle\/organizar-casa-de-banho\" target=\"_blank\" rel=\"noopener\"><strong>organizar a casa de banho<\/strong><\/a><\/h3>\n<p class=\" block-img\"><img decoding=\"async\" src=\"https:\/\/www.imovirtual.com\/noticias\/wp-content\/uploads\/2022\/11\/af14b393-f5d1-4a75-8368-42f656903033_Copia-de-Banners-Autores-3.png\" alt=\"Maria Lu\u00edsa Autor Imovirtual\"><\/p>\n<h5><em>Maria Lu\u00edsa \u00e9 a decoradora. A paix\u00e3o pela decora\u00e7\u00e3o surgiu desde muito cedo, quando as paredes se tornaram folhas de desenho. Juntou o \u00fatil ao agrad\u00e1vel e fez da voca\u00e7\u00e3o o seu trabalho. Est\u00e1 a cargo dos temas sobre &#8216;Decora\u00e7\u00e3o&#8217; do Blog do Imovirtual.<\/em><\/h5>\n<\/p>\n<h4><strong>Tamb\u00e9m lhe pode interessar<\/strong><\/h4>\n<ul>\n<li>Como transformar a sua <a href=\"https:\/\/www.imovirtual.com\/noticias\/lifestyle\/como-transformar-a-sua-casa-de-banho-num-spa\" target=\"_blank\" rel=\"noopener\"><strong>casa de banho<\/strong><\/a> num spa<\/li>\n<li>O que \u00e9 o <a href=\"https:\/\/www.imovirtual.com\/noticias\/lifestyle\/o-que-e-o-hygge-e-como-o-levar-para-dentro-de-casa\" target=\"_blank\" rel=\"noopener\"><strong>Hygge<\/strong><\/a> e como o levar para dentro de casa<\/li>\n<li>7 <a href=\"https:\/\/www.imovirtual.com\/en\/noticias\/decoracao\/7-plantas-casa-diminuem-humidade\" target=\"_blank\" rel=\"noopener\"><strong>plantas<\/strong><\/a> para ter em casa e que diminuem humidade<\/li>\n<\/ul>\n<\/p>\n<div class=\"css-h5fkc8\"><strong>Ultima actualiza\u00e7\u00e3o:<\/strong> 18 agosto 2021<\/div>\n","protected":false},"excerpt":{"rendered":"<p>Dicas para decorar a casa de banho Ao planear a decora\u00e7\u00e3o de um im\u00f3vel, normalmente h\u00e1 uma divis\u00e3o que fica mais esquecida: a casa de banho. Pela sua dimens\u00e3o reduzida, o ambiente h\u00famido e muitas vezes pela falta de janela, \u00e9 comum cingir-nos ao estritamente necess\u00e1rio para decorar este espa\u00e7o, que na verdade tem tanto &hellip;<\/p>\n","protected":false},"author":3,"featured_media":3080,"comment_status":"closed","ping_status":"open","sticky":false,"template":"","format":"standard","meta":{"footnotes":""},"categories":[3],"tags":[],"class_list":["post-3079","post","type-post","status-publish","format-standard","has-post-thumbnail","hentry","category-lifestyle"],"_links":{"self":[{"href":"https:\/\/www.imovirtual.com\/noticias\/wp-json\/wp\/v2\/posts\/3079","targetHints":{"allow":["GET"]}}],"collection":[{"href":"https:\/\/www.imovirtual.com\/noticias\/wp-json\/wp\/v2\/posts"}],"about":[{"href":"https:\/\/www.imovirtual.com\/noticias\/wp-json\/wp\/v2\/types\/post"}],"author":[{"embeddable":true,"href":"https:\/\/www.imovirtual.com\/noticias\/wp-json\/wp\/v2\/users\/3"}],"replies":[{"embeddable":true,"href":"https:\/\/www.imovirtual.com\/noticias\/wp-json\/wp\/v2\/comments?post=3079"}],"version-history":[{"count":0,"href":"https:\/\/www.imovirtual.com\/noticias\/wp-json\/wp\/v2\/posts\/3079\/revisions"}],"wp:featuredmedia":[{"embeddable":true,"href":"https:\/\/www.imovirtual.com\/noticias\/wp-json\/wp\/v2\/media\/3080"}],"wp:attachment":[{"href":"https:\/\/www.imovirtual.com\/noticias\/wp-json\/wp\/v2\/media?parent=3079"}],"wp:term":[{"taxonomy":"category","embeddable":true,"href":"https:\/\/www.imovirtual.com\/noticias\/wp-json\/wp\/v2\/categories?post=3079"},{"taxonomy":"post_tag","embeddable":true,"href":"https:\/\/www.imovirtual.com\/noticias\/wp-json\/wp\/v2\/tags?post=3079"}],"curies":[{"name":"wp","href":"https:\/\/api.w.org\/{rel}","templated":true}]}}