{"id":3072,"date":"2021-08-28T00:00:00","date_gmt":"2021-08-28T00:00:00","guid":{"rendered":"https:\/\/www.imovirtual.com\/noticias2\/2021\/08\/28\/estores-cortinas-vantagens-desvantagens\/"},"modified":"2024-08-28T10:19:14","modified_gmt":"2024-08-28T10:19:14","slug":"estores-cortinas-vantagens-desvantagens","status":"publish","type":"post","link":"https:\/\/www.imovirtual.com\/noticias\/lifestyle\/estores-cortinas-vantagens-desvantagens\/","title":{"rendered":"Estores ou cortinas: vantagens e desvantagens"},"content":{"rendered":"<p class=\"css-8qfla4\">\n<p class=\"css-m5h6m0 edperro0\">\n<h1><strong>Vantagens e desvantagens de estores ou cortinas<\/strong><\/h1>\n<p>H\u00e1 quem diga que <strong>umas cortinas d\u00e3o logo outra vida a uma sala de estar ou a um <a href=\"https:\/\/www.imovirtual.com\/en\/noticias\/decoracao\/10-dicas-para-decoracao-de-quarto-pequeno-e-com-estilo\" target=\"_blank\" rel=\"noopener\">quarto<\/a><\/strong>. E em boa verdade, em certas e determinadas situa\u00e7\u00f5es v\u00eam mesmo a calhar, j\u00e1 que <strong>proporcionam privacidade de forma elegante<\/strong> e podem at\u00e9 servir para usos mais t\u00e9cnicos &#8211; por exemplo, para bloquear os primeiros raios de sola da manh\u00e3 e garantir uma noite de sono completa ou proporcionar um local extremamente escuro, ideal para uma <a href=\"https:\/\/www.imovirtual.com\/en\/noticias\/decoracao\/transforme-a-sua-sala-de-estar-num-cinema\" target=\"_blank\" rel=\"noopener\">sala de cinema<\/a> caseira. <\/p>\n<p>Por\u00e9m, nem sempre \u00e9 poss\u00edvel p\u00f4r m\u00e3os \u00e0 obra para pendurar um var\u00e3o e cortinas em determinadas divis\u00f5es: seja porque n\u00e3o se encaixa em determinado estilo de <a href=\"https:\/\/www.imovirtual.com\/noticias\/decoracao\/descubra-o-seu-estilo-de-decoracao-de-interiores\" target=\"_blank\" rel=\"noopener\">decora\u00e7\u00e3o de interiores<\/a>, por uma quest\u00e3o de prefer\u00eancia pessoal ou porque o espa\u00e7o das janelas \u00e9 demasiado pequeno para comportar esta estrutura, h\u00e1 quem preferia instalar estores ao inv\u00e9s de cortinas. Uma op\u00e7\u00e3o igualmente v\u00e1lida e funcional para quem pretende manter as janelas abertas em pleno <a href=\"https:\/\/www.imovirtual.com\/noticias\/decoracao\/dicas-decorar-terraco-verao\" target=\"_blank\" rel=\"noopener\">ver\u00e3o<\/a>, mantendo a sua privacidade. <\/p>\n<p>Se est\u00e1 a ponderar alterar a decora\u00e7\u00e3o das janelas de alguma das divis\u00f5es da sua casa, reunimos neste artigo as<strong> vantagens e desvantagens destes dois m\u00e9todos: estores e cortinas<\/strong>. No entanto, na hora de escolher a melhor op\u00e7\u00e3o para a sua casa, lembre-se que deve considerar v\u00e1rios fatores, entre os quais a durabilidade, o or\u00e7amento, a limpeza, a est\u00e9tica e a funcionalidade de cada m\u00e9todo. E claro, n\u00e3o deixe de lado as suas prefer\u00eancias pessoais. Posto isto apresentamos-lhe ent\u00e3o os pr\u00f3s e os contras dos estores e cortinas. <\/p>\n<\/p>\n<h2><strong>Estores<\/strong><\/h2>\n<\/p>\n<h3>Vantagens<\/h3>\n<ul>\n<li>Menos volumosas do que os cortinados, <strong>ocupam menos espa\u00e7o junto \u00e0 janela<\/strong> e sendo que quando feitas \u00e0 medida podem at\u00e9 ajustar-se ao tamanho dos vidros;<\/li>\n<li>Se tiver a sorte de conseguir encontrar medidas <em>standardizadas<\/em> que caibam no espa\u00e7o pretendido, existem<strong> modelos de estores bem mais em conta que certos tecidos\/padr\u00f5es de cortinados<\/strong>; <\/li>\n<li>Com exce\u00e7\u00e3o dos estores de varas,<strong> a maioria dos modelos s\u00e3o muito f\u00e1ceis de higienizar<\/strong>, bastando usar um pano h\u00famido para retirar o p\u00f3 e quaisquer outros tipos de sujidade;<\/li>\n<li>\u00c0 semelhan\u00e7a das cortinas opacas e das persianas, os estores <strong>oferecem total privacidade<\/strong> para quem pretende evitar os olhares curiosos da vizinhan\u00e7a;<\/li>\n<li><strong>Podem ser utilizados em todas as divis\u00f5es <\/strong>&#8211; quartos, cozinhas, casas de banho, escrit\u00f3rios, garagens, caves, marquises, etc. N\u00e3o se esque\u00e7a \u00e9 de os incorporar no estilo da decora\u00e7\u00e3o;<\/li>\n<li>Regra geral, se tiverem o tamanho ideal, <strong>s\u00e3o f\u00e1ceis de instalar<\/strong>.<\/li>\n<\/ul>\n<h3>Desvantagens<\/h3>\n<ul>\n<li>Dependendo do modelo, <strong>podem ser dif\u00edceis de manusear e levar a algumas confus\u00f5es<\/strong> com fios e tiras da pr\u00f3pria persiana. Inclusivamente, podem encravar e ser necess\u00e1rio ;<\/li>\n<li>Muitas vezes encontram-se em medidas<em> standardizadas<\/em> o que significa que <strong>n\u00e3o se adaptam a todo o tipo de ambientes<\/strong> e que pode ser necess\u00e1rio mandar faz\u00ea-los por medida. Isto significa que o seu custo ser\u00e1 mais elevado do que certos cortinados;<\/li>\n<li>Em termos est\u00e9ticos, s\u00e3o<strong> menos apelativos do que as cortinas <\/strong>e a oferta no mercado \u00e9 mais limitada &#8211; enquanto as cortinas existem em v\u00e1rios padr\u00f5es e <a href=\"https:\/\/www.imovirtual.com\/noticias\/decoracao\/cromoterapia-como-escolher-as-cores-para-a-sua-casa\" target=\"_blank\" rel=\"noopener\"><strong>cores<\/strong><\/a>;<\/li>\n<li>S\u00e3o <strong>mais barulhentas para abrir\/fechar<\/strong> do que os cortinados de pano.<\/li>\n<\/ul>\n<h2><strong>Cortinas<\/strong><\/h2>\n<\/p>\n<h3>Vantagens<\/h3>\n<ul>\n<li><strong>Existem em v\u00e1rios tecidos, cores, padr\u00f5es<\/strong>. \u00c9 possivel fazer diversas combina\u00e7\u00f5es e fazer conjuntos de acordo com os ambientes e estilos decorativos; <\/li>\n<li>H\u00e1 <strong>op\u00e7\u00f5es muito em conta no mercado<\/strong>, para todo o tipo de carteiras;<\/li>\n<li>A maioria dos tecidos <strong>pode ser lavado na m\u00e1quina de lavar em casa a temperaturas mais baixas <\/strong>para evitar que encolham;<\/li>\n<li>Os var\u00f5es s\u00e3o relativamente<strong> f\u00e1ceis de instalar <\/strong>e existem modelos extens\u00edveis que se adaptam a qualquer tamanho de janela;<\/li>\n<li>S\u00e3o <strong>f\u00e1ceis de abrir e fechar<\/strong>;<\/li>\n<\/ul>\n<h3>Desvantagens<\/h3>\n<ul>\n<li>Por serem feitos em medidas <em>standard<\/em> &#8211; ao contr\u00e1rio das casas &#8211; <strong>muitas vezes \u00e9 necess\u00e1rio recorrer a uma costureira profissional<\/strong> ou passar algumas horas a cortar e a coser as bainhas dos cortinados para que tenham a medida certa;<\/li>\n<li><strong>Sujam-se com facilidade <\/strong>e nem sempre e dependendo do tipo de cortina (argolas, ganchos, bra\u00e7adeiras) e da sua altura, nem sempre \u00e9 f\u00e1cil retir\u00e1-las do var\u00e3o para as higienizar;<\/li>\n<li><strong>H\u00e1 certos tecidos de cortinados que n\u00e3o podem ir \u00e0 m\u00e1quina de lavar a roupa de casa<\/strong> e por isso devem ser colocados nas m\u00e3os de um profissional, ou seja, numa <a href=\"https:\/\/www.imovirtual.com\/noticias\/decoracao\/lavandaria-domestica\" target=\"_blank\" rel=\"noopener\">lavandaria<\/a>; <\/li>\n<li>Se tiver <a href=\"https:\/\/www.imovirtual.com\/noticias\/lifestyle\/dicas-gato-casa\" target=\"_blank\" rel=\"noopener\">gatos<\/a> em casa, de certeza que eles v\u00e3o adorar<strong> afiar as unhas no tecido das suas cortinas<\/strong>; <\/li>\n<\/ul>\n<p class=\" block-img\"><img decoding=\"async\" src=\"https:\/\/www.imovirtual.com\/noticias\/wp-content\/uploads\/2022\/11\/af14b393-f5d1-4a75-8368-42f656903033_Copia-de-Banners-Autores-3.png\" alt=\"Maria Lu\u00edsa Autor Imovirtual\"><\/p>\n<h5><em>Maria Lu\u00edsa \u00e9 a decoradora. A paix\u00e3o pela decora\u00e7\u00e3o surgiu desde muito cedo, quando as paredes se tornaram folhas de desenho. Juntou o \u00fatil ao agrad\u00e1vel e fez da voca\u00e7\u00e3o o seu trabalho. Est\u00e1 a cargo dos temas sobre &#8216;Decora\u00e7\u00e3o&#8217; do Blog do Imovirtual.<\/em><\/h5>\n<\/p>\n<h4><strong>Tamb\u00e9m lhe pode interessar<\/strong><\/h4>\n<ul>\n<li><a href=\"https:\/\/www.imovirtual.com\/noticias\/decoracao\/upcycling-moveis-paletes\" target=\"_blank\" rel=\"noopener\"><strong>Upcycling<\/strong><\/a>: d\u00ea uma nova vida aos seus m\u00f3veis<\/li>\n<li>Saiba como organizar os arquivos do seu&nbsp;<a href=\"https:\/\/www.imovirtual.com\/noticias\/decoracao\/organizar-arquivos-do-escritorio\" target=\"_blank\" rel=\"noopener\"><strong>escrit\u00f3rio<\/strong><\/a><\/li>\n<li>Ideias para reformular o&nbsp;<a href=\"https:\/\/www.imovirtual.com\/noticias\/decoracao\/ideias-para-reformular-sotao-cave\" target=\"_blank\" rel=\"noopener\"><strong>s\u00f3t\u00e3o ou cave<\/strong><\/a><\/li>\n<\/ul>\n<\/p>\n<div class=\"css-h5fkc8\"><strong>Ultima actualiza\u00e7\u00e3o:<\/strong> 28 agosto 2021<\/div>\n","protected":false},"excerpt":{"rendered":"<p>Vantagens e desvantagens de estores ou cortinas H\u00e1 quem diga que umas cortinas d\u00e3o logo outra vida a uma sala de estar ou a um quarto. E em boa verdade, em certas e determinadas situa\u00e7\u00f5es v\u00eam mesmo a calhar, j\u00e1 que proporcionam privacidade de forma elegante e podem at\u00e9 servir para usos mais t\u00e9cnicos &#8211; &hellip;<\/p>\n","protected":false},"author":3,"featured_media":3073,"comment_status":"closed","ping_status":"open","sticky":false,"template":"","format":"standard","meta":{"footnotes":""},"categories":[3],"tags":[],"class_list":["post-3072","post","type-post","status-publish","format-standard","has-post-thumbnail","hentry","category-lifestyle"],"_links":{"self":[{"href":"https:\/\/www.imovirtual.com\/noticias\/wp-json\/wp\/v2\/posts\/3072","targetHints":{"allow":["GET"]}}],"collection":[{"href":"https:\/\/www.imovirtual.com\/noticias\/wp-json\/wp\/v2\/posts"}],"about":[{"href":"https:\/\/www.imovirtual.com\/noticias\/wp-json\/wp\/v2\/types\/post"}],"author":[{"embeddable":true,"href":"https:\/\/www.imovirtual.com\/noticias\/wp-json\/wp\/v2\/users\/3"}],"replies":[{"embeddable":true,"href":"https:\/\/www.imovirtual.com\/noticias\/wp-json\/wp\/v2\/comments?post=3072"}],"version-history":[{"count":0,"href":"https:\/\/www.imovirtual.com\/noticias\/wp-json\/wp\/v2\/posts\/3072\/revisions"}],"wp:featuredmedia":[{"embeddable":true,"href":"https:\/\/www.imovirtual.com\/noticias\/wp-json\/wp\/v2\/media\/3073"}],"wp:attachment":[{"href":"https:\/\/www.imovirtual.com\/noticias\/wp-json\/wp\/v2\/media?parent=3072"}],"wp:term":[{"taxonomy":"category","embeddable":true,"href":"https:\/\/www.imovirtual.com\/noticias\/wp-json\/wp\/v2\/categories?post=3072"},{"taxonomy":"post_tag","embeddable":true,"href":"https:\/\/www.imovirtual.com\/noticias\/wp-json\/wp\/v2\/tags?post=3072"}],"curies":[{"name":"wp","href":"https:\/\/api.w.org\/{rel}","templated":true}]}}