{"id":3037,"date":"2021-08-15T00:00:00","date_gmt":"2021-08-15T00:00:00","guid":{"rendered":"https:\/\/www.imovirtual.com\/noticias2\/2021\/08\/15\/casas-no-montijo\/"},"modified":"2024-08-28T10:29:42","modified_gmt":"2024-08-28T10:29:42","slug":"casas-no-montijo","status":"publish","type":"post","link":"https:\/\/www.imovirtual.com\/noticias\/imobiliario\/casas-no-montijo\/","title":{"rendered":"Oportunidades de im\u00f3veis no Montijo"},"content":{"rendered":"<p class=\"css-8qfla4\">\n<p class=\"css-m5h6m0 edperro0\">\n<h1><strong>Casas no Montijo<\/strong><\/h1>\n<p>Faz parte da \u00c1rea Metropolitana de Lisboa e \u00e9 uma regi\u00e3o muito requisitada por aqueles que pretendem viver \u00e0s portas da capital mas longe da sua confus\u00e3o. Com a Ponte Vasco da Gama a cerca de 10 minutos, bem como a travessia Montijo-Lisboa, que leva milhares diariamente \u00e0 capital, \u00e9 f\u00e1cil fazer a liga\u00e7\u00e3o entre as duas cidades. O Montijo esteve,desde cedo, ligado ao Rio Tejo, que ainda hoje desempenha um papel fundamental na economia da cidade. \u00c9 uma regi\u00e3o em expans\u00e3o, onde inclusivamente j\u00e1 se perspetivou a constru\u00e7\u00e3o do novo <a href=\"https:\/\/eco.sapo.pt\/2021\/07\/20\/mesmo-que-comecassemos-agora-so-em-2026-ou-2027-teriamos-novo-aeroporto-avisa-ceo-da-ana\/\" target=\"_blank\" rel=\"noopener\">Aeroporto de Lisboa<\/a>. <\/p>\n<p>Al\u00e9m das infra-estruturas rodovi\u00e1rias, oferece todo o tipo de com\u00e9rcio e servi\u00e7os que os moradores possam necessitar. O <a href=\"https:\/\/alegro.pt\/alegro-montijo\" target=\"_blank\" rel=\"noopener\">Alegro Montijo<\/a> e o Montijo Retail Park s\u00e3o os locais que albergam as lojas de marcas conhecidas. No centro da cidade, \u00e9 poss\u00edvel encontrar uma grande variedade de supermercados, farm\u00e1cias, restaurantes e caf\u00e9s. A n\u00edvel de sa\u00fade, a cidade \u00e9 servida pelo Hospital do Montijo. Se precisar de fazer uma visita a um banco, aos correios, \u00e0 C\u00e2mara Municipal, ao tribunal e aos demais servi\u00e7os. Alguns dos pontos de interesse culturais s\u00e3o o Moinho de Mar\u00e9 do Cais de Aldeia Galega \/ Montijo, o Monumento ao Pescador Montijense e o Parque Municipal Carlos Hidalgo Gomes de Loureiro.<\/p>\n<p>No que toca a im\u00f3veis, a oferta tamb\u00e9m \u00e9 extensa e inclusivamente, est\u00e3o a surgir novos empreendimentos na regi\u00e3o. Se est\u00e1 \u00e0 procura de casa no Montijo, fique a conhecer alguns dos an\u00fancios dispon\u00edveis no <a href=\"https:\/\/www.imovirtual.com\/\" target=\"_blank\" rel=\"noopener\">Imovirtual<\/a>. <\/p>\n<\/p>\n<h2>Para comprar<\/h2>\n<\/p>\n<h2><strong>Apartamentos<\/strong><\/h2>\n<h3>Encontre aqui todos os <a href=\"https:\/\/www.imovirtual.com\/comprar\/apartamento\/montijo\/?search%5Bdescription%5D=1&amp;search%5Bregion_id%5D=15&amp;search%5Bsubregion_id%5D=224\" target=\"_blank\" rel=\"noopener\">Apartamentos para Comprar no Montijo<\/a><\/h3>\n<\/p>\n<h3><strong>Apartamento T1<\/strong><\/h3>\n<p>190 000 \u20ac<\/p>\n<p class=\" block-img\"><img decoding=\"async\" src=\"https:\/\/www.imovirtual.com\/noticias\/wp-content\/uploads\/2022\/11\/6dc779c0-2828-476a-88f0-5596289a2825_apartamento-t1.png\" alt=\"\"><\/p>\n<p><a href=\"https:\/\/www.imovirtual.com\/pt\/anuncio\/apartamento-de-tipologia-t1-com-varanda-localizado-na-urb-ID15hSU.html#cf8b021fe2\" target=\"_blank\" rel=\"noopener\"><strong>Apartamento T1<\/strong><\/a> com varanda, parqueamento e arrecada\u00e7\u00e3o, localizado na Urbaniza\u00e7\u00e3o Sol Nascente, no Montijo. \u00c9 composto por: quarto, cozinha equipada, uma casa de banho, sala com varanda e ar condicionado. Este im\u00f3vel est\u00e1 inserido em empreendimento novo com acabamentos de alta qualidade e de estilo moderno. Est\u00e1 situado numa zona sossegada e com bons acessos. Localiza\u00e7\u00e3o privilegiada, muito central, pr\u00f3ximo de com\u00e9rcio e servi\u00e7os. F\u00e1cil acesso \u00e0s principais redes rodovi\u00e1rias (ponte Vasco da Gama, A33 e A12).<\/p>\n<\/p>\n<h3><strong>Apartamento T2<\/strong><\/h3>\n<p>120 000 \u20ac<\/p>\n<p class=\" block-img\"><img decoding=\"async\" src=\"https:\/\/www.imovirtual.com\/noticias\/wp-content\/uploads\/2022\/11\/7505688b-12eb-4ecb-bef0-a19b71d2868b_apartamento-t2.png\" alt=\"apartamento t2 para venda no montijo\"><\/p>\n<p><a href=\"https:\/\/www.imovirtual.com\/pt\/anuncio\/t2-no-centro-do-montijo-ID13xwJ.html#beb0b52cf7\" target=\"_blank\" rel=\"noopener\"><strong>Apartamento T2<\/strong><\/a> situado no Montijo, inserido em edif\u00edcio habitacional de 1994, com uma boa localiza\u00e7\u00e3o face \u00e0 envolv\u00eancia e \u00e0 centralidade do mesmo. O apartamento fica junto ao Continente Modelo do Montijo, Escola B\u00e1sica EB 2,3 D. Pedro Varela e Escola Secund\u00e1ria Jorge Peixinho, Piscina Municipal do Montijo e de um conjunto de comercio e servi\u00e7os diversos que se podem encontrar nas imedia\u00e7\u00f5es. Im\u00f3vel apresenta um excelente estado de conserva\u00e7\u00e3o uma vez que praticamente nunca foi habitado. Com vista desafogada e bastante luminosidade, com uma \u00c1rea Bruta Privativa de 70m2.<\/p>\n<h3><strong>Apartamento T3<\/strong><\/h3>\n<p>220 000 \u20ac<\/p>\n<p class=\" block-img\"><img decoding=\"async\" src=\"https:\/\/www.imovirtual.com\/noticias\/wp-content\/uploads\/2022\/11\/6edb9f32-f1f7-4972-b2ee-7feb71882d8f_apartamento-t3.png\" alt=\"apartamento t3 para comprar no montijo\"><\/p>\n<\/p>\n<p><a href=\"https:\/\/www.imovirtual.com\/pt\/anuncio\/apartamento-t3-totalmente-remodelado-como-novo-parque-municipal-ID10NiO.html#83a4554104\" target=\"_blank\" rel=\"noopener\"><strong>Apartamento T3<\/strong><\/a> completamente remodelado, com materiais de alta qualidade no centro do Montijo, muito perto do Parque Municipal, Comarca do Montijo, servi\u00e7os, restaura\u00e7\u00e3o, com\u00e9rcio local, transportes p\u00fablicos, escolas para todas as idades at\u00e9 ao 12\u00ba ano. Im\u00f3vel de elevada qualidade nos acabamentos e conforto. Situado 2\u00ba andar em edif\u00edcio com elevador, \u00e9 composto por: cozinha totalmente equipada com eletrodom\u00e9sticos da maca BEKO e termoacumulador Fagor; m\u00f3veis em branco em alto brilho, com bancada em silestone branca; sala ampla com \u00f3tima ilumina\u00e7\u00e3o natural, duas varandas; 3 quartos com roupeiro com ilumina\u00e7\u00e3o embutida e acabamentos em textura de linho; um dos quartos \u00e9 uma suite; 3 casas de banho, sendo um espa\u00e7o de apoio na zona social.<\/p>\n<\/p>\n<h2><strong>Moradias<\/strong><\/h2>\n<h3>Encontre aqui todas as <a href=\"https:\/\/www.imovirtual.com\/comprar\/moradia\/montijo\/?search%5Bdescription%5D=1&amp;search%5Bregion_id%5D=15&amp;search%5Bsubregion_id%5D=224\" target=\"_blank\" rel=\"noopener\">Moradias para Comprar no Montijo<\/a><\/h3>\n<\/p>\n<h3><strong>Moradia T3+1<\/strong><\/h3>\n<p>365 000 \u20ac<\/p>\n<p class=\" block-img\"><img decoding=\"async\" src=\"https:\/\/www.imovirtual.com\/noticias\/wp-content\/uploads\/2022\/11\/46017e8d-0fec-463d-a1f7-37f1fe387d7d_moradia-t3-1.png\" alt=\"moradia t3+1 para venda no montijo\"><\/p>\n<p><a href=\"https:\/\/www.imovirtual.com\/pt\/anuncio\/moradia-recente-t3-1-na-atalaia-montijo-ID167Mo.html#e7f9aa82db\" target=\"_blank\" rel=\"noopener\"><strong>Moradia T3+ 1<\/strong><\/a> com acabamentos de encher o olho e muito&nbsp;boas \u00e1reas localizada na Urbaniza\u00e7\u00e3o Monte das Vinhas, Atalaia, concelho de Montijo.<br \/>Trata-se de uma casa em banda, distribu\u00edda por&nbsp;4 pisos que promete fazer as del\u00edcias de quem procura viver com conforto e qualidade. A disposi\u00e7\u00e3o a Sul e a qualidade dos materiais aplicados, fazem deste im\u00f3vel uma excelente oportunidade de neg\u00f3cio. Distribui\u00e7\u00e3o do im\u00f3vel: Piso -1: Garagem, Antec\u00e2mara e Arrumos; Piso 0: Sala, Cozinha, WC e Hall e zona de lazer com churrasqueira; Piso 1: 2 Suites, 1 Quarto, Hall, WC e 2 Varandas; Piso 2: Open-space com terra\u00e7o virado a Sul.<\/p>\n<\/p>\n<h3><strong>Moradia T4<\/strong><\/h3>\n<p>350 000 \u20ac<\/p>\n<p class=\" block-img\"><img decoding=\"async\" src=\"https:\/\/www.imovirtual.com\/noticias\/wp-content\/uploads\/2022\/11\/18503e39-d17d-4dcb-aba9-3990bb7ba413_moradia-t4.png\" alt=\"moradia t4 para venda no montijo\"><\/p>\n<p><a href=\"https:\/\/www.imovirtual.com\/pt\/anuncio\/montijo-fantastica-moradia-t4-centro-da-cidade-ID140N0.html#642dce9ebe\" target=\"_blank\" rel=\"noopener\"><strong>Moradia T4<\/strong><\/a> com 3 frentes e com boa exposi\u00e7\u00e3o solar: Nascente, Poente e Sul. Localizada na Urbaniza\u00e7\u00e3o da Quinta do Saldanha. Inserida numa urbaniza\u00e7\u00e3o de moradias, em zona calma e tranquila e com f\u00e1cil e r\u00e1pido acesso \u00e0s principais vias para a ponte Vasco da Gama\/Lisboa\/Set\u00fabal\/ Barreiro. Zona de f\u00e1cil estacionamento e com espa\u00e7os verdes e jardins. Constitu\u00edda por: Escrit\u00f3rio, Sala com lareira e recuperador de calor e Varanda , WC social, Cozinha e sala de refei\u00e7\u00f5es em OpenSpace e despensa, no R\/C.; Hall de acessos aos quartos, Suite com walking closet, 2 Quartos com Roupeiro e WC Social, no 1\u00ba piso; Garagem com 85m2 e com parqueamento para 4 viaturas e Wc com Poliban, Lavandaria: (MLR \/MSR), e Arrumos, na Cave; S\u00f3t\u00e3o. <\/p>\n<\/p>\n<h3><strong>Moradia T4<\/strong><\/h3>\n<p>550 000 \u20ac<\/p>\n<p class=\" block-img\"><img decoding=\"async\" src=\"https:\/\/www.imovirtual.com\/noticias\/wp-content\/uploads\/2022\/11\/057d82bb-f310-4c85-87ca-0f1ba4b296a7_moradia-t41.png\" alt=\"moradia t4 no Montijo\"><\/p>\n<p><a href=\"https:\/\/www.imovirtual.com\/pt\/anuncio\/vende-se-moradia-t4-com-piscina-privativa-e-jardim-na-ata-ID15Ti6.html#6e42ae7b5e\" target=\"_blank\" rel=\"noopener\"><strong>Moradia T4<\/strong><\/a> com piscina privativa e jardim na Atalaia, Montijo. Excelentes \u00e1reas e acabamentos. Disp\u00f5e de: sala com lareira; cozinha totalmente equipada, dispondo de excelente \u00e1rea de refei\u00e7\u00f5es e cave com garagem para 3 a 4 viaturas, lavandaria e arrecada\u00e7\u00e3o. O 1\u00ba piso apresenta 3 quartos, sendo um deles Master Suite com closet e WC privativo, al\u00e9m de varanda privativa e de uso exclusivo; e outros 2 quartos com roupeiros e acesso a varanda e WC de apoio. O 2\u00ba  piso apresenta uma \u00e1rea aberta e quarto com WC privativo. Zona exterior com jardim, piscina privada e imensa \u00e1rea \u00e0 volta da moradia. Completamente mobilada e equipada, pode ser vendida com todo o mobili\u00e1rio.<\/p>\n<\/p>\n<h2>Para arrendar<\/h2>\n<\/p>\n<h2><strong>Apartamentos<\/strong><\/h2>\n<h3>Encontre aqui todos os <a href=\"https:\/\/www.imovirtual.com\/arrendar\/apartamento\/montijo\/?search%5Bdescription%5D=1&amp;search%5Bregion_id%5D=15&amp;search%5Bsubregion_id%5D=224\" target=\"_blank\" rel=\"noopener\">Apartamentos para Arrendar no Montijo<\/a><\/h3>\n<\/p>\n<h3><strong>Apartamento T1<\/strong><\/h3>\n<p>950 \u20ac<\/p>\n<p class=\" block-img\"><img decoding=\"async\" src=\"https:\/\/www.imovirtual.com\/noticias\/wp-content\/uploads\/2022\/11\/698b69d8-3c9e-46bd-b94c-bdf06b585397_t1-para-arrendar.png\" alt=\"apartamento t1 para arrendar no montijo\"><\/p>\n<p><a href=\"https:\/\/www.imovirtual.com\/pt\/anuncio\/arrendo-t1-novo-com-acabamentos-de-luxo-em-edificio-de-re-ID14NDO.html#66fe4d32cf\" target=\"_blank\" rel=\"noopener\"><strong>Apartamento T1<\/strong><\/a> como novo com \u00f3ptima varanda e box de 55m2 no Ria Gallega &#8211; Luxury Apartments Acabamentos de Luxo aliados a generosas \u00e1reas interiores, fazem deste empreendimento uma pe\u00e7a \u00fanica e irrepet\u00edvel. Sala e cozinha com ilha em OpenSpace com v\u00e3o envidra\u00e7ado que d\u00e1 acesso a uma ampla varanda onde se encontra a zona de lavandaria. Quarto com roupeiro, WC Ar condicionado \/ Aspira\u00e7\u00e3o Central \/ Pavimento Radiante em toda a casa. Box fechada com 55m2 para estacionamento de pelo menos 2 viaturas<\/p>\n<\/p>\n<h3><strong>Apartamento T2<\/strong><\/h3>\n<p>700 \u20ac<\/p>\n<p class=\" block-img\"><img decoding=\"async\" src=\"https:\/\/www.imovirtual.com\/noticias\/wp-content\/uploads\/2022\/11\/eb29a4e9-388c-4102-9f9d-2b511c00c7c5_t2-arrendar.png\" alt=\"apartamento t2 para arrendar no montijo\"><\/p>\n<p><a href=\"https:\/\/www.imovirtual.com\/pt\/anuncio\/t2-com-varandas-e-aproveitamento-de-sotao-necessarios-f-ID16hto.html#ee167d12f2\" target=\"_blank\" rel=\"noopener\"><strong>Apartamento T2<\/strong><\/a> de 3 assoalhadas com arrecada\u00e7\u00e3o aproveitada e escadas de acesso interiores, inserido em edif\u00edcio de 3 pisos sem elevador.<br \/>Hall de entrada com pavimento em mosaico e tecto falso em madeira. Sala com pavimento em tacos envernizados e varanda. Cozinha semi-equipada ( exaustor, esquentador, forno e placa), com m\u00f3veis em madeira de cor branca e bancada em f\u00f3rmica, despensa e marquise. Suite com pavimento em tacos envernizados com roupeiro embutido de portas de abrir em madeira, wc suite com base de duche e m\u00f3vel de apoio, janela. Quarto com pavimento em tacos envernizados com roupeiro embutido de portas de abrir em madeira. WC social com banheira simples e janela. Im\u00f3vel arrendado sem mobili\u00e1rio.<\/p>\n<\/p>\n<h3><strong>Apartamento T3<\/strong><\/h3>\n<p>800 \u20ac<\/p>\n<p class=\" block-img\"><img decoding=\"async\" src=\"https:\/\/www.imovirtual.com\/noticias\/wp-content\/uploads\/2022\/11\/38721b54-7000-4048-93bc-9a5e0404624a_t3-arrendar.png\" alt=\"apartamento t3 para arrendar no montijo\"><\/p>\n<p><a href=\"https:\/\/www.imovirtual.com\/pt\/anuncio\/apartamento-t3-para-arrendamento-ID16AJf.html#9eaaea8234\" target=\"_blank\" rel=\"noopener\"><strong>Apartamento T3<\/strong><\/a> em pr\u00e9dio sem elevador, muito amplo e com excelente exposi\u00e7\u00e3o solar. O im\u00f3vel encontra-se em bom estado de conserva\u00e7\u00e3o, com boas \u00e1reas tendo sofrido algumas actualiza\u00e7\u00f5es a n\u00edvel de caixilharia e pintura. \u00c9 composto por cozinha com varanda, equipada com placa vitrocer\u00e2mica, forno el\u00e9ctrico, exaustor, esquentador e com despensa, hall de entrada, casa de banho com banheira, sala de estar com lareira, recuperador de calor e varanda, uma suite com roupeiro embutido e casa de banho com polib\u00e3, e dois quartos.<\/p>\n<p>Excelente localiza\u00e7\u00e3o no Centro do Montijo, pr\u00f3ximo de escola prim\u00e1ria e secund\u00e1ria, infant\u00e1rios e ATL, bem servido de supermercados e postos de combust\u00edvel, com diversos servi\u00e7os na zona, nomeadamente bancos, finan\u00e7as, tribunal, farm\u00e1cia e centro de sa\u00fade. Com f\u00e1ceis acessos \u00e0 Ponte Vasco da Gama, transportes p\u00fablicos directos a Lisboa (autocarro 445) e a 5 minutos a p\u00e9 do cais dos barcos. O apartamento est\u00e1 ainda equipado com aspira\u00e7\u00e3o central.<\/p>\n<\/p>\n<h3><strong>Apartamento T4<\/strong><\/h3>\n<p>1 100 \u20ac<\/p>\n<p class=\" block-img\"><img decoding=\"async\" src=\"https:\/\/www.imovirtual.com\/noticias\/wp-content\/uploads\/2022\/11\/7d292d73-5269-4526-8107-44142a29f3cb_t4-arrendar.png\" alt=\"apartamento t4 para arrendar montijo\"><\/p>\n<p><a href=\"https:\/\/www.imovirtual.com\/pt\/anuncio\/t4-montijo-ID15ZNx.html#eb48c79f4d\" target=\"_blank\" rel=\"noopener\"><strong>Apartamento T4 Duplex<\/strong><\/a>, cinco assoalhadas, com dois terra\u00e7os e parqueamento, bem localizado em pr\u00e9dio recente com elevador.<br \/>Este d\u00faplex conta com pain\u00e9is solares, caixilharia com vidros duplos, estores el\u00e9ctricos, porta blindada, v\u00eddeo porteiro com entrada codificada.<br \/>Piso 1 composto por: sala de estar comum com sala de jantar, dois quartos um deles com roupeiro, 1 casa de banho e cozinha equipada, com acesso a varanda com churrasqueira. Piso 2 composto por duas suites uma delas com roupeiro, dois terra\u00e7os um com 30m2 outro com 20m2. Pr\u00f3ximo de comercio, servi\u00e7os, bom acesso \u00e0s A33, A12 e Ponte Vasco da Gama.<\/p>\n<\/p>\n<h3><strong>Empreendimentos<\/strong><\/h3>\n<h3>Encontre aqui todos os <a href=\"https:\/\/www.imovirtual.com\/investimento\/montijo\/?search%5Bregion_id%5D=15&amp;search%5Bsubregion_id%5D=224\" target=\"_blank\" rel=\"noopener\">Empreendimentos no Montijo<\/a><\/h3>\n<h3><strong><br \/>Ria Gallega<\/strong><\/h3>\n<p>De 1 337 \u20ac\/m\u00b2<\/p>\n<\/p>\n<p class=\" block-img\"><img decoding=\"async\" src=\"https:\/\/www.imovirtual.com\/noticias\/wp-content\/uploads\/2022\/11\/d057bcd6-53d6-41c6-850f-1e12d871af51_Sem-Titulo.png\" alt=\"empreendimento rio gallega montijo\"><\/p>\n<p>Junto \u00e0 principal entrada da cidade de Montijo e junto aos acessos \u00e0 Ponte Vasco da Gama, inserido numa zona residencial de prest\u00edgio, surge o novo empreendimento \u201c<a href=\"https:\/\/www.imovirtual.com\/pt\/anuncio\/ria-gallega-ID13PZp.html#387f40db05\" target=\"_blank\" rel=\"noopener\"><strong>Ria Gallega<\/strong><\/a>\u201d, com a assinatura de qualidade da construtora Yarteck, um projecto&nbsp;simplesmente \u00fanico com uma arquitectura cativante, inovadora e surpreendente que desafia todos os estere\u00f3tipos e cria um novo conceito de habita\u00e7\u00e3o na Margem Sul do Tejo.<\/p>\n<p>O empreendimento encontra-se constitu\u00eddo pelas tipologias T1, T2, T3, T3 D\u00faplex e T4 D\u00faplex, todas elas com grandes \u00e1reas interiores e amplos espa\u00e7os exteriores privativos, para al\u00e9m dos acabamentos de luxo e uma pan\u00f3plia de pormenores distintos que fazem a diferen\u00e7a. <\/p>\n<p>Quase todas as frac\u00e7\u00f5es apresentam ainda garagens privativas em piso subterr\u00e2neo com \u00e1reas entre 27 e 39m2.&nbsp;Todos os apartamentos disp\u00f5em de amplas salas com cozinhas integradas e totalmente equipadas com electrodom\u00e9sticos Siemens encastrados de \u00faltima gera\u00e7\u00e3o, ar condicionado, casas-de-banho com bancadas personalizadas, loi\u00e7as sanit\u00e1rias de design moderno e ilumina\u00e7\u00e3o em LED colocada de forma inovadora. Os quartos t\u00eam todos espa\u00e7osos roupeiros embutidos de linhas contempor\u00e2neas, iluminados por dentro tamb\u00e9m com LED.<\/p>\n<p>A arquitectura do empreendimento \u00e9, no entanto, o tra\u00e7o mais distinto deste projecto, com linhas din\u00e2micas e arrojadas, alternadas com rasgos horizontais por onde se desenham as enormes varandas que abrem as fachadas, coroadas por terra\u00e7os enormes na cobertura destinados para os andares cimeiros.<\/p>\n<\/p>\n<h3><strong>Pinus Urban Garden<\/strong><\/h3>\n<p>De 1 696 \u20ac\/m\u00b2<\/p>\n<p class=\" block-img\"><img decoding=\"async\" src=\"https:\/\/www.imovirtual.com\/noticias\/wp-content\/uploads\/2022\/11\/4226bcac-8acc-4fb1-adb9-ba8c5010405b_pinus.png\" alt=\"pinus urban garden empreendimento montijo\"><\/p>\n<p>Localizada junto aos melhores acessos para entrar e sair da cidade de Montijo, a nova urbaniza\u00e7\u00e3o \u201c<a href=\"https:\/\/www.imovirtual.com\/pt\/anuncio\/pinus-urban-garden-ID13RcN.html#387f40db05\" target=\"_blank\" rel=\"noopener\"><strong>Pinus Urban Garden<\/strong><\/a>\u201d ir\u00e1 complementar a vasta oferta imobili\u00e1ria da cidade com um conjunto de apartamentos luxuosos com grandes \u00e1reas e espa\u00e7os exteriores privativos bastante amplos. A urbaniza\u00e7\u00e3o ser\u00e1 um conjunto habitacional de 66 apartamentos divididos por sete lotes com cinco pisos cada e ainda um piso subterr\u00e2neo com garagens individuais, lugares de parqueamento e ainda arrecada\u00e7\u00f5es para a maioria das frac\u00e7\u00f5es.<\/p>\n<p>Os apartamentos, de tipologias T2, T3 e T3+2 Duplex, apresentam-se com \u00e1reas brutas entre os 168m2 e os 690m2 e com os quartos todos em suite, tendo ainda salas amplas e cozinhas totalmente equipadas com electrodom\u00e9sticos de alta efici\u00eancia energ\u00e9tica. Comp\u00f5em ainda cada apartamento sistemas sofisticados de dom\u00f3tica, aparelhos de ar condicionado, aspira\u00e7\u00e3o central, pain\u00e9is solares para aquecimento de \u00e1guas, som ambiente em todas as divis\u00f5es, pisos radiantes nas casas-de-banho e estores el\u00e9ctricos com corte t\u00e9rmico. Nas varandas encontrar\u00e1 ainda churrasqueiras e resguardos em vidro, possibilitando-lhe contemplar a agrad\u00e1vel envolvente e desfrutar de vistas panor\u00e2micas.<\/p>\n<\/p>\n<p class=\" block-img\"><img decoding=\"async\" src=\"https:\/\/www.imovirtual.com\/noticias\/wp-content\/uploads\/2022\/11\/3c23b667-0a08-4ca1-abcb-74566be5c538_Copia-de-Banners-Autores-2.png\" alt=\"Alexandre Lu\u00eds Autor Imovirtual\"><\/p>\n<h5><em>Tamb\u00e9m conhecido como &#8216;O Consultor&#8217;. Pode encontr\u00e1-lo a consultar o \u00faltimo estudo de mercado. N\u00e3o tem talento para vender, mas sabe tudo sobre Imobili\u00e1rio. Fala sobre quest\u00f5es relacionadas com o tema no Blog do Imovirtual.<\/em><\/h5>\n<\/p>\n<h4><strong>Leia tamb\u00e9m<\/strong><\/h4>\n<ul>\n<li>Como escolher a <a href=\"https:\/\/www.imovirtual.com\/noticias\/imobiliario\/dicas-para-escolher-zona-onde-viver\" target=\"_blank\" rel=\"noopener\"><strong>zona certa para viver<\/strong><\/a><\/li>\n<li><a href=\"https:\/\/www.imovirtual.com\/noticias\/imobiliario\/comprar-casa-visitas-virtuais\" target=\"_blank\" rel=\"noopener\"><strong>Comprar casa sem visitar<\/strong><\/a>? Atente a estas dicas<\/li>\n<li>O&nbsp;<a href=\"https:\/\/www.imovirtual.com\/noticias\/imobiliario\/oito-etapas-comprar-casas\" target=\"_blank\" rel=\"noopener\"><strong>processo de compra de um im\u00f3vel<\/strong><\/a>&nbsp;em 8 etapas<\/li>\n<\/ul>\n<\/p>\n<div class=\"css-h5fkc8\"><strong>Ultima actualiza\u00e7\u00e3o:<\/strong> 15 agosto 2021<\/div>\n","protected":false},"excerpt":{"rendered":"<p>Casas no Montijo Faz parte da \u00c1rea Metropolitana de Lisboa e \u00e9 uma regi\u00e3o muito requisitada por aqueles que pretendem viver \u00e0s portas da capital mas longe da sua confus\u00e3o. Com a Ponte Vasco da Gama a cerca de 10 minutos, bem como a travessia Montijo-Lisboa, que leva milhares diariamente \u00e0 capital, \u00e9 f\u00e1cil fazer &hellip;<\/p>\n","protected":false},"author":3,"featured_media":3038,"comment_status":"closed","ping_status":"open","sticky":false,"template":"","format":"standard","meta":{"footnotes":""},"categories":[37,5],"tags":[],"class_list":["post-3037","post","type-post","status-publish","format-standard","has-post-thumbnail","hentry","category-financas-e-imobiliario","category-imobiliario"],"_links":{"self":[{"href":"https:\/\/www.imovirtual.com\/noticias\/wp-json\/wp\/v2\/posts\/3037","targetHints":{"allow":["GET"]}}],"collection":[{"href":"https:\/\/www.imovirtual.com\/noticias\/wp-json\/wp\/v2\/posts"}],"about":[{"href":"https:\/\/www.imovirtual.com\/noticias\/wp-json\/wp\/v2\/types\/post"}],"author":[{"embeddable":true,"href":"https:\/\/www.imovirtual.com\/noticias\/wp-json\/wp\/v2\/users\/3"}],"replies":[{"embeddable":true,"href":"https:\/\/www.imovirtual.com\/noticias\/wp-json\/wp\/v2\/comments?post=3037"}],"version-history":[{"count":0,"href":"https:\/\/www.imovirtual.com\/noticias\/wp-json\/wp\/v2\/posts\/3037\/revisions"}],"wp:featuredmedia":[{"embeddable":true,"href":"https:\/\/www.imovirtual.com\/noticias\/wp-json\/wp\/v2\/media\/3038"}],"wp:attachment":[{"href":"https:\/\/www.imovirtual.com\/noticias\/wp-json\/wp\/v2\/media?parent=3037"}],"wp:term":[{"taxonomy":"category","embeddable":true,"href":"https:\/\/www.imovirtual.com\/noticias\/wp-json\/wp\/v2\/categories?post=3037"},{"taxonomy":"post_tag","embeddable":true,"href":"https:\/\/www.imovirtual.com\/noticias\/wp-json\/wp\/v2\/tags?post=3037"}],"curies":[{"name":"wp","href":"https:\/\/api.w.org\/{rel}","templated":true}]}}