{"id":301,"date":"2022-06-22T00:00:00","date_gmt":"2022-06-22T00:00:00","guid":{"rendered":"https:\/\/www.imovirtual.com\/noticias2\/2022\/06\/22\/imosintese-noticias-210622\/"},"modified":"2022-06-22T00:00:00","modified_gmt":"2022-06-22T00:00:00","slug":"imosintese-noticias-210622","status":"publish","type":"post","link":"https:\/\/www.imovirtual.com\/noticias\/novidades\/imosintese-noticias-210622\/","title":{"rendered":"IMOS\u00cdNTESE &#8211; NOT\u00cdCIAS 21\/06"},"content":{"rendered":"<p class=\"css-8qfla4\">\n<p class=\"css-m5h6m0 edperro0\">\n<h2><strong>Em parceria com o Di\u00e1rio Imobili\u00e1rio, o Imovirtual apresenta diariamente um resumo notici\u00e1rio dos acontecimentos mais relevantes do dia. Fique a par das \u00faltimas novidades do Mercado Imobili\u00e1rio:<\/strong><\/h2>\n<\/p>\n<h1><strong>Oeiras vai arrancar com a constru\u00e7\u00e3o de 92 casas de arrendamento apoiado<\/strong><\/h1>\n<p>Oeiras vai construir 92 casas para arrendamento apoiado. S\u00e3o as primeiras de um total de 691 casas, anunciado pelo Munic\u00edpio, a serem constru\u00eddas at\u00e9 2026 e destinadas aos v\u00e1rios p\u00fablicos que se encontram em situa\u00e7\u00e3o de car\u00eancia habitacional.<\/p>\n<h3><strong>Saiba mais <a href=\"https:\/\/www.diarioimobiliario.pt\/Habitacao\/Oeiras-vai-arrancar-com-a-construcao-de-92-casas-de-arrendamento-apoiado\" target=\"_blank\" rel=\"noopener\">aqui<\/a><\/strong><\/h3>\n<\/p>\n<h1><strong>Borras de caf\u00e9 na parede? Investigadoras portuguesas utilizam-nas para melhor a efici\u00eancia energ\u00e9tica das casas<\/strong><\/h1>\n<p>Duas investigadoras da Universidade de Aveiro (UA) contribu\u00edram para a descoberta de que as borras de caf\u00e9, quando adicionadas a argamassas de reboco usadas na constru\u00e7\u00e3o civil, promovem uma enorme melhoria na efici\u00eancia energ\u00e9tica dos edif\u00edcios.<\/p>\n<h3><strong>Saiba mais <a href=\"https:\/\/www.diarioimobiliario.pt\/Actualidade\/Borras-de-cafe-na-parede-Investigadoras-portuguesas-utilizam-nas-para-melhor-a-eficiencia-energetica-das-casas\" target=\"_blank\" rel=\"noopener\">aqui<\/a><\/strong><\/h3>\n<\/p>\n<h1><strong>Escalada dos pre\u00e7os das casas continua. Em Maio a subida foi de 2,5%<\/strong><\/h1>\n<p>O pre\u00e7o de&nbsp;venda das casas em Portugal (Continental) aumentou 2,5% em Maio face ao m\u00eas&nbsp;anterior, de acordo com o \u00cdndice de Pre\u00e7os da Confidencial Imobili\u00e1rio.<\/p>\n<h3><strong>Saiba mais <a href=\"https:\/\/www.diarioimobiliario.pt\/Habitacao\/Escalada-dos-precos-das-casas-continua.-Em-Maio-a-subida-foi-de-2-5\" target=\"_blank\" rel=\"noopener\">aqui<\/a><\/strong><\/h3>\n<\/p>\n<h1><strong>Fundos Imobili\u00e1rios geriram 10.804 milh\u00f5es de euros em Maio<\/strong><\/h1>\n<p>Em Maio, o valor sob gest\u00e3o dos fundos de investimento imobili\u00e1rio (FII), dos fundos especiais de investimento imobili\u00e1rio (FEII) e dos fundos de gest\u00e3o de patrim\u00f3nio imobili\u00e1rio (FUNGEPI) atingiu 10.804 milh\u00f5es de euros,&nbsp;menos 110,2 milh\u00f5es (1%) do que em abril.<\/p>\n<h3><strong>Saiba mais <a href=\"https:\/\/www.diarioimobiliario.pt\/Actualidade\/Fundos-Imobiliarios-geriram-10.804-milhoes-de-euros-em-Maio\" target=\"_blank\" rel=\"noopener\">aqui<\/a><\/strong><\/h3>\n<\/p>\n<h1><strong>Mercado imobili\u00e1rio portugu\u00eas ser\u00e1 afectado por factores externos que o abrandar\u00e3o<\/strong><\/h1>\n<p>Ant\u00f3nio Nogueira Leite, Board Member da Hipoges&nbsp;acredita que o mercado portugu\u00eas&nbsp;ser\u00e1 influenciado por factores externos comuns que ditar\u00e3o o seu abrandamento at\u00e9 ao final do ano.<\/p>\n<h3><strong>Saiba mais <a href=\"https:\/\/www.diarioimobiliario.pt\/Actualidade\/Mercado-imobiliario-portugues-sera-afectado-por-factores-externos-que-o-abrandarao\" target=\"_blank\" rel=\"noopener\">aqui<\/a><\/strong><\/h3>\n<\/p>\n<p><strong>Leia as anteriores Imos\u00edntese:<\/strong><\/p>\n<p><strong>\ud83d\udc49<a href=\"https:\/\/www.imovirtual.com\/noticias\/noticias\/imosintese-noticias-200622\" target=\"_blank\" rel=\"noopener\">IMOS\u00cdNTESE &#8211; NOT\u00cdCIAS 20\/06<\/a><\/strong><\/p>\n<p><strong>\ud83d\udc49<a href=\"https:\/\/www.imovirtual.com\/noticias\/noticias\/imosintese-noticias-170622\" target=\"_blank\" rel=\"noopener\">IMOS\u00cdNTESE &#8211; NOT\u00cdCIAS 17\/06<\/a><\/strong><\/p>\n<p><strong>\ud83d\udc49<a href=\"https:\/\/www.imovirtual.com\/noticias\/noticias\/imosintese-noticias-150622\" target=\"_blank\" rel=\"noopener\">IMOS\u00cdNTESE &#8211; NOT\u00cdCIAS 15\/06<\/a><\/strong><\/p>\n<\/p>\n<div class=\"css-h5fkc8\"><strong>Ultima actualiza\u00e7\u00e3o:<\/strong> 22 junho 2022<\/div>\n","protected":false},"excerpt":{"rendered":"<p>Em parceria com o Di\u00e1rio Imobili\u00e1rio, o Imovirtual apresenta diariamente um resumo notici\u00e1rio dos acontecimentos mais relevantes do dia. Fique a par das \u00faltimas novidades do Mercado Imobili\u00e1rio: Oeiras vai arrancar com a constru\u00e7\u00e3o de 92 casas de arrendamento apoiado Oeiras vai construir 92 casas para arrendamento apoiado. S\u00e3o as primeiras de um total de &hellip;<\/p>\n","protected":false},"author":3,"featured_media":100,"comment_status":"closed","ping_status":"open","sticky":false,"template":"","format":"standard","meta":{"footnotes":""},"categories":[4],"tags":[],"class_list":["post-301","post","type-post","status-publish","format-standard","has-post-thumbnail","hentry","category-novidades"],"_links":{"self":[{"href":"https:\/\/www.imovirtual.com\/noticias\/wp-json\/wp\/v2\/posts\/301","targetHints":{"allow":["GET"]}}],"collection":[{"href":"https:\/\/www.imovirtual.com\/noticias\/wp-json\/wp\/v2\/posts"}],"about":[{"href":"https:\/\/www.imovirtual.com\/noticias\/wp-json\/wp\/v2\/types\/post"}],"author":[{"embeddable":true,"href":"https:\/\/www.imovirtual.com\/noticias\/wp-json\/wp\/v2\/users\/3"}],"replies":[{"embeddable":true,"href":"https:\/\/www.imovirtual.com\/noticias\/wp-json\/wp\/v2\/comments?post=301"}],"version-history":[{"count":0,"href":"https:\/\/www.imovirtual.com\/noticias\/wp-json\/wp\/v2\/posts\/301\/revisions"}],"wp:featuredmedia":[{"embeddable":true,"href":"https:\/\/www.imovirtual.com\/noticias\/wp-json\/wp\/v2\/media\/100"}],"wp:attachment":[{"href":"https:\/\/www.imovirtual.com\/noticias\/wp-json\/wp\/v2\/media?parent=301"}],"wp:term":[{"taxonomy":"category","embeddable":true,"href":"https:\/\/www.imovirtual.com\/noticias\/wp-json\/wp\/v2\/categories?post=301"},{"taxonomy":"post_tag","embeddable":true,"href":"https:\/\/www.imovirtual.com\/noticias\/wp-json\/wp\/v2\/tags?post=301"}],"curies":[{"name":"wp","href":"https:\/\/api.w.org\/{rel}","templated":true}]}}