{"id":297,"date":"2022-06-27T00:00:00","date_gmt":"2022-06-27T00:00:00","guid":{"rendered":"https:\/\/www.imovirtual.com\/noticias2\/2022\/06\/27\/imosintese-noticias-240622\/"},"modified":"2022-06-27T00:00:00","modified_gmt":"2022-06-27T00:00:00","slug":"imosintese-noticias-240622","status":"publish","type":"post","link":"https:\/\/www.imovirtual.com\/noticias\/novidades\/imosintese-noticias-240622\/","title":{"rendered":"IMOS\u00cdNTESE &#8211; NOT\u00cdCIAS 24\/06"},"content":{"rendered":"<p class=\"css-8qfla4\">\n<p class=\"css-m5h6m0 edperro0\">\n<h2><strong>Em parceria com o Di\u00e1rio Imobili\u00e1rio, o Imovirtual apresenta diariamente um resumo notici\u00e1rio dos acontecimentos mais relevantes do dia. Fique a par das \u00faltimas novidades do Mercado Imobili\u00e1rio:<\/strong><\/h2>\n<\/p>\n<h1><strong>RE\/MAX Collection comercializa oito novos empreendimentos &#8216;premium&#8217;<\/strong><\/h1>\n<p>Edif\u00edcio Heritage 52, Linea Residences, NooBa, Gestilar Residences Miraflores, Villas do Carmo, Aurya, Montisn\u00e1via e Bom Sucesso s\u00e3o os oito novos empreendimentos premium na Grande Lisboa que a RE\/MAX Collection apresentou ao mercado e tem em comercializa\u00e7\u00e3o na regi\u00e3o da Grande Lisboa.<\/p>\n<h3><strong>Saiba mais <a href=\"https:\/\/www.diarioimobiliario.pt\/Habitacao\/RE-MAX-Collection-comercializa-oito-novos-empreendimentos-premium\" target=\"_blank\" rel=\"noopener\">aqui<\/a><\/strong><\/h3>\n<\/p>\n<h1><strong>Designer Outlet Algarve classificado como melhor Outlet em Portugal<\/strong><\/h1>\n<p>O Designer Outlet Algarve&nbsp;foi classificado como o melhor Outlet em Portugal, no \u00e2mbito do relat\u00f3rio \u201cOutlet Centre Performance Report Europe\u201d, relativo a 2021, realizado pela consultora alem\u00e3 Ecostra.<\/p>\n<h3><strong>Saiba mais <a href=\"https:\/\/www.diarioimobiliario.pt\/Actualidade\/Designer-Outlet-Algarve-classificado-como-melhor-Outlet-em-Portugal\" target=\"_blank\" rel=\"noopener\">aqui<\/a><\/strong><\/h3>\n<\/p>\n<h1><strong>Ana Andr\u00e9 \u00e9 a nova directora de Marketing da Leroy Merlin<\/strong><\/h1>\n<p>Ana Andr\u00e9, que chegou \u00e0 Leroy Merlin&nbsp;no in\u00edcio de 2021 para o cargo de&nbsp;Respons\u00e1vel de Marketing de Ecommerce, \u00e9 a nova directora de Marketing Data-Driven.&nbsp;<\/p>\n<h3><strong>Saiba mais <a href=\"https:\/\/www.diarioimobiliario.pt\/Actualidade\/Ana-Andre-e-a-nova-directora-de-Marketing-da-Leroy-Merlin\" target=\"_blank\" rel=\"noopener\">aqui<\/a><\/strong><\/h3>\n<\/p>\n<h1><strong>LovelyStay com novo servi\u00e7o de preven\u00e7\u00e3o de danos causados por h\u00f3spedes<\/strong><\/h1>\n<p>A empresa de gest\u00e3o de alojamento local, LovelyStay, lan\u00e7a um novo servi\u00e7o para o mercado de Alojamento Local &#8211; AL, a&nbsp;possibilidade dos seus clientes&nbsp;aderirem a uma garantia especial que cobre quaisquer danos causados pelos h\u00f3spedes,&nbsp;at\u00e9 3.7 milh\u00f5es de euros.<\/p>\n<h3><strong>Saiba mais <a href=\"https:\/\/www.diarioimobiliario.pt\/Turismo\/LovelyStay-com-novo-servico-de-prevencao-de-danos-causados-por-hospedes\" target=\"_blank\" rel=\"noopener\">aqui<\/a><\/strong><\/h3>\n<\/p>\n<h1><strong>Grupo CVM vai investir 140 milh\u00f5es em 15 edif\u00edcios at\u00e9 2024<\/strong><\/h1>\n<p>O grupo CVM,&nbsp;Constru\u00e7\u00f5es Vila Maior,&nbsp;vai investir 140 milh\u00f5es de euros&nbsp;at\u00e9 2024 na constru\u00e7\u00e3o de 15 edif\u00edcios, o correspondente a 825 fra\u00e7\u00f5es, das quais 425 j\u00e1 est\u00e3o em curso e as restantes 400 ir\u00e3o iniciar-se at\u00e9 final do 1\u00ba trimestre de 2023.<\/p>\n<h3><strong>Saiba mais <a href=\"https:\/\/www.diarioimobiliario.pt\/Actualidade\/Grupo-CVM-vai-investir-140-milhoes-em-15-edificios-ate-2024\" target=\"_blank\" rel=\"noopener\">aqui<\/a><\/strong><\/h3>\n<\/p>\n<p><strong>Leia as anteriores Imos\u00edntese:<\/strong><\/p>\n<p><strong>\ud83d\udc49<a href=\"https:\/\/www.imovirtual.com\/noticias\/noticias\/imosintese-noticias-230622\" target=\"_blank\" rel=\"noopener\">IMOS\u00cdNTESE &#8211; NOT\u00cdCIAS 23\/06<\/a><\/strong><\/p>\n<p><strong>\ud83d\udc49<a href=\"https:\/\/www.imovirtual.com\/noticias\/noticias\/imosintese-noticias-220622\" target=\"_blank\" rel=\"noopener\">IMOS\u00cdNTESE &#8211; NOT\u00cdCIAS 22\/06<\/a><\/strong><\/p>\n<p><strong>\ud83d\udc49<a href=\"https:\/\/www.imovirtual.com\/noticias\/noticias\/imosintese-noticias-210622\" target=\"_blank\" rel=\"noopener\">IMOS\u00cdNTESE &#8211; NOT\u00cdCIAS 21\/06<\/a><\/strong><\/p>\n<\/p>\n<div class=\"css-h5fkc8\"><strong>Ultima actualiza\u00e7\u00e3o:<\/strong> 27 junho 2022<\/div>\n","protected":false},"excerpt":{"rendered":"<p>Em parceria com o Di\u00e1rio Imobili\u00e1rio, o Imovirtual apresenta diariamente um resumo notici\u00e1rio dos acontecimentos mais relevantes do dia. Fique a par das \u00faltimas novidades do Mercado Imobili\u00e1rio: RE\/MAX Collection comercializa oito novos empreendimentos &#8216;premium&#8217; Edif\u00edcio Heritage 52, Linea Residences, NooBa, Gestilar Residences Miraflores, Villas do Carmo, Aurya, Montisn\u00e1via e Bom Sucesso s\u00e3o os oito &hellip;<\/p>\n","protected":false},"author":3,"featured_media":100,"comment_status":"closed","ping_status":"open","sticky":false,"template":"","format":"standard","meta":{"footnotes":""},"categories":[4],"tags":[],"class_list":["post-297","post","type-post","status-publish","format-standard","has-post-thumbnail","hentry","category-novidades"],"_links":{"self":[{"href":"https:\/\/www.imovirtual.com\/noticias\/wp-json\/wp\/v2\/posts\/297","targetHints":{"allow":["GET"]}}],"collection":[{"href":"https:\/\/www.imovirtual.com\/noticias\/wp-json\/wp\/v2\/posts"}],"about":[{"href":"https:\/\/www.imovirtual.com\/noticias\/wp-json\/wp\/v2\/types\/post"}],"author":[{"embeddable":true,"href":"https:\/\/www.imovirtual.com\/noticias\/wp-json\/wp\/v2\/users\/3"}],"replies":[{"embeddable":true,"href":"https:\/\/www.imovirtual.com\/noticias\/wp-json\/wp\/v2\/comments?post=297"}],"version-history":[{"count":0,"href":"https:\/\/www.imovirtual.com\/noticias\/wp-json\/wp\/v2\/posts\/297\/revisions"}],"wp:featuredmedia":[{"embeddable":true,"href":"https:\/\/www.imovirtual.com\/noticias\/wp-json\/wp\/v2\/media\/100"}],"wp:attachment":[{"href":"https:\/\/www.imovirtual.com\/noticias\/wp-json\/wp\/v2\/media?parent=297"}],"wp:term":[{"taxonomy":"category","embeddable":true,"href":"https:\/\/www.imovirtual.com\/noticias\/wp-json\/wp\/v2\/categories?post=297"},{"taxonomy":"post_tag","embeddable":true,"href":"https:\/\/www.imovirtual.com\/noticias\/wp-json\/wp\/v2\/tags?post=297"}],"curies":[{"name":"wp","href":"https:\/\/api.w.org\/{rel}","templated":true}]}}