{"id":2947,"date":"2021-07-12T00:00:00","date_gmt":"2021-07-12T00:00:00","guid":{"rendered":"https:\/\/www.imovirtual.com\/noticias2\/2021\/07\/12\/10-anos-imovirtual\/"},"modified":"2021-07-12T00:00:00","modified_gmt":"2021-07-12T00:00:00","slug":"10-anos-imovirtual","status":"publish","type":"post","link":"https:\/\/www.imovirtual.com\/noticias\/relatorio-de-precos\/10-anos-imovirtual\/","title":{"rendered":"10 anos de Imovirtual"},"content":{"rendered":"<p class=\"css-8qfla4\">\n<p class=\"css-m5h6m0 edperro0\">\n<h1><strong>O Imovirtual est\u00e1 de parab\u00e9ns!<\/strong><\/h1>\n<p>Chegamos a Portugal h\u00e1 10 anos e hoje somos o Portal Imobili\u00e1rio de Refer\u00eancia, com mais de 6 milh\u00f5es de visitas mensais, 300.000 an\u00fancios de im\u00f3veis e 400 mil contactos a an\u00fancios. Os n\u00fameros de sucesso n\u00e3o se conquistam da noite para o dia. Foram 10 anos de uma caminhada exigente e com v\u00e1rios obst\u00e1culos, ultrapassados com o trabalho, esfor\u00e7o e dedica\u00e7\u00e3o da equipa Imovirtual, sempre empenhada em prestar o melhor servi\u00e7o para garantir a satisfa\u00e7\u00e3o dos clientes e atingir os resultados propostos.&nbsp;<\/p>\n<p>E \u00e9 por isso que os n\u00fameros falam por si, assim como o reconhecimento que nos foi sendo atribu\u00eddo ao longo destes anos, tanto dos profissionais como do p\u00fablico em geral. De acordo com um estudo da Marktest, cerca de 6 em cada 10 pessoas, pensam em 1\u00ba lugar no Imovirtual ou no OLX para comprar casa. Os profissionais do setor partilham da mesma opini\u00e3o: segundo um estudo da Ipsos para o Imovirtual, o Portal de Refer\u00eancia no Imobili\u00e1rio lidera as prefer\u00eancias, com 77% dos profissionais a revelarem-se satisfeitos com os servi\u00e7os prestados.&nbsp;<\/p>\n<p>Prova disso, tamb\u00e9m s\u00e3o os pr\u00e9mios: em 2020, o <a href=\"https:\/\/www.imovirtual.com\/noticias\/imoblog\/premios-imovirtual\" target=\"_blank\" rel=\"noopener\">Imovirtual foi distinguido<\/a> pelo 7\u00ba e 6\u00ba ano consecutivos com os pr\u00e9mios \u2018Escolha do Consumidor\u2019 e \u2018Cinco Estrelas\u2019, na categoria de Com\u00e9rcio Imobili\u00e1rio Online.&nbsp;<\/p>\n<\/p>\n<h2><strong>Mas para chegarmos aqui percorremos um longo caminho\u2026<\/strong><\/h2>\n<p>Em 2011, viv\u00edamos uma Crise Econ\u00f3mica, com a sombra da Troika a pairar sob as contas p\u00fablicas e as medidas de austeridade a sufocarem as fam\u00edlias portuguesas. A taxa de crescimento dos empr\u00e9stimos a particulares com destino \u00e0 habita\u00e7\u00e3o alcan\u00e7ava uma varia\u00e7\u00e3o negativa, segundo dados do <a href=\"https:\/\/www.bportugal.pt\/sites\/default\/files\/anexos\/pdf-boletim\/ra_11_p.pdf\" target=\"_blank\" rel=\"noopener\">Banco de Portugal<\/a>. N\u00e3o s\u00f3 se concediam menos Cr\u00e9ditos Habita\u00e7\u00e3o, como tamb\u00e9m o investimento em casa pr\u00f3pria ficava para segundo plano, por conta da incerteza econ\u00f3mica. O P\u00fablico e o <a href=\"https:\/\/www.jornaldenegocios.pt\/empresas\/detalhe\/desapareceram_720_imobiliaacuterias_nos_trecircs_primeiros_meses_do_ano\" target=\"_blank\" rel=\"noopener\">Jornal de Neg\u00f3cios<\/a>, falavam de uma quebra nos n\u00fameros das ag\u00eancias imobili\u00e1rias: cerca de 720 desapareceram nos primeiros tr\u00eas meses de 2011, e as que sobreviveram tentavam ultrapassar a crise recorrendo \u00e0 venda de <a href=\"https:\/\/www.rtp.pt\/noticias\/economia\/empresas-de-mediacao-tentam-ultrapassar-crise-com-venda-de-imoveis-penhorados_n473063\" target=\"_blank\" rel=\"noopener\">im\u00f3veis penhorados<\/a> pelos bancos, porque o financiamento a 100% ainda era permitido.&nbsp;<\/p>\n<p class=\" block-img\"><img decoding=\"async\" src=\"https:\/\/www.imovirtual.com\/noticias\/wp-content\/uploads\/2022\/11\/e467d1e6-9c7b-4974-8cc9-c29e3e39e137_Atual-logotipo.png\" alt=\"l\u00f3gotipos imovirtual\"><\/p>\n<p>Apesar do cen\u00e1rio negativo e de todos os obst\u00e1culos que a Crise Econ\u00f3mica augurava, o Imovirtual, uma marca do Grupo FixeAds, estreou-se em 2011 e foi muito bem recebido no Mercado Portugu\u00eas. Desde ent\u00e3o, de ano para ano, foi crescendo e apresentando novidades aos profissionais e clientes que usam a plataforma.&nbsp;<\/p>\n<p class=\" block-img\"><img decoding=\"async\" src=\"https:\/\/www.imovirtual.com\/noticias\/wp-content\/uploads\/2022\/11\/b79a9c05-79cf-47d4-b417-eb3a2a48e878_Copia-de-Sem-nome-2021-07-12T151740.422.png\" alt=\"antigo site imovirtual\"><\/p>\n<h5><em>Imovirtual em 2011<\/em><\/h5>\n<\/p>\n<p>As mudan\u00e7as come\u00e7aram logo em 2012, quando o Portal passou para a jurisdi\u00e7\u00e3o da Naspers. J\u00e1 nessa altura a aposta era o mobile e a divulga\u00e7\u00e3o internacional. Por isso, dois anos mais tarde lan\u00e7\u00e1mos a nossa App, direcionada para anunciantes e compradores.&nbsp;<\/p>\n<p class=\" block-img\"><img decoding=\"async\" src=\"https:\/\/images.prismic.io\/imovirtual\/0ed74118-bc32-4715-a7fd-6c175f0cef95_C%C3%B3pia+de+Sem+nome+-+2021-07-12T151818.103.png\" alt=\"app imovirtual\"><\/p>\n<h5><em>App Imovirtual<\/em><\/h5>\n<\/p>\n<p>Em 2016, chegou uma grande mudan\u00e7a com a integra\u00e7\u00e3o no OLX Group, do qual tamb\u00e9m fazem parte marcas como o OLX e o Standvirtual. A identidade visual da marca sofreu um <em>rebranding<\/em> no ano seguinte, mas o slogan ficou o mesmo. Isto porque, ainda hoje, pode encontrar no Imovirtual, <em>De T0 a T-Tudo<\/em>.&nbsp;<\/p>\n<p>As ferramentas para profissionais tamb\u00e9m foram evoluindo: tudo come\u00e7ou com a <a href=\"https:\/\/www.imovirtual.com\/academia\/\" target=\"_blank\" rel=\"noopener\">Academia Imovirtual<\/a>, lan\u00e7ada em 2018 e que desde fevereiro de 2021 at\u00e9 hoje, contou com mais de 600 participantes. Um ano depois, surgiu o primeiro evento criado por um Portal Imobili\u00e1rio, o APROXIMO que este ano teve a segunda edi\u00e7\u00e3o num formato online por conta da pandemia. Tivemos cerca de 400 participantes em 3 horas de conte\u00fado em directo, mais de 1.000 views e 96% disse que participaria numa pr\u00f3xima edi\u00e7\u00e3o.<\/p>\n<p>Em 2020 passou a ser poss\u00edvel a exporta\u00e7\u00e3o de an\u00fancios do Imovirtual para o OLX, bem como a incorpora\u00e7\u00e3o de <a href=\"https:\/\/www.imovirtual.com\/noticias\/atualidade\/imovirtual-lanca-novidades-no-seu-portal-id245.html\" target=\"_blank\" rel=\"noopener\">visitas virtuais<\/a>. E em 2021 arranc\u00e1mos com mais uma novidade, uma <a href=\"https:\/\/www.imovirtual.com\/clientes\/\" target=\"_blank\" rel=\"noopener\">p\u00e1gina dedicada a profissionais<\/a>. N\u00e3o vamos ficar por aqui: o nosso compromisso \u00e9 encontrar solu\u00e7\u00f5es para melhor satisfazer as necessidades daqueles que confiam em n\u00f3s para comprar, vender e arrendar um im\u00f3vel.<\/p>\n<\/p>\n<h2><strong>O Imovirtual hoje<\/strong><\/h2>\n<p>Al\u00e9m destas ferramentas, os clientes profissionais que se juntam ao Imovirtual, ter\u00e3o outras regalias, a come\u00e7ar pelos pacotes para clientes de todos os tamanhos (XXS, XS, S, M e L). Os profissionais podem contar com uma p\u00e1gina onde constam todos os seus im\u00f3veis dispon\u00edveis, al\u00e9m de poderem fazer a exporta\u00e7\u00e3o para o OLX e para Portais Internacionais. Entre as demais vantagens que o Imovirtual oferece, destacamos:&nbsp;<\/p>\n<ul>\n<li>Integra\u00e7\u00e3o com praticamente todos os CRMs imobili\u00e1rios que atuam em Portugal.<\/li>\n<li>Forma\u00e7\u00e3o gratuita sobre o Mercado;<\/li>\n<li>Report sobre dados de Mercado;<\/li>\n<li>Revista e newsletter especializada para o Consultor Imobili\u00e1rio;<\/li>\n<li>Gestor de Conta dedicado.<\/li>\n<li>Evento anual para todos os Profissionais do sector com conte\u00fado exclusivo<\/li>\n<\/ul>\n<p>Recentemente lan\u00e7amos a campanha <a href=\"https:\/\/www.imovirtual.com\/noticias\/imoblog\/vencedores-nossa-casa-nosso-mundo\" target=\"_blank\" rel=\"noopener\">Nossa Casa Nosso Mundo<\/a> para melhor compreender quais s\u00e3o as atuais necessidades dos consumidores. A campanha contou com a participa\u00e7\u00e3o do p\u00fablico e trouxe dados importantes para os profissionais do imobili\u00e1rio compreenderem o que os portugueses procuram num im\u00f3vel hoje em dia.&nbsp;<\/p>\n<\/p>\n<h3>Obrigado por confiar no Imovirtual.<\/h3>\n<h3><strong>Juntos&nbsp;abrimos portas \u00e0 mudan\u00e7a.<\/strong><\/h3>\n<\/p>\n<h2><strong>Veja tamb\u00e9m<\/strong><\/h2>\n<ul>\n<li>Mercado Imobili\u00e1rio em N\u00fameros: <a href=\"https:\/\/www.imovirtual.com\/noticias\/imoblog\/mercado-imobiliario-em-numeros-barometro-mensal-junho\" target=\"_blank\" rel=\"noopener\"><strong>Bar\u00f3metro Mensal de Junho<\/strong><\/a><\/li>\n<li>Imovirtual integra TOP 20 dos <a href=\"https:\/\/www.imovirtual.com\/noticias\/imoblog\/imovirtual-integra-top-20-dos-sites-com-mais-audiencia\" target=\"_blank\" rel=\"noopener\"><strong>sites com mais audi\u00eancia em Portugal<\/strong><\/a><\/li>\n<li>Um ano de pandemia: o <a href=\"https:\/\/www.imovirtual.com\/noticias\/imoblog\/um-ano-de-pandemia-o-balanco-do-imovirtual\"><strong>balan\u00e7o do Imovirtual<\/strong><\/a><\/li>\n<\/ul>\n<\/p>\n<div class=\"css-h5fkc8\"><strong>Ultima actualiza\u00e7\u00e3o:<\/strong> 18 agosto 2021<\/div>\n","protected":false},"excerpt":{"rendered":"<p>O Imovirtual est\u00e1 de parab\u00e9ns! Chegamos a Portugal h\u00e1 10 anos e hoje somos o Portal Imobili\u00e1rio de Refer\u00eancia, com mais de 6 milh\u00f5es de visitas mensais, 300.000 an\u00fancios de im\u00f3veis e 400 mil contactos a an\u00fancios. Os n\u00fameros de sucesso n\u00e3o se conquistam da noite para o dia. Foram 10 anos de uma caminhada &hellip;<\/p>\n","protected":false},"author":3,"featured_media":2949,"comment_status":"closed","ping_status":"open","sticky":false,"template":"","format":"standard","meta":{"footnotes":""},"categories":[2],"tags":[],"class_list":["post-2947","post","type-post","status-publish","format-standard","has-post-thumbnail","hentry","category-relatorio-de-precos"],"_links":{"self":[{"href":"https:\/\/www.imovirtual.com\/noticias\/wp-json\/wp\/v2\/posts\/2947","targetHints":{"allow":["GET"]}}],"collection":[{"href":"https:\/\/www.imovirtual.com\/noticias\/wp-json\/wp\/v2\/posts"}],"about":[{"href":"https:\/\/www.imovirtual.com\/noticias\/wp-json\/wp\/v2\/types\/post"}],"author":[{"embeddable":true,"href":"https:\/\/www.imovirtual.com\/noticias\/wp-json\/wp\/v2\/users\/3"}],"replies":[{"embeddable":true,"href":"https:\/\/www.imovirtual.com\/noticias\/wp-json\/wp\/v2\/comments?post=2947"}],"version-history":[{"count":0,"href":"https:\/\/www.imovirtual.com\/noticias\/wp-json\/wp\/v2\/posts\/2947\/revisions"}],"wp:featuredmedia":[{"embeddable":true,"href":"https:\/\/www.imovirtual.com\/noticias\/wp-json\/wp\/v2\/media\/2949"}],"wp:attachment":[{"href":"https:\/\/www.imovirtual.com\/noticias\/wp-json\/wp\/v2\/media?parent=2947"}],"wp:term":[{"taxonomy":"category","embeddable":true,"href":"https:\/\/www.imovirtual.com\/noticias\/wp-json\/wp\/v2\/categories?post=2947"},{"taxonomy":"post_tag","embeddable":true,"href":"https:\/\/www.imovirtual.com\/noticias\/wp-json\/wp\/v2\/tags?post=2947"}],"curies":[{"name":"wp","href":"https:\/\/api.w.org\/{rel}","templated":true}]}}