{"id":2935,"date":"2020-08-17T00:00:00","date_gmt":"2020-08-17T00:00:00","guid":{"rendered":"https:\/\/www.imovirtual.com\/noticias2\/2020\/08\/17\/uniao-de-freguesias-de-oeiras-paco-de-arcos-caxias\/"},"modified":"2020-08-17T00:00:00","modified_gmt":"2020-08-17T00:00:00","slug":"uniao-de-freguesias-de-oeiras-paco-de-arcos-caxias","status":"publish","type":"post","link":"https:\/\/www.imovirtual.com\/noticias\/relatorio-de-precos\/uniao-de-freguesias-de-oeiras-paco-de-arcos-caxias\/","title":{"rendered":"Oeiras: uma das melhores alternativas para viver ao lado da capital"},"content":{"rendered":"<p class=\"css-8qfla4\">\n<p class=\"css-m5h6m0 edperro0\">\n<h1><strong>Oeiras: uma das melhores alternativas para viver ao lado da capital<\/strong><\/h1>\n<p>Ap\u00f3s a reforma administrativa nacional em 2013, que levou \u00e0 jun\u00e7\u00e3o das freguesias do concelho, a Uni\u00e3o de Freguesias  de Oeiras, S\u00e3o Juli\u00e3o da Barra, Pa\u00e7o de Arcos e Caxias (UFOPAC) surge restruturada com uma identidade pr\u00f3pria, sentida por todos no munic\u00edpio de Oeiras, um dos 14 munic\u00edpios que integra a \u00c1rea Metropolitana de Lisboa. A Uni\u00e3o de Freguesias&nbsp; de Oeiras, S\u00e3o Juli\u00e3o da Barra, Pa\u00e7o de Arcos e Caxias totaliza 13.53km2 de \u00e1rea e 58 149 habitantes (Censos 2011).<\/p>\n<h2><strong>Os pre\u00e7os dos im\u00f3veis em Oeiras:<\/strong><\/h2>\n<p class=\" block-img\"><img decoding=\"async\" src=\"https:\/\/www.imovirtual.com\/noticias\/wp-content\/uploads\/2022\/11\/38049a8f-eb8a-4d10-854b-9ea193bb8b8c_Copia-de-Sem-nome-2021-08-18T130628.435.png\" alt=\"gr\u00e1ficos oeiras\"><\/p>\n<p>Diz-se que Oeiras \u00e9 convidativo, para quem visita e para quem vive nesta uni\u00e3o de freguesias. O lema da C\u00e2mara Municipal \u00e9 que a qualidade de vida faz parte do ADN de Oeiras e que neste munic\u00edpio, todos se podem sentir em casa.<\/p>\n<p>Durante a segunda metade do s\u00e9culo XVIII, Oeiras viveu um per\u00edodo de forte dinamismo e desenvolvimento local, o que levou \u00e0 eleva\u00e7\u00e3o da categoria de Vila. O estatuto que ganhou ao ser a resid\u00eancia oficial de Marqu\u00eas de Pombal, permitiu a cria\u00e7\u00e3o de novas acessibilidades e infraestruturas, que se refletem nos dias de hoje.<\/p>\n<\/p>\n<h2><strong>Espa\u00e7os de lazer ao ar livre<\/strong><\/h2>\n<p>O<strong> Jardim Municipal de Oeiras ou Parque Almirante Gago Coutinho<\/strong> \u00e9 o principal parque da Uni\u00e3o de Freguesias e inclusive do concelho de Oeiras, localizado entre Oeiras e Santo Amaro. \u00c9 atravessado pela Ribeira da Lage, que resulta da jun\u00e7\u00e3o das quintas do Arriaga e do Proen\u00e7a. Disp\u00f5e de lagos, animais, uma estufa e um parque infantil.<\/p>\n<p>O <strong>Parque dos Poetas <\/strong>\u00e9 um aut\u00eantico museu ao ar livre de 22.5 hectares. Alguns nomes homenageados neste espa\u00e7o s\u00e3o Lu\u00eds de Cam\u00f5es, Fernando Pessoa e Sophia de Mello Breyner Andersen. Possui infraestruturas como o Est\u00e1dio Municipal, o Templo da Poesia, entre outros.<\/p>\n<p><strong>&nbsp;<\/strong>O <strong>Jardim do Pa\u00e7o Real de Caxias <\/strong>\u00e9 um espa\u00e7o emblem\u00e1tico, localizado em Caxias. Constitui um valioso patrim\u00f3nio natural e arquitet\u00f3nico, concebido \u00e0 semelhan\u00e7a dos jardins de Versalhes. O jardim \u00e9 constitu\u00eddo por lagos, est\u00e1tuas e pela cascata, o seu ex-l\u00edbris.<\/p>\n<p>Esta UF \u00e9 banhada por extraordin\u00e1rias <strong>praias<\/strong> com uma extens\u00e3o de 3850 metros das quais destacam-se as praias da Torre, de Santo Amaro de Oeiras, de Pa\u00e7o de Arcos e a Praia de Caxias. Pode aproveitar os belos dia de sol que esta localidade usufrui para passear ao longo do <strong>Passeio Mar\u00edtimo <\/strong>que se estende da Praia da Torre \u00e0 Praia de Pa\u00e7o de Arcos. Durante o passeio fa\u00e7a uma pausa na marina de Oeiras situada em S\u00e3o Juli\u00e3o da Barra, um complexo formado pelo <strong>Porto de Recreio de Oeiras e a Piscina Oce\u00e2nica<\/strong>, inaugurada em 1995.&nbsp; Ao longo do Passeio encontra esplanadas e restaurantes de praia, onde pode apreciar a bela vista sobre a Foz do Tejo e o Oceano Atl\u00e2ntico.<\/p>\n<\/p>\n<p class=\" block-img\"><img decoding=\"async\" src=\"https:\/\/www.imovirtual.com\/noticias\/wp-content\/uploads\/2022\/11\/56c46318-6744-4b5c-a7e4-1218105890f5_Copia-de-Sem-nome-2021-08-18T130644.963.png\" alt=\"oeiras\"><\/p>\n<\/p>\n<h2><strong>Patrim\u00f3nio da UFOPAC<\/strong><\/h2>\n<p>A<strong> Esta\u00e7\u00e3o Agron\u00f3mica Nacional<\/strong> tem 130 hectares dispon\u00edveis para desenvolver investiga\u00e7\u00e3o cient\u00edfica que incide sobre assuntos relacionados com a agricultura nacional. No final do ano de 2019, foram comunicadas pelo Presidente da C\u00e2mara Municipal de Oeiras, futuras obras de restauro e conserva\u00e7\u00e3o deste espa\u00e7o. Apesar da eventuais obras, pode continuar a aceder \u00e0s instala\u00e7\u00f5es da EAN para visitar em fam\u00edlia a <a href=\"https:\/\/hipicadeoeiras.wixsite.com\/hipica-de-oeiras\" target=\"_blank\" rel=\"noopener\">H\u00edpica de Oeiras<\/a>, onde pode interagir com os animais, ter aulas de equita\u00e7\u00e3o e conectar-se com a natureza envolvente.<\/p>\n<p>O <strong>Pal\u00e1cio do Marqu\u00eas de Pombal ou Pal\u00e1cio do Conde de Oeiras <\/strong>\u00e9<strong> <\/strong>um solar t\u00edpico que remonta ao s\u00e9culo XVIII e fica localizado no centro hist\u00f3rico. O pal\u00e1cio e os jardins caracterizam-se por possu\u00edrem elementos arquitet\u00f3nicos e art\u00edsticos raros e de uma enorme beleza;<\/p>\n<p>O<strong> Pelourinho de Oeiras<\/strong> est\u00e1 datado de 1760, localiza-se em frente \u00e0 C\u00e2mara Municipal, e foi dos \u00faltimos a ser erguido no pa\u00eds.<\/p>\n<p>O <strong>Pal\u00e1cio do Egipto <\/strong>est\u00e1 localizado no centro hist\u00f3rico e a sua constru\u00e7\u00e3o remonta ao s\u00e9culo XVIII. Foi o edif\u00edcio mais importante e nobre at\u00e9 \u00e0 edifica\u00e7\u00e3o do Pal\u00e1cio do Marqu\u00eas. Recebe v\u00e1rias exposi\u00e7\u00f5es de artistas portugueses e internacionais, col\u00f3quios, confer\u00eancias, entre outros. Na sua abertura, apresentou uma exposi\u00e7\u00e3o sobre Salvador Dali.<\/p>\n<p>O <strong>Pal\u00e1cio dos Arcos <\/strong>datado do final do s\u00e9culo XV viu a sua quase total destrui\u00e7\u00e3o no terramoto de 1755. Foi reedificada no s\u00e9culo XVIII. Da sua varanda \u00e9 poss\u00edvel desfrutar das paisagens do Rio Tejo.<\/p>\n<p>&nbsp;<\/p>\n<h2><strong>Educa\u00e7\u00e3o<\/strong><\/h2>\n<p>Atualmente, Oeiras \u00e9 o concelho com maior concentra\u00e7\u00e3o de licenciados e doutorados a n\u00edvel nacional. Est\u00e1 dotado de boas escolas, desde a educa\u00e7\u00e3o pr\u00e9-escolar ao secund\u00e1rio, resultado dos longos anos de investimento nesta \u00e1rea.<\/p>\n<p>Entre<a href=\"https:\/\/observador.pt\/interativo\/ranking-das-escolas-veja-em-que-lugar-ficou-a-sua\/\" target=\"_blank\" rel=\"noopener\"> as melhores escolas p\u00fablicas secund\u00e1rias<\/a> do pa\u00eds encontramos na UF de Oeiras, S\u00e3o Juli\u00e3o da Barra, Pa\u00e7o de Arcos e Caxias duas escolas que se destacam: a Escola Secund\u00e1ria Sebasti\u00e3o e Silva e a Escola Secund\u00e1ria da Quinta do Marqu\u00eas.<\/p>\n<p>Para aqueles que gostam de desenvolver as suas compet\u00eancias pessoais e aprender novos idiomas t\u00eam \u00e0 sua disposi\u00e7\u00e3o nesta freguesia diversos centros de ensino.<\/p>\n<p>A Uni\u00e3o de Freguesias de Oeiras, Pa\u00e7o de Arcos e Caxias sobressai pelas suas in\u00fameras iniciativas de integra\u00e7\u00e3o social e desenvolvimento pessoal de todos os moradores, desta forma nasceu tamb\u00e9m um programa educacional com o principal objetivo de interligar o ensino formal com a oferta educativa n\u00e3o-formal existente no concelho de Oeiras, o OeirasEduca que conecta o Ensino ao Territ\u00f3rio.<\/p>\n<p>No estudo de freguesias realizado pelo Imovirtual, \u201cIdeal Neighborhood\u201d, as infraestruturas e oferta de educa\u00e7\u00e3o no concelho classificaram-se em 3.89, de 5 pontos no total.<\/p>\n<\/p>\n<h2><strong>Transportes e Acessibilidades<\/strong><\/h2>\n<p>As Esta\u00e7\u00f5es de Oeiras, Santo Amaro, Pa\u00e7o de Arcos e Caxias comp\u00f5e a oferta ferrovi\u00e1ria da freguesia, atrav\u00e9s da Linha de Cascais. A Vimeca\/Lisboa Transportes e a Scotturb s\u00e3o os dois operadores de autocarros que cumprem o papel de servir a popula\u00e7\u00e3o local. A autarquia de Oeiras promove a circula\u00e7\u00e3o gratuita pela Uni\u00e3o de Freguesias de Oeiras, Pa\u00e7o de Arcos e Caxias entre freguesias do munic\u00edpio atrav\u00e9s do moderno autocarro Combus.<\/p>\n<p>Em termos rodovi\u00e1rios, a EN6, vulgo Avenida Marginal, e a Autoestrada A5 s\u00e3o as principais vias de acesso que servem a freguesia e que a liga aos territ\u00f3rios vizinhos.&nbsp;<\/p>\n<\/p>\n<h2><strong>Sa\u00fade<\/strong>&nbsp;<\/h2>\n<p>A n\u00edvel de sa\u00fade, a freguesia \u00e9 servida pelo centro de sa\u00fade de Oeiras bem como por por uma rede de hospitais e cl\u00ednicas privados.<\/p>\n<p>Em termos de apoio \u00e0 terceira idade, pode encontrar na freguesia o Centro de dia da Tapada do Mocho, a Associa\u00e7\u00e3o Assist\u00eancia a Idosos e Deficientes de Oeiras (AAIDO) e a Santa Casa da Miseric\u00f3rdia de Oeiras.<\/p>\n<p>N\u00e3o esquecendo da sa\u00fade dos nossos amigos de quatro patas, poder\u00e1 encontrar v\u00e1rios veterin\u00e1rios com servi\u00e7o de urg\u00eancia 24h nesta freguesia, do quais destacamos a <a href=\"https:\/\/vetpoint.pt\/\" target=\"_blank\" rel=\"noopener\">cl\u00ednica veterin\u00e1ria VetPoint<\/a>, onde para al\u00e9m de consultas de especialidade, pode tamb\u00e9m dar ao seu animal um tratamento est\u00e9tico de banho e tosquia.<\/p>\n<\/p>\n<h2><strong>Com\u00e9rcio&nbsp;<\/strong><\/h2>\n<p>Para fazer as suas compras, abaste\u00e7a-se no Mercado Municipal de Oeiras onde pode encontrar produtos frescos e apoiar os produtores nacionais, este mercado est\u00e1 aberto todos os dias da semana \u00e0 excep\u00e7\u00e3o de domingo.<\/p>\n<p>No diz respeito \u00e0 gastronomia local destacam-se diversos restaurantes desta freguesia desde pratos t\u00edpicos portugueses \u00e0 cozinha internacional. <\/p>\n<\/p>\n<h2><strong>Atividades Recreativas e Desportivas<\/strong><\/h2>\n<p>Esta freguesia promove in\u00fameras atividades l\u00fadico-desportivas, exemplo disso \u00e9 o projecto criado pela C\u00e2mara Municipal de Oeiras, a Oeiras Viva cujo objecto social \u00e9 o de gerir espa\u00e7os e equipamentos desportivos, culturais e de lazer que integram ou venham a integrar o patrim\u00f3nio do munic\u00edpio de Oeiras.<\/p>\n<p>Se \u00e9 apreciador de teatro a Uni\u00e3o de Freguesias de Oeiras, S\u00e3o Juli\u00e3o da Barra, Pa\u00e7o de Arcos e Caxias apresenta-lhe pe\u00e7as para todos os gostos e idades no Teatro Independente de Oeiras, podendo assistir n\u00e3o s\u00f3 as pe\u00e7as que se encontram em cena como tamb\u00e9m em streaming. <\/p>\n<\/p>\n<h2><strong>Oeiras pelo olhar dos seus residentes&nbsp;<\/strong><\/h2>\n<p>A freguesia de Oeiras \u00e9 um dos dos melhores locais para viver na Grande Lisboa. A conclus\u00e3o \u00e9 prov\u00e9m do estudo do Imovirtual, que identificou as 10 melhores freguesias da Grande Lisboa para viver, e que coloca a Uni\u00e3o das Freguesias de Oeiras e S\u00e3o Juli\u00e3o da Barra, Pa\u00e7o de Arcos e Caxias na lista das melhores classificadas, entre as 67 freguesias existentes em toda esta \u00e1rea.&nbsp;<\/p>\n<p>A <strong>avalia\u00e7\u00e3o global<\/strong> do concelho atingiu uma classifica\u00e7\u00e3o de 4.08 em 5 pontos, que compreendia a escala de an\u00e1lise dos residentes, no estudo do Imovirtual.<\/p>\n<p>Com maior classifica\u00e7\u00e3o destacaram-se os <strong>acessos<\/strong> (4.23), a <strong>seguran\u00e7a<\/strong> (4.17), a<strong> qualidade do ar<\/strong> (4), os <strong>espa\u00e7os de lazer<\/strong> (3.95), o <strong>sil\u00eancio<\/strong> (3.80), a <strong>limpeza<\/strong> (3.77) e os <strong>espa\u00e7os de sa\u00fade <\/strong>(3.64).<\/p>\n<p>Com menor avalia\u00e7\u00e3o, mas bastante positiva, destacaram-se a <strong>oferta de lojas e restaurantes<\/strong> (3.58) e o <strong>estacionamento<\/strong> (3.56). O <strong>custo de vida<\/strong> surgiu com a classifica\u00e7\u00e3o de 3.16 em 5.<\/p>\n<p>A <strong>oferta da rede de transportes<\/strong> obteve uma avalia\u00e7\u00e3o, por parte dos residentes, de 3.59 em 5 pontos.<\/p>\n<p class=\" block-img\"><img decoding=\"async\" src=\"https:\/\/www.imovirtual.com\/noticias\/wp-content\/uploads\/2022\/11\/c67420dd-753a-4542-9642-5cb20b84d6bc_Copia-de-Sem-nome-2021-08-18T130807.823.png\" alt=\"score oeiras\"><\/p>\n<p>Oeiras \u00e9 um excelente s\u00edtio para viver. Poder\u00e1 recorrer ao <a href=\"https:\/\/www.imovirtual.com\/\" target=\"_blank\" rel=\"noopener\"><strong>Imovirtual<\/strong><\/a> para encontrar a sua casa de sonho na Uni\u00e3o de Freguesias de Oeiras, S\u00e3o Juli\u00e3o da Barra, Pa\u00e7o de Arcos e Caxias. <\/p>\n<ul>\n<li><a href=\"https:\/\/www.imovirtual.com\/comprar\/oeiras-e-sao-juliao-da-barra-paco-de-arcos-e-caxias-oeiras\/?search%5Bregion_id%5D=11&amp;search%5Bsubregion_id%5D=157&amp;search%5Bcity_id%5D=11544590\" target=\"_blank\" rel=\"noopener\">Quer comprar uma casa em Oeiras?<\/a><\/li>\n<li><a href=\"https:\/\/www.imovirtual.com\/arrendar\/oeiras-e-sao-juliao-da-barra-paco-de-arcos-e-caxias-oeiras\/?search%5Bregion_id%5D=11&amp;search%5Bsubregion_id%5D=157&amp;search%5Bcity_id%5D=11544590\" target=\"_blank\" rel=\"noopener\">Quer arrendar uma casa em Oeiras?<\/a><\/li>\n<\/ul>\n<p class=\" block-img\"><img decoding=\"async\" src=\"https:\/\/www.imovirtual.com\/noticias\/wp-content\/uploads\/2022\/11\/3c23b667-0a08-4ca1-abcb-74566be5c538_Copia-de-Banners-Autores-2.png\" alt=\"Alexandre Lu\u00eds Autor Imovirtual\"><\/p>\n<h5><em>Tamb\u00e9m conhecido como &#8216;O Consultor&#8217;. Pode encontr\u00e1-lo a consultar o \u00faltimo estudo de mercado. N\u00e3o tem talento para vender, mas sabe tudo sobre Imobili\u00e1rio. Fala sobre quest\u00f5es relacionadas com o tema no Blog do Imovirtual.<\/em><\/h5>\n<\/p>\n<h4><strong>Leia tamb\u00e9m<\/strong><\/h4>\n<ul>\n<li>Os erros mais frequentes dos&nbsp;<a href=\"https:\/\/www.imovirtual.com\/noticias\/imobiliario\/os-erros-mais-frequentes-dos-novos-compradores\" target=\"_blank\" rel=\"noopener\"><strong>compradores de primeira habita\u00e7\u00e3o<\/strong><\/a><\/li>\n<li>O processo de&nbsp;<a href=\"https:\/\/www.imovirtual.com\/noticias\/imobiliario\/oito-etapas-comprar-casas\" target=\"_blank\" rel=\"noopener\"><strong>compra de um im\u00f3vel<\/strong><\/a>&nbsp;em 8 etapas<\/li>\n<li>Como escolher a&nbsp;<a href=\"https:\/\/www.imovirtual.com\/noticias\/imobiliario\/dicas-para-escolher-zona-onde-viver\" target=\"_blank\" rel=\"noopener\"><strong>zona certa para viver<\/strong><\/a><\/li>\n<\/ul>\n<\/p>\n<div class=\"css-h5fkc8\"><strong>Ultima actualiza\u00e7\u00e3o:<\/strong> 18 agosto 2021<\/div>\n","protected":false},"excerpt":{"rendered":"<p>Oeiras: uma das melhores alternativas para viver ao lado da capital Ap\u00f3s a reforma administrativa nacional em 2013, que levou \u00e0 jun\u00e7\u00e3o das freguesias do concelho, a Uni\u00e3o de Freguesias de Oeiras, S\u00e3o Juli\u00e3o da Barra, Pa\u00e7o de Arcos e Caxias (UFOPAC) surge restruturada com uma identidade pr\u00f3pria, sentida por todos no munic\u00edpio de Oeiras, &hellip;<\/p>\n","protected":false},"author":3,"featured_media":2937,"comment_status":"closed","ping_status":"open","sticky":false,"template":"","format":"standard","meta":{"footnotes":""},"categories":[2],"tags":[],"class_list":["post-2935","post","type-post","status-publish","format-standard","has-post-thumbnail","hentry","category-relatorio-de-precos"],"_links":{"self":[{"href":"https:\/\/www.imovirtual.com\/noticias\/wp-json\/wp\/v2\/posts\/2935","targetHints":{"allow":["GET"]}}],"collection":[{"href":"https:\/\/www.imovirtual.com\/noticias\/wp-json\/wp\/v2\/posts"}],"about":[{"href":"https:\/\/www.imovirtual.com\/noticias\/wp-json\/wp\/v2\/types\/post"}],"author":[{"embeddable":true,"href":"https:\/\/www.imovirtual.com\/noticias\/wp-json\/wp\/v2\/users\/3"}],"replies":[{"embeddable":true,"href":"https:\/\/www.imovirtual.com\/noticias\/wp-json\/wp\/v2\/comments?post=2935"}],"version-history":[{"count":0,"href":"https:\/\/www.imovirtual.com\/noticias\/wp-json\/wp\/v2\/posts\/2935\/revisions"}],"wp:featuredmedia":[{"embeddable":true,"href":"https:\/\/www.imovirtual.com\/noticias\/wp-json\/wp\/v2\/media\/2937"}],"wp:attachment":[{"href":"https:\/\/www.imovirtual.com\/noticias\/wp-json\/wp\/v2\/media?parent=2935"}],"wp:term":[{"taxonomy":"category","embeddable":true,"href":"https:\/\/www.imovirtual.com\/noticias\/wp-json\/wp\/v2\/categories?post=2935"},{"taxonomy":"post_tag","embeddable":true,"href":"https:\/\/www.imovirtual.com\/noticias\/wp-json\/wp\/v2\/tags?post=2935"}],"curies":[{"name":"wp","href":"https:\/\/api.w.org\/{rel}","templated":true}]}}