{"id":288,"date":"2022-08-15T00:00:00","date_gmt":"2022-08-15T00:00:00","guid":{"rendered":"https:\/\/www.imovirtual.com\/noticias2\/2022\/08\/15\/alojamento-local-legislacao\/"},"modified":"2024-09-02T14:49:25","modified_gmt":"2024-09-02T14:49:25","slug":"alojamento-local-legislacao","status":"publish","type":"post","link":"https:\/\/www.imovirtual.com\/noticias\/imobiliario\/alojamento-local-legislacao\/","title":{"rendered":"Alojamento Local: legisla\u00e7\u00e3o"},"content":{"rendered":"<p class=\"css-8qfla4\">\n<p class=\"css-m5h6m0 edperro0\">\n<h1><strong>Alojamento Local: legisla\u00e7\u00e3o <\/strong><\/h1>\n<p>O Alojamento local veio para ficar. Apareceu como forma de rentabilizar casas desabitadas ou casas de f\u00e9rias, de obter um rendimento extra, mas rapidamente se tornou um neg\u00f3cio mais comum. Foi, por isso, preciso <strong>legislar a atividade e estabelecer as regras de funcionamento.&nbsp;<\/strong><\/p>\n<p>\u00c9 uma atividade que, apesar de rent\u00e1vel, \u00e9 complexa e implica in\u00fameras obriga\u00e7\u00f5es. De seguida detalhamos a legisla\u00e7\u00e3o pr\u00f3pria que regula as normas do Alojamento Local. Estes estabelecimentos s\u00e3o definidos como \u201caqueles que prestem servi\u00e7os de alojamento tempor\u00e1rio a turistas, mediante remunera\u00e7\u00e3o\u201d e que re\u00fanam os requisitos previstos na lei.<\/p>\n<p>Se est\u00e1 a pensar come\u00e7ar um alojamento local, <strong>saiba aqui tudo o que precisa de fazer.<\/strong><\/p>\n<p class=\" block-img\"><img decoding=\"async\" src=\"https:\/\/www.imovirtual.com\/noticias\/wp-content\/uploads\/2022\/11\/8b18fa30-0086-4d67-96ab-6c9383273933_img_1.jpg\" alt=\"alojamento local novas regras 2022\"><\/p>\n<h2><strong>Toda a legisla\u00e7\u00e3o sobre Alojamento Local&nbsp;<\/strong><\/h2>\n<p>A legisla\u00e7\u00e3o que criou a defini\u00e7\u00e3o legal de Alojamento local surgiu em 2008 pelo <a href=\"https:\/\/dre.pt\/dre\/detalhe\/decreto-lei\/39-2008-247248\">Decreto-Lei n.\u00ba 39\/2008, de 7 de mar\u00e7o.<\/a> Este decreto-lei enquadrava a presta\u00e7\u00e3o de servi\u00e7os de alojamento tempor\u00e1rio em estabelecimentos que n\u00e3o reunissem os requisitos legalmente exigidos para se qualificarem como empreendimentos tur\u00edsticos.&nbsp;<\/p>\n<p>Posteriormente, a <a href=\"https:\/\/dre.pt\/dre\/detalhe\/portaria\/517-2008-456213\">Portaria n.\u00ba 517\/2008, de 25 de junho<\/a>, entretanto alterada pela <a href=\"https:\/\/dre.pt\/dre\/detalhe\/portaria\/138-2012-552029\">Portaria n.\u00ba 138\/2012, de 14 de maio<\/a>, definiu os requisitos m\u00ednimos que os estabelecimentos de alojamento local devem garantir, bem como a forma de registo destes estabelecimentos junto das c\u00e2maras municipais.&nbsp;<\/p>\n<p>A atividade foi crescendo e houve necessidade de continuar a regular a mesma e sucessivas altera\u00e7\u00f5es ou acr\u00e9scimos foram sendo avan\u00e7ados. Assim, o regime jur\u00eddico dos Estabelecimentos de Alojamento Local consta, atualmente, do <a href=\"https:\/\/dre.pt\/dre\/detalhe\/decreto-lei\/128-2014-56384880\">Decreto-Lei n.\u00ba 128\/2014, de 29 de agosto<\/a>, alterado pelo <a href=\"https:\/\/dre.pt\/dre\/detalhe\/decreto-lei\/128-2014-56384880\">Decreto-Lei n.\u00ba 63\/2015, de 23 de abril<\/a> , pela <a href=\"https:\/\/dre.pt\/dre\/detalhe\/lei\/62-2018-116152179\">Lei n.\u00ba 62\/2018, de 22 de agosto<\/a>, que o republica, e pelo <a href=\"https:\/\/dre.pt\/dre\/detalhe\/lei\/71-2018-117537583\">artigo 347.\u00ba da Lei n.\u00ba 71\/2018, de 31 de dezembro<\/a>, e da <a href=\"https:\/\/dre.pt\/dre\/detalhe\/portaria\/262-2020-147814581\">Portaria n.\u00ba 262\/2020, de 6 de novembro<\/a>.&nbsp;<\/p>\n<p>Quanto \u00e0 legisla\u00e7\u00e3o da atividade de Alojamento local nas regi\u00f5es aut\u00f3nomas, o Decreto-Lei n.\u00ba 128\/2014, de 29 de agosto foi adaptado \u00e0 Regi\u00e3o Aut\u00f3noma da Madeira pelo <a href=\"https:\/\/dre.pt\/dre\/detalhe\/decreto-legislativo-regional\/13-72934426\">Decreto Legislativo Regional n.\u00ba 13\/2015\/M, de 22 de dezembro<\/a>.&nbsp;<\/p>\n<p>Na Regi\u00e3o Aut\u00f3noma dos A\u00e7ores aplica-se a <a href=\"https:\/\/jo.azores.gov.pt\/#\/\">Portaria n.\u00ba 83\/2016, de 4 de agosto<\/a>, que cont\u00e9m uma disciplina pr\u00f3pria para os estabelecimentos de alojamento local localizados nos A\u00e7ores.&nbsp;<\/p>\n<\/p>\n<h2><strong>O que \u00e9 necess\u00e1rio para abrir um Alojamento Local<\/strong><\/h2>\n<p class=\" block-img\"><img decoding=\"async\" src=\"https:\/\/www.imovirtual.com\/noticias\/wp-content\/uploads\/2022\/11\/8e703e63-346d-46f1-b8a9-df785fad17d3_img_3.jpg\" alt=\"como criar um alojamento local\"><\/p>\n<p>Para abrir um alojamento local n\u00e3o basta ter uma casa e coloc\u00e1-la nas plataformas de arrendamento. Como vimos acima h\u00e1 uma s\u00e9rie <strong>de requisitos m\u00ednimos a cumprir<\/strong>, como sejam:<\/p>\n<ul>\n<li>Apresentarem condi\u00e7\u00f5es de conserva\u00e7\u00e3o e funcionamento das instala\u00e7\u00f5es e equipamentos;<\/li>\n<li>Estarem ligados \u00e0 rede p\u00fablica de abastecimento de \u00e1gua ou dotados de um sistema privativo de abastecimento de \u00e1gua com origem devidamente controlada;<\/li>\n<li>Estarem ligados \u00e0 rede p\u00fablica de esgotos ou dotados de fossas s\u00e9pticas dimensionadas para a capacidade m\u00e1xima do estabelecimento;<\/li>\n<li>Terem \u00e1gua corrente quente e fria;<\/li>\n<li>Terem uma janela ou sacada com comunica\u00e7\u00e3o direta para o exterior que assegure as adequadas condi\u00e7\u00f5es de ventila\u00e7\u00e3o e arejamento;<\/li>\n<li>Estarem dotados de mobili\u00e1rio, equipamento e utens\u00edlios adequados;<\/li>\n<li>Disporem de um sistema que permita vedar a entrada de luz exterior;<\/li>\n<li>Disporem de portas equipadas com um sistema de seguran\u00e7a que assegure a privacidade dos utentes;<\/li>\n<li>As instala\u00e7\u00f5es sanit\u00e1rias devem dispor de um sistema de seguran\u00e7a que garanta privacidade;<\/li>\n<li>Reunirem sempre condi\u00e7\u00f5es de higiene e limpeza;<\/li>\n<li><a href=\"https:\/\/www.badireto.pt\/legislacao\/livro-de-reclamacoes-no-alojamento-local-fisico-e-eletronico\/?doing_wp_cron=1660229861.1659131050109863281250\" target=\"_blank\" rel=\"noopener\">Disporem de Livro de Reclama\u00e7\u00f5es<\/a>.<\/li>\n<\/ul>\n<h2><strong>Como abrir um Alojamento Local<\/strong><\/h2>\n<p class=\" block-img\"><img decoding=\"async\" src=\"https:\/\/www.imovirtual.com\/noticias\/wp-content\/uploads\/2022\/11\/e5eed0d9-c9d8-4cce-9136-354b183a9d6d_img_2.jpg\" alt=\"alojamento local em predios habita\u00e7ao\"><\/p>\n<p>Em 2020, a <a href=\"https:\/\/dre.pt\/dre\/detalhe\/portaria\/262-2020-147814581\">Portaria n.\u00ba 262\/2020, de 6 de novembro<\/a> veio estabelecer algumas altera\u00e7\u00f5es.&nbsp; Foram especificadas algumas quest\u00f5es relativas <strong>ao acolhimento dos utentes, aos servi\u00e7os de arruma\u00e7\u00e3o e limpeza, pequeno-almo\u00e7o, instala\u00e7\u00f5es sanit\u00e1rias, \u00e1reas e requisitos e ainda reporte de informa\u00e7\u00f5es das dormidas.<\/strong><\/p>\n<p>Todos os estabelecimentos de alojamento local t\u00eam que garantir um <strong>servi\u00e7o de acolhimento<\/strong>, ou seja, uma forma de check-in e de check-out. Este servi\u00e7o pode ser presencial ou n\u00e3o presencial (pode ser atrav\u00e9s de telefone ou meios eletr\u00f3nicos), mas tem que existir.&nbsp;&nbsp;<\/p>\n<p>Outra das obriga\u00e7\u00f5es prende-se com as garantias m\u00ednimas de limpeza. Os estabelecimentos t\u00eam que dispor de equipamentos apropriados, em bom estado de conserva\u00e7\u00e3o, que permitam assegurar a <strong>arruma\u00e7\u00e3o e limpeza das casas<\/strong>. A mudan\u00e7a de toalhas e len\u00e7\u00f3is tem que ser feita sempre que haja altera\u00e7\u00e3o de h\u00f3spedes e uma vez por semana quando as estadias forem superiores a sete dias.<\/p>\n<p>Se o estabelecimento fornecer o <strong>pequeno-almo\u00e7o<\/strong> devem cumprir as regras de higiene e seguran\u00e7a alimentar de acordo com a legisla\u00e7\u00e3o em vigor.&nbsp;<\/p>\n<p>Relativamente \u00e0s <strong>instala\u00e7\u00f5es sanit\u00e1rias<\/strong>, a legisla\u00e7\u00e3o deixa claro que as mesmas podem ser privativas ou partilhadas. No entanto, no caso dos apartamentos, moradias e quartos, devem existir no m\u00ednimo uma instala\u00e7\u00e3o sanit\u00e1ria por cada 4 quartos, podendo a mesma ser usada por um m\u00e1ximo de 10 utentes.&nbsp;<\/p>\n<p>A legisla\u00e7\u00e3o refere a obrigatoriedade de <strong>reporte de informa\u00e7\u00e3o de dormidas<\/strong>. O que \u00e9 isto? Em termos pr\u00e1ticos significa que os estabelecimentos de alojamento local t\u00eam que comunicar ao SEF (Servi\u00e7o de Estrangeiros e Fronteiras) o alojamento de cidad\u00e3os estrangeiros. A comunica\u00e7\u00e3o \u00e9 feita atrav\u00e9s do Boletim de Alojamento. Esta informa\u00e7\u00e3o deve ser prestada at\u00e9 tr\u00eas dias \u00fateis depois da entrada e sa\u00edda do alojamento e enviada atrav\u00e9s do&nbsp;<a href=\"https:\/\/dre.pt\/web\/guest\/pesquisa\/-\/search\/444380\/details\/normal?l=1\">Sistema de Informa\u00e7\u00e3o de Boletins de Alojamento<\/a>.<\/p>\n<p>Dever\u00e1 colocar uma <strong>placa identificativa.<\/strong> Esta \u00e9 obrigat\u00f3ria para todos os estabelecimentos de alojamento local, com exce\u00e7\u00e3o das moradias. Nos hostels, a placa deve estar colocada no exterior do edif\u00edcio, junto \u00e0 entrada principal.<\/p>\n<\/p>\n<h3><strong>Condom\u00ednio e alojamento local&nbsp;<\/strong><\/h3>\n<p>Pode, mas <strong>s\u00f3 o pode fazer com autoriza\u00e7\u00e3o dos restantes cond\u00f3minos<\/strong>. Se mais de metade dos cond\u00f3minos (tendo em conta a permilagem) se opuser ao alojamento, este pode ser encerrado. Isto pode acontecer se for provada a &#8220;pr\u00e1tica reiterada e comprovada de atos que perturbem a normal utiliza\u00e7\u00e3o do pr\u00e9dio, bem como de atos que causem inc\u00f3modo e afetem o descanso dos cond\u00f3minos&#8221; junto da c\u00e2mara municipal.<\/p>\n<p>Os vizinhos podem <strong>ainda definir que o propriet\u00e1rio de alojamento local pague uma<\/strong> contribui\u00e7\u00e3o adicional correspondente \u00e0s despesas decorrentes da utiliza\u00e7\u00e3o das partes comuns, com um limite de 30% do valor do condom\u00ednio.<\/p>\n<\/p>\n<h3><strong>O que s\u00e3o \u00e1reas de conten\u00e7\u00e3o?&nbsp;<\/strong><\/h3>\n<p>As autarquias podem definir zonas de conten\u00e7\u00e3o. Nestas \u00e1reas \u00e9 estabelecido um limite relativo ao n\u00famero de estabelecimentos de alojamento local. <strong>O mesmo propriet\u00e1rio s\u00f3 pode explorar um m\u00e1ximo de sete alojamentos<\/strong>. Em Lisboa, por exemplo, as \u00e1reas de conten\u00e7\u00e3o s\u00e3o o Bairro Alto, Madragoa, Castelo, Mouraria e Alfama. O objetivo \u00e9 preservar a realidade social dos bairros, n\u00e3o os esvaziando de habitantes locais.<\/p>\n<\/p>\n<h3><strong>Coimas aplicadas&nbsp;<\/strong><\/h3>\n<p>As coimas para quem n\u00e3o cumpre as regras podem variar consoante se trate de pessoa singular ou coletiva. <strong>No geral as multas por incumprimento das regras estabelecidas podem variar entre os 50 euros e 4 mil euros para pessoas singulares e entre os 750 e os 40 mil euros para pessoas coletivas.&nbsp;<\/strong><\/p>\n<p>Se est\u00e1 a pensar abrir um ou mais estabelecimentos de alojamento local consulte a legisla\u00e7\u00e3o que list\u00e1mos neste artigo e tenha aten\u00e7\u00e3o para que nada fique por cumprir. Com esta ajuda certamente tudo ir\u00e1 correr bem. <\/p>\n<\/p>\n<div class=\"css-h5fkc8\"><strong>Ultima actualiza\u00e7\u00e3o:<\/strong> 15 agosto 2022<\/div>\n","protected":false},"excerpt":{"rendered":"<p>Alojamento Local: legisla\u00e7\u00e3o O Alojamento local veio para ficar. Apareceu como forma de rentabilizar casas desabitadas ou casas de f\u00e9rias, de obter um rendimento extra, mas rapidamente se tornou um neg\u00f3cio mais comum. Foi, por isso, preciso legislar a atividade e estabelecer as regras de funcionamento.&nbsp; \u00c9 uma atividade que, apesar de rent\u00e1vel, \u00e9 complexa &hellip;<\/p>\n","protected":false},"author":3,"featured_media":187,"comment_status":"closed","ping_status":"open","sticky":false,"template":"","format":"standard","meta":{"footnotes":""},"categories":[37,5,36],"tags":[],"class_list":["post-288","post","type-post","status-publish","format-standard","has-post-thumbnail","hentry","category-financas-e-imobiliario","category-imobiliario","category-profissionais"],"_links":{"self":[{"href":"https:\/\/www.imovirtual.com\/noticias\/wp-json\/wp\/v2\/posts\/288","targetHints":{"allow":["GET"]}}],"collection":[{"href":"https:\/\/www.imovirtual.com\/noticias\/wp-json\/wp\/v2\/posts"}],"about":[{"href":"https:\/\/www.imovirtual.com\/noticias\/wp-json\/wp\/v2\/types\/post"}],"author":[{"embeddable":true,"href":"https:\/\/www.imovirtual.com\/noticias\/wp-json\/wp\/v2\/users\/3"}],"replies":[{"embeddable":true,"href":"https:\/\/www.imovirtual.com\/noticias\/wp-json\/wp\/v2\/comments?post=288"}],"version-history":[{"count":0,"href":"https:\/\/www.imovirtual.com\/noticias\/wp-json\/wp\/v2\/posts\/288\/revisions"}],"wp:featuredmedia":[{"embeddable":true,"href":"https:\/\/www.imovirtual.com\/noticias\/wp-json\/wp\/v2\/media\/187"}],"wp:attachment":[{"href":"https:\/\/www.imovirtual.com\/noticias\/wp-json\/wp\/v2\/media?parent=288"}],"wp:term":[{"taxonomy":"category","embeddable":true,"href":"https:\/\/www.imovirtual.com\/noticias\/wp-json\/wp\/v2\/categories?post=288"},{"taxonomy":"post_tag","embeddable":true,"href":"https:\/\/www.imovirtual.com\/noticias\/wp-json\/wp\/v2\/tags?post=288"}],"curies":[{"name":"wp","href":"https:\/\/api.w.org\/{rel}","templated":true}]}}