{"id":286,"date":"2022-10-07T00:00:00","date_gmt":"2022-10-07T00:00:00","guid":{"rendered":"https:\/\/www.imovirtual.com\/noticias2\/2022\/10\/07\/imovirtual-aproximo-3-edicao-a-conectar-profissionais-do-setor\/"},"modified":"2024-09-02T14:49:02","modified_gmt":"2024-09-02T14:49:02","slug":"imovirtual-aproximo-3-edicao-a-conectar-profissionais-do-setor","status":"publish","type":"post","link":"https:\/\/www.imovirtual.com\/noticias\/profissionais\/imovirtual-aproximo-3-edicao-a-conectar-profissionais-do-setor\/","title":{"rendered":"APROXIMO &#8211; 3\u00aa edi\u00e7\u00e3o: a conectar profissionais do setor imobili\u00e1rio"},"content":{"rendered":"<p class=\"css-8qfla4\">\n<p class=\"css-m5h6m0 edperro0\">\n<p>Realizou-se no dia 28 de setembro mais um APROXIMO, a terceira edi\u00e7\u00e3o do evento do IMOVIRTUAL que j\u00e1 deixou a sua marca no setor imobili\u00e1rio em Portugal. Foram praticamente 3 horas em direto, online, em que se debateram diversos temas fundamentais para a atividade de mediadores e consultores imobili\u00e1rios.<\/p>\n<p>A apresenta\u00e7\u00e3o do evento ficou a cargo de Miguel Mendes, Key Account Manager do Imovirtual. <strong>Miguel Mendes foi o anfitri\u00e3o que guiou esta confer\u00eancia ao longo de toda a manh\u00e3 e nos trouxe ainda algumas surpresas e novidades. <\/strong><\/p>\n<p>Como j\u00e1 \u00e9 habitual a sess\u00e3o iniciou-se com as palavras de <strong>Ricardo Feferbaum, Director Geral do Imovirtual<\/strong> que manifestou a sua satisfa\u00e7\u00e3o com a realiza\u00e7\u00e3o de mais um evento sublinhando a import\u00e2ncia da realiza\u00e7\u00e3o deste evento porque \u201ctem a oportunidade de juntar profissionais, fazer networking, ajudar a trazer mais conhecimento e posicionar o IMORVIRTUAL como um farol do mercado imobili\u00e1rio\u201d. Real\u00e7ou ainda que s\u00e3o \u201co \u00fanico portal imobili\u00e1rio em Portugal que tem um evento propriet\u00e1rio focado nos profissionais do mercado imobili\u00e1rio\u201d.<\/p>\n<p>A sess\u00e3o continuou com uma mesa redonda subordinada ao tema: <strong>O mercado, a lei e a tecnologia. <\/strong>Com a modera\u00e7\u00e3o de Massimo Forte, Real Estate Influencer e Formador, o painel teve como convidados Aurora Gomes, Diretora Comercial da Comprar Casas de Chaves, Bruno Rodrigues, CEO da Veigas Caldas da Rainha, Liz e Lisboa, Hugo Gaito, Broker empreendedor da Remax Expo, Hugo Moreira, Managing Director da Golden Properties e Sandra Camelo, CEO e Partner da&nbsp;SCI Imobili\u00e1ria e da Private Luxury-Real Estate. V\u00e1rios foram os temas debatidos, numa conversa de 40 minutos que se revelou da maior import\u00e2ncia pelos <em>insights<\/em> que trouxe aos profissionais do sector.<strong> Falou-se, entre outros, da import\u00e2ncia da profissionaliza\u00e7\u00e3o e acredita\u00e7\u00e3o dos consultores imobili\u00e1rios, das perspetivas do futuro do mercado nos tempos de crise que se avizinham e de estrat\u00e9gias para ultrapassar as dificuldades.&nbsp; <\/strong><\/p>\n<\/p>\n<h2><strong>APROXIMO: 4\u00aa edi\u00e7\u00e3o em fevereiro<\/strong><\/h2>\n<\/p>\n<p>Terminada a mesa redonda foi altura para revelar novidades sobre o pr\u00f3ximo evento APROXIMO. Miguel Mendes anunciou que <strong>a 4\u00aa edi\u00e7\u00e3o ir\u00e1 realizar-se no dia 15 de fevereiro de 2023, no Convento do Beato em Lisboa<\/strong>. Esta pr\u00f3xima edi\u00e7\u00e3o destaca-se por voltar a ser presencial, prometendo v\u00e1rios convidados de vulto do panorama nacional e internacional. Levantando um pouco o v\u00e9u, os participantes tiveram a oportunidade de votar nos temas que consideram mais relevantes para serem levados a debate em fevereiro no Convento do Beato. Assim, de entre os quatro temas apresentados, o mais votado com cerca de 70% dos votos foi \u201cDesafios da sustentabilidade no setor imobili\u00e1rio\u201d. Seguiram-se \u201cAs novidades do metaverso no imobili\u00e1rio\u201d, \u201cPanorama S\u00f3cio-econ\u00f3mico\u201d e \u201cO impacto do blockchain no imobili\u00e1rio\u201d. <strong>No final do evento foram sorteados 5 bilhetes para o pr\u00f3ximo APROXIMO, de entre todos os participantes nesta sess\u00e3o.<\/strong> <\/p>\n<\/p>\n<h2><strong>IMORVIRTUAL: um parceiro para a forma\u00e7\u00e3o<\/strong><\/h2>\n<\/p>\n<p>Mas houve ainda mais novidades. <strong>Miguel Mendes divulgou o lan\u00e7amento das \u201cMasterclasses\u201d Imovirtual,<\/strong> exclusivo para clientes profissionais com pacote ativo. Estas Masterclasses integram-se dentro da \u00e1rea MyImo e ir\u00e3o consistir em <strong>conte\u00fados de e-learning sobre temas do mercado imobili\u00e1rio<\/strong>. Os primeiros conte\u00fados <strong>ser\u00e3o ministrados por Massimo Forte<\/strong> e, muito em breve, ser\u00e3o tamb\u00e9m inclu\u00eddos conte\u00fados sobre <strong>Marketing <\/strong>Digital<strong>, elaborados pela <em>Lisbon Digital School<\/em><\/strong>. Esta forma\u00e7\u00e3o ser\u00e1 certificada, o que significa que quem assistir a estas Masterclasses ter\u00e1 acesso a um <strong>Certificado de Forma\u00e7\u00e3o<\/strong>. <\/p>\n<p>Finalmente, o evento teve o seu \u00faltimo momento, com uma preciosa contribui\u00e7\u00e3o de <strong>Pedro Caramez, consultor e formador de Marketing Digital dedicado quase em exclusivo \u00e0 rede LinkedIn.<\/strong> Pedro Caramez fez uma apresenta\u00e7\u00e3o pedag\u00f3gica sobre \u201cComo construir a sua marca pessoal no LinkedIn\u201d. <\/p>\n<p>&nbsp;<\/p>\n<p>Esta edi\u00e7\u00e3o do APROXIMO contou com o apoio dos parceiros: IMO360, IMPROXY, eGO Real Estate e X-IMO crm.<\/p>\n<p>&nbsp;<\/p>\n<p><strong>Mais uma edi\u00e7\u00e3o coroada de \u00eaxito e que certamente abriu o apetite a todos os participantes para estarem presentes fisicamente no APROXIMO 2023, j\u00e1 em fevereiro, em Lisboa.<\/strong><\/p>\n<\/p>\n<div class=\"css-h5fkc8\"><strong>Ultima actualiza\u00e7\u00e3o:<\/strong> 10 outubro 2022<\/div>\n","protected":false},"excerpt":{"rendered":"<p>Realizou-se no dia 28 de setembro mais um APROXIMO, a terceira edi\u00e7\u00e3o do evento do IMOVIRTUAL que j\u00e1 deixou a sua marca no setor imobili\u00e1rio em Portugal. Foram praticamente 3 horas em direto, online, em que se debateram diversos temas fundamentais para a atividade de mediadores e consultores imobili\u00e1rios. A apresenta\u00e7\u00e3o do evento ficou a &hellip;<\/p>\n","protected":false},"author":3,"featured_media":166,"comment_status":"closed","ping_status":"open","sticky":false,"template":"","format":"standard","meta":{"footnotes":""},"categories":[36],"tags":[],"class_list":["post-286","post","type-post","status-publish","format-standard","has-post-thumbnail","hentry","category-profissionais"],"_links":{"self":[{"href":"https:\/\/www.imovirtual.com\/noticias\/wp-json\/wp\/v2\/posts\/286","targetHints":{"allow":["GET"]}}],"collection":[{"href":"https:\/\/www.imovirtual.com\/noticias\/wp-json\/wp\/v2\/posts"}],"about":[{"href":"https:\/\/www.imovirtual.com\/noticias\/wp-json\/wp\/v2\/types\/post"}],"author":[{"embeddable":true,"href":"https:\/\/www.imovirtual.com\/noticias\/wp-json\/wp\/v2\/users\/3"}],"replies":[{"embeddable":true,"href":"https:\/\/www.imovirtual.com\/noticias\/wp-json\/wp\/v2\/comments?post=286"}],"version-history":[{"count":0,"href":"https:\/\/www.imovirtual.com\/noticias\/wp-json\/wp\/v2\/posts\/286\/revisions"}],"wp:featuredmedia":[{"embeddable":true,"href":"https:\/\/www.imovirtual.com\/noticias\/wp-json\/wp\/v2\/media\/166"}],"wp:attachment":[{"href":"https:\/\/www.imovirtual.com\/noticias\/wp-json\/wp\/v2\/media?parent=286"}],"wp:term":[{"taxonomy":"category","embeddable":true,"href":"https:\/\/www.imovirtual.com\/noticias\/wp-json\/wp\/v2\/categories?post=286"},{"taxonomy":"post_tag","embeddable":true,"href":"https:\/\/www.imovirtual.com\/noticias\/wp-json\/wp\/v2\/tags?post=286"}],"curies":[{"name":"wp","href":"https:\/\/api.w.org\/{rel}","templated":true}]}}