{"id":2850,"date":"2021-09-25T00:00:00","date_gmt":"2021-09-25T00:00:00","guid":{"rendered":"https:\/\/www.imovirtual.com\/noticias2\/2021\/09\/25\/moveis-antigos-decoracao-moderna\/"},"modified":"2024-08-28T10:19:11","modified_gmt":"2024-08-28T10:19:11","slug":"moveis-antigos-decoracao-moderna","status":"publish","type":"post","link":"https:\/\/www.imovirtual.com\/noticias\/lifestyle\/moveis-antigos-decoracao-moderna\/","title":{"rendered":"3 dicas para integrar os m\u00f3veis antigos na decora\u00e7\u00e3o moderna"},"content":{"rendered":"<p class=\"css-8qfla4\">\n<p class=\"css-m5h6m0 edperro0\">\n<h1><strong>Como incorporar os m\u00f3veis antigos na decora\u00e7\u00e3o moderna<\/strong><\/h1>\n<p>A poltrona do av\u00f4, o louceiro da av\u00f3, o toucador da m\u00e3e, a escrivaninha do <a href=\"https:\/\/www.imovirtual.com\/noticias\/lifestyle\/uma-moradia-para-cada-tipo-de-pai\" target=\"_blank\" rel=\"noopener\">pai<\/a>:<strong> os m\u00f3veis antigos guardam hist\u00f3rias, segredos e mem\u00f3rias <\/strong>que muitas vezes se perdem quando <a href=\"https:\/\/www.imovirtual.com\/noticias\/imobiliario\/vai-mudar-de-casa-confira-estas-4-dicas\" target=\"_blank\" rel=\"noopener\">mudamos de casa <\/a>ou de decora\u00e7\u00e3o. Isso n\u00e3o tem de acontecer: esta mob\u00edlia pode ser perfeitamente integrada no novo espa\u00e7o, que certamente, seguindo as <a href=\"https:\/\/www.imovirtual.com\/noticias\/decoracao\/estilo-industrial\" target=\"_blank\" rel=\"noopener\">tend\u00eancias<\/a> atuais, ter\u00e1 <strong>tra\u00e7os mais simples<\/strong> e far\u00e1 mais uso das <strong><a href=\"https:\/\/www.imovirtual.com\/noticias\/decoracao\/cromoterapia-como-escolher-as-cores-para-a-sua-casa\" target=\"_blank\" rel=\"noopener\">cores<\/a> claras<\/strong>. Al\u00e9m do valor sentimental, muitas vezes estas pe\u00e7as s\u00e3o de<strong> elevada qualidade<\/strong> e n\u00e3o faz sentido atir\u00e1-las para o lixo s\u00f3 porque j\u00e1 n\u00e3o combinam com a est\u00e9tica da sua casa.<strong> Existem truques para as conseguir incorporar no design moderno, que requerem pouco trabalho e dinheiro<\/strong>. Porque afinal, a decora\u00e7\u00e3o de uma casa deve ser muito mais que um conjunto de m\u00f3veis, objetos e <a href=\"https:\/\/www.imovirtual.com\/noticias\/decoracao\/plantas-must-have-decoracao-de-interiores\" target=\"_blank\" rel=\"noopener\">plantas<\/a> bonitas: deve esconder mem\u00f3rias e afetividade. Por isso, <strong>para preservar essa componente, atente \u00e0s nossas 3 dicas<\/strong>:<\/p>\n<\/p>\n<h3>Leia tamb\u00e9m: <a href=\"https:\/\/www.imovirtual.com\/noticias\/decoracao\/pantone-cores-do-ano-em-casa\" target=\"_blank\" rel=\"noopener\"><strong>Pantone:<\/strong><\/a> 5 formas de incorporar as cores do ano na sua decora\u00e7\u00e3o<\/h3>\n<\/p>\n<h2><strong>Renovar, restaurar, remodelar<\/strong><\/h2>\n<p>Muitas vezes a <a href=\"https:\/\/www.imovirtual.com\/noticias\/decoracao\/mudou-de-casa-e-nao-sabe-o-que-fazer-a-mobilia-da-sua\" target=\"_blank\" rel=\"noopener\"><strong>mob\u00edlia antiga<\/strong><\/a> apresenta algumas falhas, desgaste ou estragos que podem ser corrigidos com algum trabalho e dedica\u00e7\u00e3o. Certas pe\u00e7as precisam de interven\u00e7\u00f5es profundas, outras de algo t\u00e3o simples como passar um pincel e um pouco de tinta para lhe dar uma nova cara. Claro que tudo depende do seu objetivo para determinado m\u00f3vel:<strong> pode sempre preservar as caracter\u00edsticas originais e a sua identidade \u00fanica ou aproxim\u00e1-lo do estilo de<a href=\"https:\/\/www.imovirtual.com\/noticias\/decoracao\/descubra-o-seu-estilo-de-decoracao-de-interiores\" target=\"_blank\" rel=\"noopener\"> decora\u00e7\u00e3o de interiores<\/a> da sua casa<\/strong>. H\u00e1 quem goste do contraste entre o antigo e o moderno, ou quem prefira atenuar esta diferen\u00e7a. Seja como for, ambas as formas s\u00e3o v\u00e1lidas para <strong>renovar, restaurar e remodelar <\/strong>a mob\u00edlia antiga, para que esta possa viver em harmonia com as pe\u00e7as mais recentes.<\/p>\n<\/p>\n<h3>Talvez lhe interesse: <a href=\"https:\/\/www.imovirtual.com\/noticias\/decoracao\/upcycling-moveis-paletes\" target=\"_blank\" rel=\"noopener\"><em><strong>Upcycling: d\u00ea uma nova vida aos seus m\u00f3veis<\/strong><\/em><\/a><\/h3>\n<\/p>\n<h2><strong>Repense a funcionalidade dos objetos<\/strong><\/h2>\n<p>Algu\u00e9m ditou que o normal \u00e9 usarmos as cadeiras para nos sentarmos e as mesas para pousarmos objetos, mas podia ter acontecido ao contr\u00e1rio. Com os m\u00f3veis antigos a l\u00f3gica \u00e9 a mesma. N\u00e3o estamos com isto a dizer que deve usar a antiga poltrona da sua av\u00f3 como mesa de apoio, mas sim a<strong> tirar a mob\u00edlia do seu <em>habitat<\/em> natural<\/strong>. Por exemplo, tradicionalmente as secret\u00e1rias est\u00e3o situadas no escrit\u00f3rio e os louceiros na cozinha. Qui\u00e7a, talvez possa <strong>restaurar<\/strong> &#8211; a palavra de ordem &#8211; a sua antiga mesa de trabalho e transform\u00e1-la numa ilha de suporte \u00e0 <a href=\"https:\/\/www.imovirtual.com\/noticias\/decoracao\/cozinhas-inspiradoras\" target=\"_blank\" rel=\"noopener\"><strong>cozinha<\/strong><\/a> enquanto o louceiro pode viver no <a href=\"https:\/\/www.imovirtual.com\/noticias\/imobiliario\/como-criar-um-escritorio-em-casa-eficiente\" target=\"_blank\" rel=\"noopener\"><strong>escrit\u00f3rio<\/strong><\/a>, como forma de armazenar os seus <a href=\"https:\/\/www.imovirtual.com\/noticias\/decoracao\/organizar-arquivos-do-escritorio\" target=\"_blank\" rel=\"noopener\"><strong>arquivos<\/strong><\/a> e <a href=\"https:\/\/www.imovirtual.com\/noticias\/decoracao\/livros-sobre-decoracao-organizacao-casa\" target=\"_blank\" rel=\"noopener\"><strong>livros<\/strong><\/a>. Uma estante n\u00e3o tem de ser s\u00f3 usada para colocar livros ou objetos decorativos, pode funcionar como despenseiro ou jardim vertical, como ali\u00e1s j\u00e1 comprovamos no nosso artigo <em><strong><a href=\"https:\/\/www.imovirtual.com\/noticias\/decoracao\/usos-estantes\" target=\"_blank\" rel=\"noopener\">A versatilidade e os diferentes usos das estantes<\/a>. <\/strong><\/em>Esta m\u00e1xima aplica-se a toda a mob\u00edlia, por isso <strong>\u00e9 conveniente fazer uma introspe\u00e7\u00e3o e pensar onde poder\u00e1 colocar aquela pe\u00e7a antiga que j\u00e1 n\u00e3o tem a mesma utilidade mas pode funcionar de outra forma.<\/strong> <\/p>\n<\/p>\n<h2><strong>D\u00ea destaque ao m\u00f3vel e complemente com decora\u00e7\u00e3o<\/strong><\/h2>\n<p>Talvez at\u00e9 prefira que a mob\u00edlia antiga passe despercebida na sua decora\u00e7\u00e3o, mas a verdade \u00e9 que ela ser\u00e1 um dos pontos fortes da mesma<strong>. Arriscar juntar m\u00f3veis com linhas modernas com m\u00f3veis com linhas antigas d\u00e1 personalidade a qualquer espa\u00e7o<\/strong>. Talvez at\u00e9 tenha optado por seguir os dois passos anteriores, mas no final o importante \u00e9 <strong>enquadrar a pe\u00e7a no local onde vai viver<\/strong>:<strong> escolher a decora\u00e7\u00e3o certa <\/strong>para a modernizar, rode\u00e1-la de alguns<em> <strong>posters<\/strong><\/em>, pintar uma <strong>parede de destaque<\/strong> atr\u00e1s dela, &#8211; ou utilizar <a href=\"https:\/\/www.imovirtual.com\/noticias\/decoracao\/dicas-para-integrar-o-papel-de-parede-na-decoracao\" target=\"_blank\" rel=\"noopener\"><strong>papel de parede<\/strong><\/a> para o efeito &#8211; incumbir algum verde na combina\u00e7\u00e3o com a ajuda de algumas <a href=\"https:\/\/www.imovirtual.com\/noticias\/lifestyle\/6-dicas-para-trabalhar-plantas-ou-jardim\" target=\"_blank\" rel=\"noopener\"><strong>plantas<\/strong><\/a> e flores, s\u00e3o alguns truques para incorporar o m\u00f3vel na decora\u00e7\u00e3o. Quanto ao <strong>n\u00edvel de destaque<\/strong>, tudo vai depender das suas escolhas (mas n\u00f3s dizemos<em><strong> sim!<\/strong><\/em>, ao destaque evidente de pe\u00e7as antigas, \u00fanicas e cheias de personalidade).<\/p>\n<\/p>\n<p class=\" block-img\"><img decoding=\"async\" src=\"https:\/\/www.imovirtual.com\/noticias\/wp-content\/uploads\/2022\/11\/af14b393-f5d1-4a75-8368-42f656903033_Copia-de-Banners-Autores-3.png\" alt=\"Maria Lu\u00edsa Autor Imovirtual\"><\/p>\n<h5><em>Maria Lu\u00edsa \u00e9 a decoradora. A paix\u00e3o pela decora\u00e7\u00e3o surgiu desde muito cedo, quando as paredes se tornaram folhas de desenho. Juntou o \u00fatil ao agrad\u00e1vel e fez da voca\u00e7\u00e3o o seu trabalho. Est\u00e1 a cargo dos temas sobre &#8216;Decora\u00e7\u00e3o&#8217; do Blog do Imovirtual.<\/em><\/h5>\n<\/p>\n<h4><strong>Mais sobre Decora\u00e7\u00e3o<\/strong><\/h4>\n<ul>\n<li>Como escolher o sof\u00e1 ideal para a <a href=\"https:\/\/www.imovirtual.com\/noticias\/decoracao\/como-escolher-sofa-perfeito-sala-de-estar\" target=\"_blank\" rel=\"noopener\"><strong>sala de estar<\/strong><\/a><\/li>\n<li>Tend\u00eancias: <a href=\"https:\/\/www.imovirtual.com\/noticias\/decoracao\/estilo-industrial\" target=\"_blank\" rel=\"noopener\"><strong>estilo industrial<\/strong><\/a><\/li>\n<li>4 solu\u00e7\u00f5es para&nbsp;<a href=\"https:\/\/www.imovirtual.com\/noticias\/decoracao\/pendurar-quadros-sem-furar-parede\" target=\"_blank\" rel=\"noopener\"><strong>pendurar quadros sem furar a parede<\/strong><\/a><\/li>\n<\/ul>\n<\/p>\n<div class=\"css-h5fkc8\"><strong>Ultima actualiza\u00e7\u00e3o:<\/strong> 25 setembro 2021<\/div>\n","protected":false},"excerpt":{"rendered":"<p>Como incorporar os m\u00f3veis antigos na decora\u00e7\u00e3o moderna A poltrona do av\u00f4, o louceiro da av\u00f3, o toucador da m\u00e3e, a escrivaninha do pai: os m\u00f3veis antigos guardam hist\u00f3rias, segredos e mem\u00f3rias que muitas vezes se perdem quando mudamos de casa ou de decora\u00e7\u00e3o. Isso n\u00e3o tem de acontecer: esta mob\u00edlia pode ser perfeitamente integrada &hellip;<\/p>\n","protected":false},"author":3,"featured_media":2851,"comment_status":"closed","ping_status":"open","sticky":false,"template":"","format":"standard","meta":{"footnotes":""},"categories":[3],"tags":[],"class_list":["post-2850","post","type-post","status-publish","format-standard","has-post-thumbnail","hentry","category-lifestyle"],"_links":{"self":[{"href":"https:\/\/www.imovirtual.com\/noticias\/wp-json\/wp\/v2\/posts\/2850","targetHints":{"allow":["GET"]}}],"collection":[{"href":"https:\/\/www.imovirtual.com\/noticias\/wp-json\/wp\/v2\/posts"}],"about":[{"href":"https:\/\/www.imovirtual.com\/noticias\/wp-json\/wp\/v2\/types\/post"}],"author":[{"embeddable":true,"href":"https:\/\/www.imovirtual.com\/noticias\/wp-json\/wp\/v2\/users\/3"}],"replies":[{"embeddable":true,"href":"https:\/\/www.imovirtual.com\/noticias\/wp-json\/wp\/v2\/comments?post=2850"}],"version-history":[{"count":0,"href":"https:\/\/www.imovirtual.com\/noticias\/wp-json\/wp\/v2\/posts\/2850\/revisions"}],"wp:featuredmedia":[{"embeddable":true,"href":"https:\/\/www.imovirtual.com\/noticias\/wp-json\/wp\/v2\/media\/2851"}],"wp:attachment":[{"href":"https:\/\/www.imovirtual.com\/noticias\/wp-json\/wp\/v2\/media?parent=2850"}],"wp:term":[{"taxonomy":"category","embeddable":true,"href":"https:\/\/www.imovirtual.com\/noticias\/wp-json\/wp\/v2\/categories?post=2850"},{"taxonomy":"post_tag","embeddable":true,"href":"https:\/\/www.imovirtual.com\/noticias\/wp-json\/wp\/v2\/tags?post=2850"}],"curies":[{"name":"wp","href":"https:\/\/api.w.org\/{rel}","templated":true}]}}