{"id":2848,"date":"2020-12-27T00:00:00","date_gmt":"2020-12-27T00:00:00","guid":{"rendered":"https:\/\/www.imovirtual.com\/noticias2\/2020\/12\/27\/saiba-os-cuidados-a-ter-com-o-aquecedor-na-sua-habitacao\/"},"modified":"2024-08-28T10:30:11","modified_gmt":"2024-08-28T10:30:11","slug":"saiba-os-cuidados-a-ter-com-o-aquecedor-na-sua-habitacao","status":"publish","type":"post","link":"https:\/\/www.imovirtual.com\/noticias\/imobiliario\/saiba-os-cuidados-a-ter-com-o-aquecedor-na-sua-habitacao\/","title":{"rendered":"Saiba os cuidados a ter com o aquecedor na sua habita\u00e7\u00e3o"},"content":{"rendered":"<p class=\"css-8qfla4\">\n<p class=\"css-m5h6m0 edperro0\">\n<h1><strong>Cuidados a ter com o aquecedor na sua habita\u00e7\u00e3o<\/strong><\/h1>\n<p>Quando as temperaturas baixam, s\u00f3 nos apetece ficar quentinhos e confort\u00e1veis dentro de casa ou no local de trabalho. E para que o frio se mantenha afastado, os aquecedores s\u00e3o o que nos vem logo \u00e0 cabe\u00e7a.<\/p>\n<p>No entanto, n\u00e3o podemos esquecer que o uso indevido de aquecedores e lareiras aumentam o risco de inc\u00eandios e intoxica\u00e7\u00e3o por mon\u00f3xido de carbono. Para que se possa manter quente e seguro, veja abaixo as recomenda\u00e7\u00f5es para utiliza\u00e7\u00e3o dos v\u00e1rios tipos de aquecedores dispon\u00edveis:<\/p>\n<\/p>\n<h3><strong>Aquecedor El\u00e9trico<\/strong><\/h3>\n<p>Por ser de f\u00e1cil acesso e utiliza\u00e7\u00e3o, o aquecedor el\u00e9trico certamente \u00e9 o mais procurado quando o frio chega. Mas, como qualquer outro aparelho, h\u00e1 cuidados que se deve ter. Em primeiro lugar, o seu uso gera um maior consumo de energia, o que torna a sua manuten\u00e7\u00e3o mais dispendiosa. Al\u00e9m disso, se a instala\u00e7\u00e3o el\u00e9trica do local n\u00e3o for capaz de suportar a pot\u00eancia do aquecedor, poder\u00e1 ocorrer um sobreaquecimento dos fios causando um curto-circuito.<\/p>\n<p>Procure manter objetos, roupas, cortinas e m\u00f3veis no m\u00ednimo, a um metro de dist\u00e2ncia do equipamento. Jamais seque roupas ou cal\u00e7ados sobre o aquecedor. E, nunca \u00e9 demais lembrar, para manter qualquer aparelho el\u00e9trico fora do alcance das crian\u00e7as.<\/p>\n<\/p>\n<h2><strong>Aquecedor a G\u00e1s <\/strong><\/h2>\n<p>O aquecedor a g\u00e1s \u00e9 outra op\u00e7\u00e3o utilizada para espantar o frio. Seja pelo seu pre\u00e7o acess\u00edvel ou pela capacidade de aquecer um ambiente relativamente grande com rapidez, s\u00e3o bastante procurados.<\/p>\n<p>Para al\u00e9m dessas vantagens, atualmente, os fabricantes introduziram termostatos, igni\u00e7\u00e3o el\u00e9trica, sistema anti queda e controladores de oxig\u00eanio tornando-os um pouco mais seguros. No entanto, o aquecedor a g\u00e1s ainda \u00e9 dos tipos de equipamento que inspira a ter mais cuidados.<\/p>\n<p>E, o maior cuidado que se deve ter ao utilizar um aquecedor a g\u00e1s, ser\u00e1 de manter sempre um ambiente ventilado para evitar a inala\u00e7\u00e3o de mon\u00f3xido de carbono. Uma intoxica\u00e7\u00e3o por este g\u00e1s \u00e9 capaz de causar les\u00e3o cerebral e at\u00e9 a morte.<\/p>\n<\/p>\n<h2><strong>Aquecedor a \u00e1gua <\/strong><\/h2>\n<p>Estes aquecedores s\u00e3o normalmente fixados \u00e0 parede e ligados a uma caldeira. Os radiadores para aquecimento central por \u00e1gua s\u00e3o elementos que emitem calor ambiente no local onde est\u00e3o instalados.<\/p>\n<p>Estes aquecedores a \u00e1gua, normalmente possuem um termostato, o que permite que se desligue quando as divis\u00f5es atingem determinada temperatura. \u00c9 aconselh\u00e1vel que estes aquecedores sejam vistos por um t\u00e9cnico antes do in\u00edcio de cada inverno para verificar se existe algum tipo de falha.<\/p>\n<\/p>\n<h2><strong>Termoventiladores<\/strong><\/h2>\n<p>Os termoventiladores s\u00e3o uma boa op\u00e7\u00e3o para quem quer ter um aquecimento r\u00e1pido e f\u00e1cil. No entanto, este tipo de aquecedor \u00e9 um dos que mais consome energia e n\u00e3o \u00e9 eficaz para ambientes de grande dimens\u00e3o. Al\u00e9m disso, os modelos que possuem ventoinha s\u00e3o ruidosos, o que n\u00e3o colabora em nada para uma boa noite de sono.<\/p>\n<p>H\u00e1 que se ter especial aten\u00e7\u00e3o com este tipo de aquecedor pois em muitos casos, dependendo do modelo, o sobreaquecimento do aparelho acaba por derreter as partes pl\u00e1sticas do mesmo, danificando-o.<\/p>\n<\/p>\n<p>Seja qual for o sistema de aquecimento escolhido, o ideal \u00e9 utiliz\u00e1-lo para climatizar o ambiente e deslig\u00e1-lo assim que a temperatura desejada for atingida. Em resumo, se tomar os cuidados necess\u00e1rios com os aquecedores, \u00e9 poss\u00edvel usufruir de um ambiente quente e confort\u00e1vel com seguran\u00e7a.<\/p>\n<p>Partilhe este artigo sobre os cuidados a ter com aquecedores com os seus amigos e familiares.<\/p>\n<\/p>\n<h3><strong>Leia tamb\u00e9m:<\/strong><\/h3>\n<ul>\n<li>Como tornar a sua <a href=\"https:\/\/www.imovirtual.com\/noticias\/imobiliario\/como-tornar-casa-inteligente\" target=\"_blank\" rel=\"noopener\"><strong>casa inteligente<\/strong><\/a><\/li>\n<li>Utilize a<strong> <a href=\"https:\/\/www.imovirtual.com\/noticias\/imobiliario\/utilize-a-domotica-na-sua-habitacao-e-poupe\" target=\"_blank\" rel=\"noopener\">Dom\u00f3tica<\/a> <\/strong>na sua habita\u00e7\u00e3o e poupe<\/li>\n<li>Rede sitio ir\u00e1 abrir mais tr\u00eas <strong><a href=\"https:\/\/www.imovirtual.com\/noticias\/imobiliario\/rede-sitio-ira-abrir-mais-tres-espacos-cowork-em-portugal\" target=\"_blank\" rel=\"noopener\">espa\u00e7os cowork<\/a> <\/strong>em Portugal<\/li>\n<\/ul>\n<\/p>\n<div class=\"css-h5fkc8\"><strong>Ultima actualiza\u00e7\u00e3o:<\/strong> 24 setembro 2021<\/div>\n","protected":false},"excerpt":{"rendered":"<p>Cuidados a ter com o aquecedor na sua habita\u00e7\u00e3o Quando as temperaturas baixam, s\u00f3 nos apetece ficar quentinhos e confort\u00e1veis dentro de casa ou no local de trabalho. E para que o frio se mantenha afastado, os aquecedores s\u00e3o o que nos vem logo \u00e0 cabe\u00e7a. No entanto, n\u00e3o podemos esquecer que o uso indevido &hellip;<\/p>\n","protected":false},"author":3,"featured_media":2849,"comment_status":"closed","ping_status":"open","sticky":false,"template":"","format":"standard","meta":{"footnotes":""},"categories":[37,5],"tags":[],"class_list":["post-2848","post","type-post","status-publish","format-standard","has-post-thumbnail","hentry","category-financas-e-imobiliario","category-imobiliario"],"_links":{"self":[{"href":"https:\/\/www.imovirtual.com\/noticias\/wp-json\/wp\/v2\/posts\/2848","targetHints":{"allow":["GET"]}}],"collection":[{"href":"https:\/\/www.imovirtual.com\/noticias\/wp-json\/wp\/v2\/posts"}],"about":[{"href":"https:\/\/www.imovirtual.com\/noticias\/wp-json\/wp\/v2\/types\/post"}],"author":[{"embeddable":true,"href":"https:\/\/www.imovirtual.com\/noticias\/wp-json\/wp\/v2\/users\/3"}],"replies":[{"embeddable":true,"href":"https:\/\/www.imovirtual.com\/noticias\/wp-json\/wp\/v2\/comments?post=2848"}],"version-history":[{"count":0,"href":"https:\/\/www.imovirtual.com\/noticias\/wp-json\/wp\/v2\/posts\/2848\/revisions"}],"wp:featuredmedia":[{"embeddable":true,"href":"https:\/\/www.imovirtual.com\/noticias\/wp-json\/wp\/v2\/media\/2849"}],"wp:attachment":[{"href":"https:\/\/www.imovirtual.com\/noticias\/wp-json\/wp\/v2\/media?parent=2848"}],"wp:term":[{"taxonomy":"category","embeddable":true,"href":"https:\/\/www.imovirtual.com\/noticias\/wp-json\/wp\/v2\/categories?post=2848"},{"taxonomy":"post_tag","embeddable":true,"href":"https:\/\/www.imovirtual.com\/noticias\/wp-json\/wp\/v2\/tags?post=2848"}],"curies":[{"name":"wp","href":"https:\/\/api.w.org\/{rel}","templated":true}]}}