{"id":2845,"date":"2021-09-18T00:00:00","date_gmt":"2021-09-18T00:00:00","guid":{"rendered":"https:\/\/www.imovirtual.com\/noticias2\/2021\/09\/18\/preparar-regresso-aulas-criancas\/"},"modified":"2021-09-18T00:00:00","modified_gmt":"2021-09-18T00:00:00","slug":"preparar-regresso-aulas-criancas","status":"publish","type":"post","link":"https:\/\/www.imovirtual.com\/noticias\/lifestyle\/preparar-regresso-aulas-criancas\/","title":{"rendered":"Crian\u00e7as: como preparar o regresso \u00e0s aulas"},"content":{"rendered":"<p class=\"css-8qfla4\">\n<p class=\"css-m5h6m0 edperro0\">\n<h1><strong>Como ajudar a sua fam\u00edlia a preparar o regresso \u00e0s aulas do seu filho<\/strong><\/h1>\n<p>O m\u00eas de setembro marca o in\u00edcio da \u00e9poca de regresso \u00e0s aulas uma<strong> altura, regra geral, cansativa, preocupante e de tirar noites de sono aos pais<\/strong>. Quando pergunta ao seu filho o que sente na altura de regressar \u00e0 escola, o entusiasmo \u00e9 certamente evidente &#8211; especialmente se estivermos a falar da compra de novo material escolar para mostrar aos novos colegas &#8211; contrastando com os sentimentos dos progenitores. Entre encomendar <a href=\"https:\/\/www.imovirtual.com\/noticias\/decoracao\/livros-sobre-decoracao-organizacao-casa\" target=\"_blank\" rel=\"noopener\">livros<\/a>, acertar os pormenores com a escola e o ATL, ajustar os hor\u00e1rios ao nova rotina, preparar almo\u00e7os, lanches e snacks, ter tudo pronto a tempo da data e deixar zarpar o barco das <a href=\"https:\/\/www.imovirtual.com\/noticias\/lifestyle\/ferias-em-casa-atividades\" target=\"_blank\" rel=\"noopener\">f\u00e9rias<\/a> para colocar os p\u00e9s em terra, bem assentes no ch\u00e3o e na realidade &#8220;escola&#8221;, pais e m\u00e3es n\u00e3o t\u00eam m\u00e3os a medir. <\/p>\n<p>No caso de fam\u00edlias numerosas, <strong>muitas vezes todas estas tarefas s\u00e3o feitas a duplicar<\/strong>, ou a triplicar, ou quem sabe at\u00e9 noutras multiplica\u00e7\u00f5es dependendo da quantidade de filhos. Aliado a isto, est\u00e1 certamente o stress di\u00e1rio que adv\u00e9m de situa\u00e7\u00f5es corriqueiras, do trabalho, das lides dom\u00e9sticas, dos problemas familiares: o <em>cocktail<\/em> torna-se demasiado perigoso, tendo tudo para ser um aut\u00eantico desastre. Por isso mesmo, \u00e9 importante situar-se e ter tudo bem organizado de forma a garantir que <strong>a sua casa <\/strong>est\u00e1 preparada para enfrentar mais um ano letivo.<strong> Reunimos uma lista para o ajudar a estabelecer prioridades e para deixar tudo correr sobre rodas<\/strong>. Uma esp\u00e9cie de checklist de regresso \u00e0s aulas para pais (e filhos mais velhos) garantirem que o lar est\u00e1 toda em ordem na hora de voltar \u00e0s normais rotinas de trabalho\/escola. Ora veja<\/p>\n<h2><\/h2>\n<h2><strong>Organize o local de estudo<\/strong><\/h2>\n<p>Nem toda a gente tem um <a href=\"https:\/\/www.imovirtual.com\/noticias\/imobiliario\/como-criar-um-escritorio-em-casa-eficiente\" target=\"_blank\" rel=\"noopener\">escrit\u00f3rio<\/a> adjudicado para pais e filhos poderem executar as tarefas mais educativas e profissionais. Mas \u00e9 importante que garanta que<strong> o local de estudo das crian\u00e7as e jovens esteja o mais limpo, arrumado e arejado poss\u00edvel<\/strong>, quer estejamos a falar de uma sala dedicada para o efeito ou simplesmente da mesa de jantar multifun\u00e7\u00f5es.<\/p>\n<\/p>\n<h2><strong>Confira o material para ajudar ao estudo<\/strong><\/h2>\n<p>Neste ponto n\u00e3o nos estamos a referir aos cadernos di\u00e1rios, livros, l\u00e1pis e canetas, mas sim \u00e0 cadeira onde as crian\u00e7as ou jovens se v\u00e3o sentar, \u00e0 secret\u00e1ria, ao computador, aos candeeiros e a outros <strong>eventuais materiais que ajudem a tornar a sess\u00e3o de estudo o mais produtiva e eficaz poss\u00edvel<\/strong>. Nenhuma crian\u00e7a se conseguir\u00e1 concentrar se a cadeira lhe provocar dores de costas ou o candeeiro n\u00e3o acender a luz. <\/p>\n<\/p>\n<h2><strong>Atente \u00e0 ilumina\u00e7\u00e3o<\/strong><\/h2>\n<p>E por falar em luz, talvez precise de trocar uma ou mais l\u00e2mpadas em casa para garantir que o seu filho ter\u00e1 <strong>visibilidade suficiente para estudar<\/strong>. A fraca luminosidade pode afetar n\u00e3o s\u00f3 a sa\u00fade ocular das crian\u00e7as e jovens, mas tamb\u00e9m contribuir para uma sess\u00e3o de estudo menos produtiva. Por isso, confira se a luz dos locais onde os seus filhos costumam estudar \u00e9 a mais indicada.<\/p>\n<\/p>\n<h3>Saiba tamb\u00e9m: <a href=\"https:\/\/www.imovirtual.com\/noticias\/imobiliario\/como-poupar-na-fatura-da-luz\" target=\"_blank\" rel=\"noopener\"><strong>Como poupar na fatura da luz<\/strong><\/a><\/h3>\n<\/p>\n<h2><strong>Crie um calend\u00e1rio para se guiar<\/strong><\/h2>\n<p>De forma a ter no\u00e7\u00e3o de todos os acontecimentos importantes da vida do seu filho, deixe \u00e0 disposi\u00e7\u00e3o de toda a fam\u00edlia <strong>um calend\u00e1rio mensal para anotarem testes, visitas de estudo, saraus, atividades extracurriculares e outros demais eventos que seja importante n\u00e3o esquecer<\/strong>. Coloque este guia na porta do <a href=\"https:\/\/www.imovirtual.com\/noticias\/lifestyle\/organizacao-frigorifico-congelador\" target=\"_blank\" rel=\"noopener\">frigor\u00edfico<\/a> para facilitar o acesso e incentive os seus filhos a anotarem eles pr\u00f3prios os compromissos &#8211; se forem demasiados novos, fa\u00e7a-o voc\u00ea mesmo.<\/p>\n<\/p>\n<h2><strong>Organize os roupeiros<\/strong><\/h2>\n<p>Crie uma <strong>organiza\u00e7\u00e3o nos roupeiros, de pais e filhos, para facilitar a sua rotina di\u00e1ria e a escolha da indument\u00e1ria<\/strong>. Com a correria do dia a dia, o closet acaba por se tornar um local desarrumado e sem um fio condutor. Adote o sistema que seja conveniente para si e para as <a href=\"https:\/\/www.imovirtual.com\/noticias\/financas\/viver-com-criancas-essenciais-para-comecar-uma-vida-a-3-id139.html\" target=\"_blank\" rel=\"noopener\">crian\u00e7as<\/a> para evitar atrasos \u00e0s segundas-feiras de manh\u00e3. <\/p>\n<\/p>\n<h3>Para conhecer mais dicas de como organizar o arm\u00e1rio, consulte:<strong> <a href=\"https:\/\/www.imovirtual.com\/en\/noticias\/lifestyle\/organizacao-closet\" target=\"_blank\" rel=\"noopener\">Closet: como o manter organizado<\/a><\/strong><\/h3>\n<p class=\" block-img\"><img decoding=\"async\" src=\"https:\/\/www.imovirtual.com\/noticias\/wp-content\/uploads\/2022\/11\/bd5974cf-f0b2-4813-a690-c8359669947e_Copia-de-Banners-Autores.png\" alt=\"Ana Catarina Autor Imovirtual\"><\/p>\n<h5><em>Ana Catarina \u00e9 a mi\u00fada das tend\u00eancias. Gosta de ficar em casa a perder-se pelas p\u00e1ginas de um livro, mas tamb\u00e9m n\u00e3o dispensa um caf\u00e9 tardio com os amigos. Est\u00e1 sempre \u00e0 procura do \u00faltimo grito em Lifestyle para revelar no Blog do Imovirtual.<\/em><\/h5>\n<\/p>\n<h4><strong>Tamb\u00e9m lhe pode interessar<\/strong><\/h4>\n<ul>\n<li>Dicas para <a href=\"https:\/\/www.imovirtual.com\/noticias\/imobiliario\/mudar-de-casa-criancas\" target=\"_blank\" rel=\"noopener\"><strong>mudar de casa com crian\u00e7as<\/strong><\/a><\/li>\n<li>Ser\u00e3o estas as <a href=\"https:\/\/www.imovirtual.com\/noticias\/lifestyle\/criancas-casas-de-sonho\" target=\"_blank\" rel=\"noopener\"><strong>casas de sonho das crian\u00e7as<\/strong><\/a>?<\/li>\n<li><a href=\"https:\/\/www.imovirtual.com\/noticias\/financas\/viver-com-criancas-essenciais-para-comecar-uma-vida-a-3-id139.html\" target=\"_blank\" rel=\"noopener\"><strong>Viver com crian\u00e7as<\/strong><\/a>: essenciais para come\u00e7ar uma vida a 3<\/li>\n<\/ul>\n<\/p>\n<div class=\"css-h5fkc8\"><strong>Ultima actualiza\u00e7\u00e3o:<\/strong> 18 setembro 2021<\/div>\n","protected":false},"excerpt":{"rendered":"<p>Como ajudar a sua fam\u00edlia a preparar o regresso \u00e0s aulas do seu filho O m\u00eas de setembro marca o in\u00edcio da \u00e9poca de regresso \u00e0s aulas uma altura, regra geral, cansativa, preocupante e de tirar noites de sono aos pais. Quando pergunta ao seu filho o que sente na altura de regressar \u00e0 escola, &hellip;<\/p>\n","protected":false},"author":3,"featured_media":2846,"comment_status":"closed","ping_status":"open","sticky":false,"template":"","format":"standard","meta":{"footnotes":""},"categories":[3],"tags":[],"class_list":["post-2845","post","type-post","status-publish","format-standard","has-post-thumbnail","hentry","category-lifestyle"],"_links":{"self":[{"href":"https:\/\/www.imovirtual.com\/noticias\/wp-json\/wp\/v2\/posts\/2845","targetHints":{"allow":["GET"]}}],"collection":[{"href":"https:\/\/www.imovirtual.com\/noticias\/wp-json\/wp\/v2\/posts"}],"about":[{"href":"https:\/\/www.imovirtual.com\/noticias\/wp-json\/wp\/v2\/types\/post"}],"author":[{"embeddable":true,"href":"https:\/\/www.imovirtual.com\/noticias\/wp-json\/wp\/v2\/users\/3"}],"replies":[{"embeddable":true,"href":"https:\/\/www.imovirtual.com\/noticias\/wp-json\/wp\/v2\/comments?post=2845"}],"version-history":[{"count":0,"href":"https:\/\/www.imovirtual.com\/noticias\/wp-json\/wp\/v2\/posts\/2845\/revisions"}],"wp:featuredmedia":[{"embeddable":true,"href":"https:\/\/www.imovirtual.com\/noticias\/wp-json\/wp\/v2\/media\/2846"}],"wp:attachment":[{"href":"https:\/\/www.imovirtual.com\/noticias\/wp-json\/wp\/v2\/media?parent=2845"}],"wp:term":[{"taxonomy":"category","embeddable":true,"href":"https:\/\/www.imovirtual.com\/noticias\/wp-json\/wp\/v2\/categories?post=2845"},{"taxonomy":"post_tag","embeddable":true,"href":"https:\/\/www.imovirtual.com\/noticias\/wp-json\/wp\/v2\/tags?post=2845"}],"curies":[{"name":"wp","href":"https:\/\/api.w.org\/{rel}","templated":true}]}}