{"id":2836,"date":"2020-12-21T00:00:00","date_gmt":"2020-12-21T00:00:00","guid":{"rendered":"https:\/\/www.imovirtual.com\/noticias2\/2020\/12\/21\/use-o-ppr-para-pagar-a-prestacao-da-casa\/"},"modified":"2024-08-28T10:25:49","modified_gmt":"2024-08-28T10:25:49","slug":"use-o-ppr-para-pagar-a-prestacao-da-casa","status":"publish","type":"post","link":"https:\/\/www.imovirtual.com\/noticias\/financas\/use-o-ppr-para-pagar-a-prestacao-da-casa\/","title":{"rendered":"Use o PPR para pagar a presta\u00e7\u00e3o da casa"},"content":{"rendered":"<p class=\"css-8qfla4\">\n<p class=\"css-m5h6m0 edperro0\">\n<h1><strong>Use o PPR para pagar a presta\u00e7\u00e3o da casa<\/strong><\/h1>\n<p>E que tal utilizar o seu PPR para pagar a presta\u00e7\u00e3o da casa? Num tempo de crise e de mudan\u00e7a qualquer ferramenta \u00e9 boa para dar algum desafogo \u00e0s finan\u00e7as da casa e o dinheiro colocado a render num Plano Poupan\u00e7a Reforma pode ser resgatado, por exemplo para o pagamento das presta\u00e7\u00f5es do im\u00f3vel.<\/p>\n<p>De entre as medidas anunciadas em Abril, por causa da declara\u00e7\u00e3o de Estado de Emerg\u00eancia no pa\u00eds, foi publicado em decreto a \u201cadmissibilidade de resgate de PPR\u201d em condi\u00e7\u00f5es mais flex\u00edveis, inicialmente at\u00e9 ao final de Setembro mas, depois, prorrogado at\u00e9 ao final do ano.<\/p>\n<p>Desta forma, os valores em Plano Poupan\u00e7a Reforma, bem como os PPE e PPR\/E, podem ser resgatados sem penaliza\u00e7\u00f5es para pagar as presta\u00e7\u00f5es de uma casa para habita\u00e7\u00e3o.<\/p>\n<\/p>\n<h2><strong>As condi\u00e7\u00f5es para reembolso <\/strong><\/h2>\n<\/p>\n<p>Para poder ser reembolsado do Plano Poupan\u00e7a Reforma sem penaliza\u00e7\u00e3o at\u00e9 ao limite mensal de 658,22 euros, basta que no agregado familiar haja uma das abrangentes condi\u00e7\u00f5es:<\/p>\n<ul>\n<li>um membro que tenha estado em situa\u00e7\u00e3o de isolamento profil\u00e1tico ou de doen\u00e7a ou a prestar assist\u00eancia a filhos ou netos,<\/li>\n<li>um elemento do agregado que tenha sido colocado em redu\u00e7\u00e3o do per\u00edodo normal de trabalho ou em suspens\u00e3o do contrato de trabalho, em virtude de crise empresarial<\/li>\n<li>um familiar em situa\u00e7\u00e3o de desemprego registado no Instituto do Emprego e Forma\u00e7\u00e3o Profissional<\/li>\n<li>ou que seja eleg\u00edvel para o apoio extraordin\u00e1rio \u00e0 redu\u00e7\u00e3o da atividade econ\u00f3mica de trabalhador independente<\/li>\n<li>ou seja trabalhador de entidades cujo estabelecimento ou atividade tenha sido objeto de encerramento<\/li>\n<\/ul>\n<p>Esta nova exce\u00e7\u00e3o, para j\u00e1 tempor\u00e1ria, n\u00e3o inclui contudo o resgate de Plano Poupan\u00e7a Reforma para compra de casa, por exemplo.<\/p>\n<p>As penaliza\u00e7\u00f5es pelo reembolso antecipado, sem justifica\u00e7\u00e3o prevista na lei, podem passar pelo pagamento de taxas e comiss\u00f5es \u00e0s entidades financeiras e pela devolu\u00e7\u00e3o \u00e0 Autoridade Tribut\u00e1ria dos benef\u00edcios fiscais ocorridos em anos anteriores.<\/p>\n<p>Os PPR s\u00e3o produtos de poupan\u00e7a de longo prazo que visam a reserva de algum capital, neste caso para a jubila\u00e7\u00e3o. Pedir o reembolso de um Plano Poupan\u00e7a Reforma pode vir a ter consequ\u00eancias mais \u00e0 frente, quando precisar de um complemento de reforma. Fa\u00e7a bem as contas a ver se justifica.<\/p>\n<p>Recorde que al\u00e9m destas condi\u00e7\u00f5es em tempo de pandemia, podem tamb\u00e9m ser reembolsados os PPR, de acordo com a lei, nos casos de reforma ou a partir dos 60 anos de idade, desemprego de longa dura\u00e7\u00e3o, incapacidade para o trabalho ou por doen\u00e7a grave de algum membro do agregado familiar.<\/p>\n<p class=\" block-img\"><img decoding=\"async\" src=\"https:\/\/www.imovirtual.com\/noticias\/wp-content\/uploads\/2022\/11\/35ce8fdc-7f6c-4930-b514-06c8b6107a8e_Joao-Miguel-Banner-2.png\" alt=\"Jo\u00e3o Miguel Autor Imovirtual Blog\"><\/p>\n<h5><em>Jo\u00e3o Miguel \u00e9 o homem dos n\u00fameros. O jeito para os n\u00fameros sempre foi inato, assim como o talento para a escrita. J\u00e1 tentou fazer um sem o outro, mas n\u00e3o foi bem sucedido na tarefa. Por isso, hoje escreve para a sec\u00e7\u00e3o &#8216;Finan\u00e7as&#8217; do Blog do Imovirtual.<\/em><\/h5>\n<\/p>\n<h4><\/h4>\n<h3><strong>Leia tamb\u00e9m:<\/strong><\/h3>\n<\/p>\n<ul>\n<li><a href=\"https:\/\/www.imovirtual.com\/noticias\/imoblog\/condominios-tudo-o-que-precisa-de-saber-by-condominio-deco-mais\" target=\"_blank\" rel=\"noopener\"><strong>CONDOM\u00cdNIOS<\/strong><\/a>: TUDO O QUE PRECISA DE SABER by CONDOM\u00cdNIO DECO+&nbsp;<\/li>\n<li>Saiba os seus direitos e deveres como <a href=\"https:\/\/www.imovirtual.com\/noticias\/imobiliario\/saiba-direitos-e-deveres-inquilino\" target=\"_blank\" rel=\"noopener\"><strong>inquilino<\/strong><\/a><\/li>\n<li>Homens ou Mulheres: quem paga menos no <a href=\"https:\/\/www.imovirtual.com\/noticias\/imoblog\/homens-ou-mulheres-quem-paga-menos-no-credito-habitacao\" target=\"_blank\" rel=\"noopener\"><strong>cr\u00e9dito habita\u00e7\u00e3o<\/strong><\/a>?<\/li>\n<\/ul>\n<\/p>\n<div class=\"css-h5fkc8\"><strong>Ultima actualiza\u00e7\u00e3o:<\/strong> 17 setembro 2021<\/div>\n","protected":false},"excerpt":{"rendered":"<p>Use o PPR para pagar a presta\u00e7\u00e3o da casa E que tal utilizar o seu PPR para pagar a presta\u00e7\u00e3o da casa? Num tempo de crise e de mudan\u00e7a qualquer ferramenta \u00e9 boa para dar algum desafogo \u00e0s finan\u00e7as da casa e o dinheiro colocado a render num Plano Poupan\u00e7a Reforma pode ser resgatado, por &hellip;<\/p>\n","protected":false},"author":3,"featured_media":2837,"comment_status":"closed","ping_status":"open","sticky":false,"template":"","format":"standard","meta":{"footnotes":""},"categories":[6,37],"tags":[],"class_list":["post-2836","post","type-post","status-publish","format-standard","has-post-thumbnail","hentry","category-financas","category-financas-e-imobiliario"],"_links":{"self":[{"href":"https:\/\/www.imovirtual.com\/noticias\/wp-json\/wp\/v2\/posts\/2836","targetHints":{"allow":["GET"]}}],"collection":[{"href":"https:\/\/www.imovirtual.com\/noticias\/wp-json\/wp\/v2\/posts"}],"about":[{"href":"https:\/\/www.imovirtual.com\/noticias\/wp-json\/wp\/v2\/types\/post"}],"author":[{"embeddable":true,"href":"https:\/\/www.imovirtual.com\/noticias\/wp-json\/wp\/v2\/users\/3"}],"replies":[{"embeddable":true,"href":"https:\/\/www.imovirtual.com\/noticias\/wp-json\/wp\/v2\/comments?post=2836"}],"version-history":[{"count":0,"href":"https:\/\/www.imovirtual.com\/noticias\/wp-json\/wp\/v2\/posts\/2836\/revisions"}],"wp:featuredmedia":[{"embeddable":true,"href":"https:\/\/www.imovirtual.com\/noticias\/wp-json\/wp\/v2\/media\/2837"}],"wp:attachment":[{"href":"https:\/\/www.imovirtual.com\/noticias\/wp-json\/wp\/v2\/media?parent=2836"}],"wp:term":[{"taxonomy":"category","embeddable":true,"href":"https:\/\/www.imovirtual.com\/noticias\/wp-json\/wp\/v2\/categories?post=2836"},{"taxonomy":"post_tag","embeddable":true,"href":"https:\/\/www.imovirtual.com\/noticias\/wp-json\/wp\/v2\/tags?post=2836"}],"curies":[{"name":"wp","href":"https:\/\/api.w.org\/{rel}","templated":true}]}}