{"id":2823,"date":"2020-12-15T00:00:00","date_gmt":"2020-12-15T00:00:00","guid":{"rendered":"https:\/\/www.imovirtual.com\/noticias2\/2020\/12\/15\/saiba-situacoes-em-que-nao-pode-haver-agravamento-de-spread\/"},"modified":"2024-08-28T10:25:50","modified_gmt":"2024-08-28T10:25:50","slug":"saiba-situacoes-em-que-nao-pode-haver-agravamento-de-spread","status":"publish","type":"post","link":"https:\/\/www.imovirtual.com\/noticias\/financas\/saiba-situacoes-em-que-nao-pode-haver-agravamento-de-spread\/","title":{"rendered":"Saiba as situa\u00e7\u00f5es em que n\u00e3o pode haver agravamento de spread"},"content":{"rendered":"<p class=\"css-8qfla4\">\n<p class=\"css-m5h6m0 edperro0\">\n<h1><strong>Conhe\u00e7a as situa\u00e7\u00f5es em que n\u00e3o pode haver agravamento de spread<\/strong><\/h1>\n<p>O Spread \u00e9 daquelas palavras que entraram h\u00e1 j\u00e1 algum tempo no vocabul\u00e1rio dos portugueses, mas ainda h\u00e1 quem tenha d\u00favidas sobre o que se trata.<br \/>Segundo o <a href=\"https:\/\/www.bportugal.pt\/\" target=\"_blank\" rel=\"noopener\">Banco de Portugal<\/a>, o spread \u00e9 \u201cuma componente da <a href=\"https:\/\/www.imovirtual.com\/noticias\/financas\/calcular-taxa-juro\" target=\"_blank\" rel=\"noopener\">taxa de juro<\/a>, definida pelo banco, contrato a contrato, quando concede um empr\u00e9stimo\u201d, ou seja, \u00e9 o lucro do banco quando concede um empr\u00e9stimo.<\/p>\n<p>Para definir o spread, sempre determinado pela entidade que concede o empr\u00e9stimo, entre diversas vari\u00e1veis, <a href=\"https:\/\/www.imovirtual.com\/noticias\/imobiliario\/questoes-a-saber-antes-de-comprar-casa\" target=\"_blank\" rel=\"noopener\">a saber<\/a>: avalia\u00e7\u00e3o do perfil e defini\u00e7\u00e3o do risco de cr\u00e9dito do cliente; valor do empr\u00e9stimo; rela\u00e7\u00e3o entre o valor do empr\u00e9stimo e a avalia\u00e7\u00e3o do bem a dar como garantia; contrata\u00e7\u00e3o, pelo cliente, de produtos extra ao cr\u00e9dito, como seguros, cart\u00f5es de cr\u00e9dito, dep\u00f3sitos a prazo, entre outros produtos financeiros.<\/p>\n<\/p>\n<h2><strong>Altera\u00e7\u00e3o s\u00f3 por m\u00fatuo acordo<\/strong><\/h2>\n<p>Assim, quando se contrata um cr\u00e9dito \u00e9 seguro que haver\u00e1 uma parcela a pagar a cada presta\u00e7\u00e3o que inclui o spread e a sua \u201crenegocia\u00e7\u00e3o depende, (\u2026) do comum acordo entre o cliente banc\u00e1rio e a institui\u00e7\u00e3o de cr\u00e9dito\u201d, como firma o Banco de Portugal.<\/p>\n<p>Daqui decorre que o banco n\u00e3o pode mexer no spread sem autoriza\u00e7\u00e3o do cliente, exceto em caso de incumprimento de presta\u00e7\u00f5es associadas ao empr\u00e9stimo ou se o cliente deixar de subscrever, pelo menos, um dos produtos ou servi\u00e7os previstos no contrato inicial com o intuito de beneficiar de um spread mais baixo.<\/p>\n<p>Por outro lado, s\u00e3o v\u00e1rias as situa\u00e7\u00f5es em que o spread n\u00e3o pode ser agravado. S\u00e3o situa\u00e7\u00f5es previstas na lei e que defendem o consumidor.<\/p>\n<\/p>\n<h2><strong>Lei impede agravamento <\/strong><\/h2>\n<p>Assim, a lei prev\u00ea que a entidade banc\u00e1ria n\u00e3o pode agravar o spread de um empr\u00e9stimo:<\/p>\n<ul>\n<li>aquando da celebra\u00e7\u00e3o de um <a href=\"https:\/\/www.imovirtual.com\/noticias\/guia-para-arrendamento\/contrato-de-arrendamento-id103.html\" target=\"_blank\" rel=\"noopener\">contrato de arrendamento<\/a> com um terceiro, desde que fique referido a exist\u00eancia de uma <a href=\"https:\/\/www.imovirtual.com\/noticias\/imobiliario\/imoexplica-o-que-e-uma-hipoteca\" target=\"_blank\" rel=\"noopener\">hipoteca<\/a> sobre o im\u00f3vel e a renda seja depositada na conta banc\u00e1ria associada ao empr\u00e9stimo;<\/li>\n<li>quando acontece uma mudan\u00e7a de local de trabalho para uma dist\u00e2ncia superior a 50 quil\u00f3metros;<\/li>\n<li>se o contratante do empr\u00e9stimo cair no desemprego;<\/li>\n<li>se na renegocia\u00e7\u00e3o decorrente do div\u00f3rcio, separa\u00e7\u00e3o judicial de pessoas e bens, dissolu\u00e7\u00e3o de uni\u00e3o de facto ou falecimento de um dos c\u00f4njuges, o empr\u00e9stimo fique titulado por um mutu\u00e1rio que comprove que a <a href=\"https:\/\/www.imovirtual.com\/noticias\/financas\/quer-comprar-casa-avalie-o-seu-orcamento-familiar-id16.html\" target=\"_blank\" rel=\"noopener\">taxa de esfor\u00e7o<\/a> ser\u00e1 inferior a 50%, ou 60% no caso de agregados familiares com dois ou mais dependentes.<\/li>\n<\/ul>\n<p>Esta determina\u00e7\u00e3o decorre da Lei n.\u00ba 59\/2012, de 9 de novembro, que alterou o Decreto-Lei n.\u00ba 349\/98, de 11 de novembro, e que entre outras determina\u00e7\u00f5es aplic\u00e1veis aos contratos de cr\u00e9dito \u00e0 habita\u00e7\u00e3o, \u201cpro\u00edbe o aumento do spread em caso de mudan\u00e7a do local do trabalho ou desemprego de membros do agregado familiar do mutu\u00e1rio, bem como em caso de renegocia\u00e7\u00e3o do empr\u00e9stimo motivada por div\u00f3rcio, separa\u00e7\u00e3o judicial de pessoas e bens, dissolu\u00e7\u00e3o de uni\u00e3o de facto ou falecimento de um dos c\u00f4njuges, quando da\u00ed resulte uma taxa de esfor\u00e7o do mutu\u00e1rio inferior a determinados limites\u201d.<\/p>\n<p class=\" block-img\"><img decoding=\"async\" src=\"https:\/\/www.imovirtual.com\/noticias\/wp-content\/uploads\/2022\/11\/35ce8fdc-7f6c-4930-b514-06c8b6107a8e_Joao-Miguel-Banner-2.png\" alt=\"Jo\u00e3o Miguel Autor Imovirtual Blog\"><\/p>\n<h5><em>Jo\u00e3o Miguel \u00e9 o homem dos n\u00fameros. O jeito para os n\u00fameros sempre foi inato, assim como o talento para a escrita. J\u00e1 tentou fazer um  sem o outro, mas n\u00e3o foi bem sucedido na tarefa. Por isso, hoje escreve para a sec\u00e7\u00e3o &#8216;Finan\u00e7as&#8217; do Blog do Imovirtual. <\/em><\/h5>\n<\/p>\n<h4><strong>Leia tamb\u00e9m:<\/strong><\/h4>\n<ul>\n<li>Saiba o que \u00e9 a <a href=\"https:\/\/www.imovirtual.com\/noticias\/financas\/saiba-o-que-e-taxa-usura\" target=\"_blank\" rel=\"noopener\"><strong>taxa de usura<\/strong><\/a><\/li>\n<li>A import\u00e2ncia da <a href=\"https:\/\/www.imovirtual.com\/noticias\/financas\/a-importancia-da-taxa-anual-nominal-num-credito\" target=\"_blank\" rel=\"noopener\"><strong>Taxa Anual Nominal<\/strong><\/a> num cr\u00e9dito<\/li>\n<li>Saiba quais os erros correntes do <a href=\"https:\/\/www.imovirtual.com\/noticias\/financas\/erros-correntes-credito-consolidado\" target=\"_blank\" rel=\"noopener\"><strong>Cr\u00e9dito consolidado<\/strong><\/a><\/li>\n<\/ul>\n<\/p>\n<div class=\"css-h5fkc8\"><strong>Ultima actualiza\u00e7\u00e3o:<\/strong> 17 setembro 2021<\/div>\n","protected":false},"excerpt":{"rendered":"<p>Conhe\u00e7a as situa\u00e7\u00f5es em que n\u00e3o pode haver agravamento de spread O Spread \u00e9 daquelas palavras que entraram h\u00e1 j\u00e1 algum tempo no vocabul\u00e1rio dos portugueses, mas ainda h\u00e1 quem tenha d\u00favidas sobre o que se trata.Segundo o Banco de Portugal, o spread \u00e9 \u201cuma componente da taxa de juro, definida pelo banco, contrato a &hellip;<\/p>\n","protected":false},"author":3,"featured_media":2824,"comment_status":"closed","ping_status":"open","sticky":false,"template":"","format":"standard","meta":{"footnotes":""},"categories":[6,37],"tags":[],"class_list":["post-2823","post","type-post","status-publish","format-standard","has-post-thumbnail","hentry","category-financas","category-financas-e-imobiliario"],"_links":{"self":[{"href":"https:\/\/www.imovirtual.com\/noticias\/wp-json\/wp\/v2\/posts\/2823","targetHints":{"allow":["GET"]}}],"collection":[{"href":"https:\/\/www.imovirtual.com\/noticias\/wp-json\/wp\/v2\/posts"}],"about":[{"href":"https:\/\/www.imovirtual.com\/noticias\/wp-json\/wp\/v2\/types\/post"}],"author":[{"embeddable":true,"href":"https:\/\/www.imovirtual.com\/noticias\/wp-json\/wp\/v2\/users\/3"}],"replies":[{"embeddable":true,"href":"https:\/\/www.imovirtual.com\/noticias\/wp-json\/wp\/v2\/comments?post=2823"}],"version-history":[{"count":0,"href":"https:\/\/www.imovirtual.com\/noticias\/wp-json\/wp\/v2\/posts\/2823\/revisions"}],"wp:featuredmedia":[{"embeddable":true,"href":"https:\/\/www.imovirtual.com\/noticias\/wp-json\/wp\/v2\/media\/2824"}],"wp:attachment":[{"href":"https:\/\/www.imovirtual.com\/noticias\/wp-json\/wp\/v2\/media?parent=2823"}],"wp:term":[{"taxonomy":"category","embeddable":true,"href":"https:\/\/www.imovirtual.com\/noticias\/wp-json\/wp\/v2\/categories?post=2823"},{"taxonomy":"post_tag","embeddable":true,"href":"https:\/\/www.imovirtual.com\/noticias\/wp-json\/wp\/v2\/tags?post=2823"}],"curies":[{"name":"wp","href":"https:\/\/api.w.org\/{rel}","templated":true}]}}