{"id":2819,"date":"2020-04-28T00:00:00","date_gmt":"2020-04-28T00:00:00","guid":{"rendered":"https:\/\/www.imovirtual.com\/noticias2\/2020\/04\/28\/arrendar-casa-para-turismo-depois-do-verao-id136\/"},"modified":"2024-09-02T13:43:40","modified_gmt":"2024-09-02T13:43:40","slug":"arrendar-casa-para-turismo-depois-do-verao-id136","status":"publish","type":"post","link":"https:\/\/www.imovirtual.com\/noticias\/relatorio-de-precos\/arrendar-casa-para-turismo-depois-do-verao-id136\/","title":{"rendered":"Arrendar casa para turismo depois do ver\u00e3o"},"content":{"rendered":"<p class=\"css-8qfla4\">\n<p class=\"css-m5h6m0 edperro0\">\n<h1><strong>Arrendar casa para turismo depois do ver\u00e3o<\/strong><\/h1>\n<p>A verdade \u00e9 que a resposta a esta pergunta j\u00e1 n\u00e3o \u00e9 t\u00e3o linear como seria em anos anteriores. Apesar de ainda haver algumas discrep\u00e2ncias ao n\u00edvel da ocupa\u00e7\u00e3o e valores praticados, a \u00e9poca alta j\u00e1 n\u00e3o se distancia assim tanto da realidade da \u00e9poca baixa. Uma coisa \u00e9 certa: arrendar casa a turistas \u00e9 uma das formas de garantir um rendimento extra, seja em que \u00e9poca do ano for.<\/p>\n<p>Vejamos: com a introdu\u00e7\u00e3o das companhias a\u00e9reas&nbsp;<em>low cost<\/em>, h\u00e1 alturas de menor procura (por norma, os meses de inverno) que se traduzem em pre\u00e7os mais apelativos. Assim, h\u00e1 turistas nas principais capitais do mundo durante todo o ano, e com a necessidade de encontrar uma casa onde ficar!<\/p>\n<p>Os meses de inverno j\u00e1 n\u00e3o equivalem a um lucro significativamente menor, isto porque h\u00e1 uma maior aproxima\u00e7\u00e3o dos pa\u00edses, a n\u00edvel financeiro e mesmo cultural que nos permite, neste caso, viajar de pa\u00eds em pa\u00eds sem obst\u00e1culos, em que altura do ano for. Al\u00e9m disso, h\u00e1 quem evite tirar f\u00e9rias em pleno ver\u00e3o e priorize os meses de inverno, que s\u00e3o mais econ\u00f3micos.<\/p>\n<p>Mesmo que arrende um im\u00f3vel na praia, ou seja, uma casa dependente da sazonalidade, esses s\u00e3o os destinos promovidos na \u00e9poca baixa como escapadinhas. O turista procura experi\u00eancias e n\u00e3o apenas um local para pernoitar.<\/p>\n<p>Por isso, se o seu im\u00f3vel se destacar dos restantes pela localiza\u00e7\u00e3o, decora\u00e7\u00e3o ou servi\u00e7os, ver\u00e1 que n\u00e3o ter\u00e1 de se preocupar com o turismo quando o ver\u00e3o terminar.<\/p>\n<p>No entanto, se ainda assim estiver c\u00e9tico e n\u00e3o tencionar arriscar, pode sempre focar-se no p\u00fablico familiar ou&nbsp;<a href=\"https:\/\/www.imovirtual.com\/noticias\/guia-para-arrendamento\/arrendar-casa-a-estudantes-devo-avancar-id112.html\" target=\"_blank\" rel=\"noopener\">estudantil<\/a>&nbsp;durante os meses mais frios do arrendamento.<\/p>\n<p>Apenas tem de ter em conta as&nbsp;<a href=\"https:\/\/www.imovirtual.com\/noticias\/guia-para-arrendamento\/contrato-de-arrendamento-id103.html\" target=\"_blank\" rel=\"noopener\">leis relacionadas com o arrendamento de longa dura\u00e7\u00e3o<\/a>&nbsp;e perceber se vai ao encontro dos seus objetivos.<\/p>\n<p>O <a href=\"https:\/\/www.imovirtual.com\/noticias\/atualidade\/mercado-imobiliario-em-numeros-barometro-mensal-de-junho\" target=\"_blank\" rel=\"noopener\">mercado de arrendamento<\/a> pode ainda incluir mais uma vari\u00e1vel: se estiver a arrendar a sua pr\u00f3pria casa de habita\u00e7\u00e3o. Neste caso, pode dedic\u00e1-la ao arrendamento tur\u00edstico quando decidir fazer f\u00e9rias.<\/p>\n<\/p>\n<p>No <a href=\"https:\/\/www.imovirtual.com\/\" target=\"_blank\" rel=\"noopener\">Imovirtual<\/a> pode promover um seu im\u00f3vel durante o per\u00edodo de tempo que assim determinar. Se, por norma, costuma ir de f\u00e9rias todo o m\u00eas de outubro, ent\u00e3o anuncie o seu im\u00f3vel com a devida anteced\u00eancia e n\u00e3o se esque\u00e7a de apostar num an\u00fancio claro, informativo e apelativo.<\/p>\n<\/p>\n<p class=\" block-img\"><img decoding=\"async\" src=\"https:\/\/www.imovirtual.com\/noticias\/wp-content\/uploads\/2022\/11\/3c23b667-0a08-4ca1-abcb-74566be5c538_Copia-de-Banners-Autores-2.png\" alt=\"Alexandre Lu\u00eds Autor Imovirtual\"><\/p>\n<h5><em>Tamb\u00e9m conhecido como &#8216;O Consultor&#8217;. Pode encontr\u00e1-lo a consultar o \u00faltimo estudo de mercado. N\u00e3o tem talento para vender, mas sabe tudo sobre Imobili\u00e1rio. Fala sobre quest\u00f5es relacionadas com o tema no Blog do Imovirtual.<\/em><\/h5>\n<\/p>\n<h4><strong>Tamb\u00e9m lhe pode interessar<\/strong><\/h4>\n<ul>\n<li>Saiba os seus&nbsp;<a href=\"https:\/\/www.imovirtual.com\/noticias\/imobiliario\/saiba-direitos-e-deveres-inquilino\" target=\"_blank\" rel=\"noopener\"><strong>direitos e deveres<\/strong><\/a>&nbsp;como inquilino<\/li>\n<li>Inquilino deixou de&nbsp;<a href=\"https:\/\/www.imovirtual.com\/noticias\/imobiliario\/inquilino-deixou-de-pagar-a-renda-o-que-fazer\" target=\"_blank\" rel=\"noopener\"><strong>pagar a renda<\/strong><\/a>: o que fazer?<\/li>\n<li>O Nosso&nbsp;<a href=\"https:\/\/www.imovirtual.com\/noticias\/imobiliario\/guia-para-arrendar-moradia-ou-apartamento\" target=\"_blank\" rel=\"noopener\"><strong>Guia Para Arrendar<\/strong><\/a>&nbsp;Moradia ou Apartamento<\/li>\n<\/ul>\n<\/p>\n<div class=\"css-h5fkc8\"><strong>Ultima actualiza\u00e7\u00e3o:<\/strong> 21 setembro 2021<\/div>\n","protected":false},"excerpt":{"rendered":"<p>Arrendar casa para turismo depois do ver\u00e3o A verdade \u00e9 que a resposta a esta pergunta j\u00e1 n\u00e3o \u00e9 t\u00e3o linear como seria em anos anteriores. Apesar de ainda haver algumas discrep\u00e2ncias ao n\u00edvel da ocupa\u00e7\u00e3o e valores praticados, a \u00e9poca alta j\u00e1 n\u00e3o se distancia assim tanto da realidade da \u00e9poca baixa. Uma coisa &hellip;<\/p>\n","protected":false},"author":3,"featured_media":0,"comment_status":"closed","ping_status":"open","sticky":false,"template":"","format":"standard","meta":{"footnotes":""},"categories":[35,2],"tags":[],"class_list":["post-2819","post","type-post","status-publish","format-standard","hentry","category-guia-de-arrendamento","category-relatorio-de-precos"],"_links":{"self":[{"href":"https:\/\/www.imovirtual.com\/noticias\/wp-json\/wp\/v2\/posts\/2819","targetHints":{"allow":["GET"]}}],"collection":[{"href":"https:\/\/www.imovirtual.com\/noticias\/wp-json\/wp\/v2\/posts"}],"about":[{"href":"https:\/\/www.imovirtual.com\/noticias\/wp-json\/wp\/v2\/types\/post"}],"author":[{"embeddable":true,"href":"https:\/\/www.imovirtual.com\/noticias\/wp-json\/wp\/v2\/users\/3"}],"replies":[{"embeddable":true,"href":"https:\/\/www.imovirtual.com\/noticias\/wp-json\/wp\/v2\/comments?post=2819"}],"version-history":[{"count":0,"href":"https:\/\/www.imovirtual.com\/noticias\/wp-json\/wp\/v2\/posts\/2819\/revisions"}],"wp:attachment":[{"href":"https:\/\/www.imovirtual.com\/noticias\/wp-json\/wp\/v2\/media?parent=2819"}],"wp:term":[{"taxonomy":"category","embeddable":true,"href":"https:\/\/www.imovirtual.com\/noticias\/wp-json\/wp\/v2\/categories?post=2819"},{"taxonomy":"post_tag","embeddable":true,"href":"https:\/\/www.imovirtual.com\/noticias\/wp-json\/wp\/v2\/tags?post=2819"}],"curies":[{"name":"wp","href":"https:\/\/api.w.org\/{rel}","templated":true}]}}