{"id":2814,"date":"2020-04-28T00:00:00","date_gmt":"2020-04-28T00:00:00","guid":{"rendered":"https:\/\/www.imovirtual.com\/noticias2\/2020\/04\/28\/visitar-imoveis-checklist-de-verificacao-id28\/"},"modified":"2024-08-28T10:26:06","modified_gmt":"2024-08-28T10:26:06","slug":"visitar-imoveis-checklist-de-verificacao-id28","status":"publish","type":"post","link":"https:\/\/www.imovirtual.com\/noticias\/financas\/visitar-imoveis-checklist-de-verificacao-id28\/","title":{"rendered":"Visitar im\u00f3veis: checklist de verifica\u00e7\u00e3o"},"content":{"rendered":"<p class=\"css-8qfla4\">\n<p class=\"css-m5h6m0 edperro0\">\n<h1><strong>Visitar im\u00f3veis: checklist de verifica\u00e7\u00e3o<\/strong><\/h1>\n<p>O entusiasmo sentido durante o processo de procura pela casa dos nossos sonhos pode levar-nos a ignorar sinais que est\u00e3o bem vis\u00edveis durante as visitas aos im\u00f3veis, e que podem acabar por trazer problemas no futuro, caso consiga adquirir essa habita\u00e7\u00e3o. Esteja atento a todas as situa\u00e7\u00f5es e recorra \u00e0 nossa&nbsp;<em>checklist<\/em>&nbsp;para n\u00e3o deixar nada por averiguar.<\/p>\n<p>&nbsp;<\/p>\n<h2><strong>1.&nbsp;&nbsp;&nbsp;Luz natural e ventila\u00e7\u00e3o<\/strong><\/h2>\n<p>Todos desejam uma casa com uma \u00f3tima luz natural. Para al\u00e9m disso, este tipo de luz permite observar determinadas situa\u00e7\u00f5es durante as visitas que, com luz artificial, passariam despercebidas, como humidade ou acabamentos de pouca qualidade.<\/p>\n<p>&nbsp;<\/p>\n<h2><strong>2. Estrutura do im\u00f3vel<\/strong><\/h2>\n<p>As condi\u00e7\u00f5es que o ch\u00e3o, as paredes e o teto apresentam, dizem muito sobre o im\u00f3vel, incluindo se \u00e9 uma habita\u00e7\u00e3o com infiltra\u00e7\u00f5es, humidade, mofo ou problemas estruturais. Caso estes sejam acentuados e o investimento para recuperar a habita\u00e7\u00e3o seja elevado, talvez seja melhor visitar outros im\u00f3veis e colocar este de parte. Para al\u00e9m disso, deve observar e testar as instala\u00e7\u00f5es el\u00e9tricas e hidr\u00e1ulicas, para garantir que tudo funciona corretamente.<\/p>\n<p>&nbsp;<\/p>\n<h2><strong>3.&nbsp;Isolamento<\/strong><\/h2>\n<p>Perceba se a casa est\u00e1 bem isolada, quer a n\u00edvel sonoro, como a n\u00edvel t\u00e9rmico. Tente visitar o im\u00f3vel em dias com mais e com menos temperatura e numa hora do dia mais ou menos movimentada. Assim, vai conseguir perceber se a casa se mant\u00e9m a uma temperatura amena em ambas as situa\u00e7\u00f5es e, se o ru\u00eddo da rua, se faz sentir em casa.<\/p>\n<p>&nbsp;<\/p>\n<h2><strong>4.&nbsp;Dimens\u00f5es<\/strong><\/h2>\n<p>Certifique-se que, as medidas do im\u00f3vel que lhe foram informadas, pelo seu&nbsp;<a href=\"https:\/\/www.imovirtual.com\/noticias\/guia-para-comprar-casa\/consultor-imobiliario-qual-a-sua-importancia-id25.html\" target=\"_blank\" rel=\"noopener\"><strong>consultor imobili\u00e1rio<\/strong><\/a>&nbsp;ou pelo an\u00fancio que viu, correspondem \u00e0 realidade. Confirme se o apartamento ou a casa tem as \u00e1reas \u00fateis que pretende ou se, na realidade, deveria ser maior. Se a casa estiver mobilada no momento da visita, consegue ter uma perce\u00e7\u00e3o mais real do espa\u00e7o livre. Caso contr\u00e1rio, ter\u00e1 de imaginar a <a href=\"https:\/\/www.imovirtual.com\/noticias\/decoracao\/mudou-de-casa-e-nao-sabe-o-que-fazer-a-mobilia-da-sua\" target=\"_blank\" rel=\"noopener\">mob\u00edlia<\/a> enquadrada nas divis\u00f5es.<\/p>\n<p>&nbsp;<\/p>\n<h2><strong>5. Documenta\u00e7\u00e3o<\/strong><\/h2>\n<p>Ao visitar im\u00f3veis, deve solicitar uma s\u00e9rie de documentos legais para sustentar a sua decis\u00e3o de compra. Estre os quais:<\/p>\n<ul>\n<li><strong>Caderneta Predial &#8211;<\/strong>&nbsp;A Caderneta Predial cont\u00e9m todas as informa\u00e7\u00f5es fiscais, caracter\u00edsticas, localiza\u00e7\u00e3o e o Valor Patrimonial Tribut\u00e1rio do im\u00f3vel em causa. Este documento \u00e9 poder\u00e1 ser obtido no Portal das Finan\u00e7as.<\/li>\n<li><strong>Licen\u00e7a de utiliza\u00e7\u00e3o &#8211;<\/strong>&nbsp;A <a href=\"https:\/\/www.imovirtual.com\/noticias\/imobiliario\/licenca-de-utilizacao-onde-solicitar\" target=\"_blank\" rel=\"noopener\">licen\u00e7a de utiliza\u00e7\u00e3o<\/a> da habita\u00e7\u00e3o \u00e9 emitida pela C\u00e2mara Municipal e \u00e9 um elemento necess\u00e1rio para que possa utilizar a propriedade em quest\u00e3o. Se o im\u00f3vel em causa for de constru\u00e7\u00e3o anterior a 1951, ou n\u00e3o se tratar de um espa\u00e7o utiliz\u00e1vel para habita\u00e7\u00e3o, com\u00e9rcio ou ind\u00fastria esta licen\u00e7a n\u00e3o \u00e9 necess\u00e1ria.<\/li>\n<li><strong>Planta de fra\u00e7\u00e3o &#8211;<\/strong>&nbsp;A planta representa a vista superior da fra\u00e7\u00e3o. A altura a que a mesma \u00e9 desenhada \u00e9 vari\u00e1vel e ter\u00e1 de garantir a representa\u00e7\u00e3o de todos os elementos relevantes.<\/li>\n<li><a href=\"https:\/\/www.imovirtual.com\/noticias\/imobiliario\/a-utilidade-do-certificado-energetico\" target=\"_blank\" rel=\"noopener\"><strong>Certificado energ\u00e9tico<\/strong><\/a>&nbsp;&#8211; Este certificado avalia a efici\u00eancia energ\u00e9tica de um im\u00f3vel de A (muito eficiente) a F (muito pouco eficiente). \u00c9 um documento importante para planear, por exemplo, eventuais sistemas de ar condicionado ou aquecimento central que queira adicionar ao im\u00f3vel.<\/li>\n<li><strong>Ficha t\u00e9cnica de habita\u00e7\u00e3o<\/strong>&nbsp;&#8211; Nesta ficha poder\u00e1 encontrar todas as caracter\u00edsticas t\u00e9cnicas e funcionais de um pr\u00e9dio urbano utilizado para habita\u00e7\u00e3o. Tudo o que nele for reportado corresponde ao momento de finaliza\u00e7\u00e3o das obras de constru\u00e7\u00e3o, reconstru\u00e7\u00e3o, amplia\u00e7\u00e3o ou altera\u00e7\u00e3o. Se o im\u00f3vel que est\u00e1 a consultar sofreu qualquer obra ap\u00f3s mar\u00e7o de 2004, a apresenta\u00e7\u00e3o deste documento \u00e9 obrigat\u00f3ria.<\/li>\n<li><strong>Certid\u00e3o de Teor<\/strong>&nbsp;&#8211; A certid\u00e3o de teor \u00e9 emitida pela Conservat\u00f3ria do <a href=\"https:\/\/www.imovirtual.com\/noticias\/imobiliario\/certidao-predial-permanente.-para-que-serve-e-como\" target=\"_blank\" rel=\"noopener\">Registo Predial<\/a> e cont\u00e9m todos os registos efetuados relativamente a um im\u00f3vel em particular.<\/li>\n<li><strong>Historial do condom\u00ednio &#8211;<\/strong>&nbsp;Se optar por comprar um apartamento inclu\u00eddo num condom\u00ednio (regime de <a href=\"https:\/\/www.imovirtual.com\/noticias\/imobiliario\/o-que-e-a-propriedade-horizontal\" target=\"_blank\" rel=\"noopener\">propriedade horizontal<\/a>) \u00e9 \u00fatil saber o seu historial. Poder\u00e1 pedir ao vendedor c\u00f3pias do regulamento e das atas da assembleia de <a href=\"https:\/\/www.imovirtual.com\/noticias\/imoblog\/condominios-tudo-o-que-precisa-de-saber-by-condominio-deco-mais\" target=\"_blank\" rel=\"noopener\">condom\u00ednio<\/a>, com informa\u00e7\u00e3o pertinente sobre despesas aprovadas para obras a realizar, valor das quotas e do fundo comum de reserva.<\/li>\n<\/ul>\n<p class=\" block-img\"><img decoding=\"async\" src=\"https:\/\/www.imovirtual.com\/noticias\/wp-content\/uploads\/2022\/11\/35ce8fdc-7f6c-4930-b514-06c8b6107a8e_Joao-Miguel-Banner-2.png\" alt=\"Jo\u00e3o Miguel Autor Imovirtual Blog\"><\/p>\n<h5><em>Jo\u00e3o Miguel \u00e9 o homem dos n\u00fameros. O jeito para os n\u00fameros sempre foi inato, assim como o talento para a escrita. J\u00e1 tentou fazer um  sem o outro, mas n\u00e3o foi bem sucedido na tarefa. Por isso, hoje escreve para a sec\u00e7\u00e3o &#8216;Finan\u00e7as&#8217; do Blog do Imovirtual. <\/em><\/h5>\n<\/p>\n<h4><strong>Leia tamb\u00e9m<\/strong><\/h4>\n<ul>\n<li>4 dicas para <a href=\"https:\/\/www.imovirtual.com\/noticias\/financas\/4-dicas-poupar-dinheiro-para-comprar-casa\"><strong>poupar dinheiro<\/strong><\/a> para a casa dos seus sonhos<\/li>\n<li>ImoExplica: <a href=\"https:\/\/www.imovirtual.com\/noticias\/financas\/imoexplica-impostos-imi-imt-is-comprar-casa\" target=\"_blank\" rel=\"noopener\"><strong>Impostos a pagar<\/strong><\/a> na compra de um im\u00f3vel<\/li>\n<li>Saiba calcular a <a href=\"https:\/\/www.imovirtual.com\/noticias\/financas\/calcular-taxa-juro\" target=\"_blank\" rel=\"noopener\"><strong>taxa de juro<\/strong><\/a><\/li>\n<\/ul>\n<\/p>\n<div class=\"css-h5fkc8\"><strong>Ultima actualiza\u00e7\u00e3o:<\/strong> 17 setembro 2021<\/div>\n","protected":false},"excerpt":{"rendered":"<p>Visitar im\u00f3veis: checklist de verifica\u00e7\u00e3o O entusiasmo sentido durante o processo de procura pela casa dos nossos sonhos pode levar-nos a ignorar sinais que est\u00e3o bem vis\u00edveis durante as visitas aos im\u00f3veis, e que podem acabar por trazer problemas no futuro, caso consiga adquirir essa habita\u00e7\u00e3o. Esteja atento a todas as situa\u00e7\u00f5es e recorra \u00e0 &hellip;<\/p>\n","protected":false},"author":3,"featured_media":0,"comment_status":"closed","ping_status":"open","sticky":false,"template":"","format":"standard","meta":{"footnotes":""},"categories":[6,37],"tags":[],"class_list":["post-2814","post","type-post","status-publish","format-standard","hentry","category-financas","category-financas-e-imobiliario"],"_links":{"self":[{"href":"https:\/\/www.imovirtual.com\/noticias\/wp-json\/wp\/v2\/posts\/2814","targetHints":{"allow":["GET"]}}],"collection":[{"href":"https:\/\/www.imovirtual.com\/noticias\/wp-json\/wp\/v2\/posts"}],"about":[{"href":"https:\/\/www.imovirtual.com\/noticias\/wp-json\/wp\/v2\/types\/post"}],"author":[{"embeddable":true,"href":"https:\/\/www.imovirtual.com\/noticias\/wp-json\/wp\/v2\/users\/3"}],"replies":[{"embeddable":true,"href":"https:\/\/www.imovirtual.com\/noticias\/wp-json\/wp\/v2\/comments?post=2814"}],"version-history":[{"count":0,"href":"https:\/\/www.imovirtual.com\/noticias\/wp-json\/wp\/v2\/posts\/2814\/revisions"}],"wp:attachment":[{"href":"https:\/\/www.imovirtual.com\/noticias\/wp-json\/wp\/v2\/media?parent=2814"}],"wp:term":[{"taxonomy":"category","embeddable":true,"href":"https:\/\/www.imovirtual.com\/noticias\/wp-json\/wp\/v2\/categories?post=2814"},{"taxonomy":"post_tag","embeddable":true,"href":"https:\/\/www.imovirtual.com\/noticias\/wp-json\/wp\/v2\/tags?post=2814"}],"curies":[{"name":"wp","href":"https:\/\/api.w.org\/{rel}","templated":true}]}}