{"id":2798,"date":"2020-12-17T00:00:00","date_gmt":"2020-12-17T00:00:00","guid":{"rendered":"https:\/\/www.imovirtual.com\/noticias2\/2020\/12\/17\/como-reutilizar-paletes-para-decorar\/"},"modified":"2024-08-28T10:19:30","modified_gmt":"2024-08-28T10:19:30","slug":"como-reutilizar-paletes-para-decorar","status":"publish","type":"post","link":"https:\/\/www.imovirtual.com\/noticias\/lifestyle\/como-reutilizar-paletes-para-decorar\/","title":{"rendered":"Decora\u00e7\u00e3o: Como reutilizar paletes para decorar"},"content":{"rendered":"<p class=\"css-8qfla4\">\n<p class=\"css-m5h6m0 edperro0\">\n<h1><strong>Como reutilizar paletes para decorar<\/strong><\/h1>\n<p>De metal, de pl\u00e1stico ou, especialmente, de madeira, as paletes s\u00e3o estrados, de grande resist\u00eancia e durabilidade, usados para armazenar ou transportar mercadorias de todo o tipo.<\/p>\n<p>Habitualmente, as paletes ap\u00f3s alguma utiliza\u00e7\u00e3o eram deitadas ao lixo, sem que lhes fosse dado qualquer outro uso. No entanto, de h\u00e1 uns tempos a esta parte, passaram a ser reaproveitadas, especialmente, com fins decorativos.<\/p>\n<p>De facto, as paletes, essencialmente, feitas de madeira passaram a ser reaproveitadas para decora\u00e7\u00e3o, pois emprestam um toque r\u00fastico a qualquer espa\u00e7o, desde o quarto de dormir at\u00e9 ao jardim.<\/p>\n<p>Com pouco dinheiro \u00e9 poss\u00edvel fazer os mais diversos m\u00f3veis, apresentando-se como uma solu\u00e7\u00e3o pr\u00e1tica e sustent\u00e1vel, sendo poss\u00edvel criar ambientes inteiramente com elas.<\/p>\n<p>Assim, com uma pitada de imagina\u00e7\u00e3o e pouco trabalho \u00e9 poss\u00edvel fazer mesas de centro, sof\u00e1s, prateleiras, camas, mesas para estudos ou trabalho ou ainda uma horta vertical, entre muitas outras op\u00e7\u00f5es.<\/p>\n<p class=\" block-img\"><img decoding=\"async\" src=\"https:\/\/www.imovirtual.com\/noticias\/wp-content\/uploads\/2022\/11\/5d7c4763-c20c-4090-8fd4-84397c01133e_2f43512f-ae99-4124-a53e-2d68ee9a373a_iStock-1150964470.jpg\" alt=\"sof\u00e1 de paletes\"><\/p>\n<\/p>\n<h2><strong>Op\u00e7\u00f5es imensas <\/strong><\/h2>\n<p>Optando por reaproveitar e reciclar paletes na decora\u00e7\u00e3o, \u00e9 poss\u00edvel criar todo um novo ambiente sustent\u00e1vel, r\u00fastico e altamente personalizado.<\/p>\n<p>Como referimos as possibilidades s\u00e3o numerosas e com uma simples busca na internet encontram-se solu\u00e7\u00f5es \u00f3timas e imaginativas para decorar toda a sua casa.<\/p>\n<p>Deixamos agora algumas dicas de formas como pode utilizar as paletes recicladas e ganhar uma decora\u00e7\u00e3o \u00fanica.<\/p>\n<p>Criar um sof\u00e1 de paletes \u00e9 simples e as solu\u00e7\u00f5es s\u00e3o imensas. Basta combinar paletes de diferentes tamanhos e formas e sobrep\u00f4-las como mais lhe aprouver e, assim, conseguir\u00e1 diferentes tipos de sof\u00e1s a utilizar em espa\u00e7os interiores, como a sala de estar ou o quarto, ou exteriores, como jardins ou esplanadas. Depois, basta conjugar com almofadas de diversos tamanhos e cores e ver\u00e1 que ganhou um sof\u00e1 original e bem barato.<\/p>\n<\/p>\n<h2><strong>Mesas e camas originais <\/strong><\/h2>\n<p>Outra utiliza\u00e7\u00e3o com diversas possibilidades \u00e9 usar as paletes para criar mesas. Assim, \u00e9 poss\u00edvel criar mesas de trabalho, de centro de jantar e outras. A versatilidade das paletes \u00e9 enorme e permite criar elementos decorativos bastante originais. E para transformar as paletes numa mesa basta, por vezes, pint\u00e1-las, colocar tampos de vidro, pernas de ferro ou usar cavaletes com o mesmo fim e ter\u00e1 uma mesa totalmente original e personalizada. Tudo passa pelo n\u00famero de paletes a utilizar e a empilhar e, em especial, pelos pormenores que usar para a decorar, para o que \u00e9 apenas necess\u00e1rio imagina\u00e7\u00e3o e criatividade.<\/p>\n<p>Um dos reaproveitamentos mais f\u00e1ceis \u00e9 criar uma cama com paletes. Para tal basta utiliz\u00e1-las como estrados para o colch\u00e3o e pit\u00e1-las a seu gosto. Poder\u00e1 utilizar cores fortes se a decora\u00e7\u00e3o assim o pedir ou, simplesmente, a cor natural ou usando um pouco de verniz e, assim, dar-lhe um toque mais r\u00fastico. Com esta utiliza\u00e7\u00e3o consegue-se uma cama com ar moderno e, de certa forma, fora da caixa.<\/p>\n<p>E no caso das camas as solu\u00e7\u00f5es s\u00e3o igualmente muitas, pois pode <a href=\"https:\/\/www.imovirtual.com\/noticias\/financas\/como-escolher-o-local-ideal-para-comprar-casa-id19.html\" target=\"_blank\" rel=\"noopener\">escolher<\/a> criar apenas a estrutura base como pode tamb\u00e9m prolong\u00e1-la, criando mesas de cabeceira. Se quiser uma cama completamente original, pode criar uma cama suspensa, pendurando no teto, com umas correntes, a estrutura base que construiu. Por outro lado, pode ainda colocar umas rodinhas para melhor a movimentar ou uns p\u00e9s para dar outro ar \u00e0 cama e ao quarto.<\/p>\n<\/p>\n<h2><strong>Prateleiras para livros, produtos na cozinha e at\u00e9 uma garrafeira <\/strong><\/h2>\n<p>Construir prateleiras para livros ou para arrumar produtos na cozinha, na casa de banho ou na garagem e ainda construir uma garrafeira s\u00e3o outras possibilidades que a reutiliza\u00e7\u00e3o de paletes permite. Pint\u00e1-las de acordo com a restante decora\u00e7\u00e3o do espe\u00e7o em que ser\u00e3o colocadas \u00e9 o toque que falta para ganhar uma decora\u00e7\u00e3o original.<\/p>\n<p>Criar jardins e hortas, verticais ou horizontais, foram, talvez, das primeiras utiliza\u00e7\u00f5es na reciclagem de paletes, pois, para al\u00e9m da utilidade, d\u00e3o um aspeto \u00fanico aos espa\u00e7os exteriores.<\/p>\n<p class=\" block-img\"><img decoding=\"async\" src=\"https:\/\/www.imovirtual.com\/noticias\/wp-content\/uploads\/2022\/11\/995cbfc2-e318-4bf5-850b-0e4c56939049_590f41c3-d053-46b6-9840-7c8ead9377a4_iStock-922546268.jpg\" alt=\"jardim vertical em paletes\"><\/p>\n<p>As possibilidades no reaproveitamento de paletes na decora\u00e7\u00e3o, como vimos, s\u00e3o imensas, podendo fazer quase de tudo com elas. Por vezes, basta conjug\u00e1-las, empilh\u00e1-las, forr\u00e1-las, pint\u00e1-las com criatividade e imagina\u00e7\u00e3o e ganhar\u00e1 uma decora\u00e7\u00e3o original e personalizada.<\/p>\n<\/p>\n<p class=\" block-img\"><img decoding=\"async\" src=\"https:\/\/www.imovirtual.com\/noticias\/wp-content\/uploads\/2022\/11\/af14b393-f5d1-4a75-8368-42f656903033_Copia-de-Banners-Autores-3.png\" alt=\"Maria Lu\u00edsa Autor Imovirtual\"><\/p>\n<h5><em>Maria Lu\u00edsa \u00e9 a decoradora. A paix\u00e3o pela decora\u00e7\u00e3o surgiu desde muito cedo, quando as paredes se tornaram folhas de desenho. Juntou o \u00fatil ao agrad\u00e1vel e fez da voca\u00e7\u00e3o o seu trabalho. Est\u00e1 a cargo dos temas sobre &#8216;Decora\u00e7\u00e3o&#8217; do Blog do Imovirtual.<\/em><\/h5>\n<h4>\n<p><strong>Leia tamb\u00e9m:<\/strong><\/h4>\n<ul>\n<li>7 plantas para ter em casa e que diminuem<strong> <a href=\"https:\/\/www.imovirtual.com\/noticias\/decoracao\/7-plantas-casa-diminuem-humidade\" target=\"_blank\" rel=\"noopener\">humidade<\/a><\/strong><\/li>\n<li>10 dicas para ter uma <a href=\"https:\/\/www.imovirtual.com\/noticias\/decoracao\/10-dicas-para-ter-uma-decoracao-sustentavel\" target=\"_blank\" rel=\"noopener\"><strong>decora\u00e7\u00e3o sustent\u00e1vel<\/strong><\/a><\/li>\n<li><a href=\"https:\/\/www.imovirtual.com\/noticias\/decoracao\/quer-dormir-melhor\" target=\"_blank\" rel=\"noopener\"><strong>Quer dormir melhor<\/strong><\/a>? Deixe de ter certas coisas no seu quarto<\/li>\n<\/ul>\n<\/p>\n<div class=\"css-h5fkc8\"><strong>Ultima actualiza\u00e7\u00e3o:<\/strong> 24 setembro 2021<\/div>\n","protected":false},"excerpt":{"rendered":"<p>Como reutilizar paletes para decorar De metal, de pl\u00e1stico ou, especialmente, de madeira, as paletes s\u00e3o estrados, de grande resist\u00eancia e durabilidade, usados para armazenar ou transportar mercadorias de todo o tipo. Habitualmente, as paletes ap\u00f3s alguma utiliza\u00e7\u00e3o eram deitadas ao lixo, sem que lhes fosse dado qualquer outro uso. No entanto, de h\u00e1 uns &hellip;<\/p>\n","protected":false},"author":3,"featured_media":2799,"comment_status":"closed","ping_status":"open","sticky":false,"template":"","format":"standard","meta":{"footnotes":""},"categories":[3],"tags":[],"class_list":["post-2798","post","type-post","status-publish","format-standard","has-post-thumbnail","hentry","category-lifestyle"],"_links":{"self":[{"href":"https:\/\/www.imovirtual.com\/noticias\/wp-json\/wp\/v2\/posts\/2798","targetHints":{"allow":["GET"]}}],"collection":[{"href":"https:\/\/www.imovirtual.com\/noticias\/wp-json\/wp\/v2\/posts"}],"about":[{"href":"https:\/\/www.imovirtual.com\/noticias\/wp-json\/wp\/v2\/types\/post"}],"author":[{"embeddable":true,"href":"https:\/\/www.imovirtual.com\/noticias\/wp-json\/wp\/v2\/users\/3"}],"replies":[{"embeddable":true,"href":"https:\/\/www.imovirtual.com\/noticias\/wp-json\/wp\/v2\/comments?post=2798"}],"version-history":[{"count":0,"href":"https:\/\/www.imovirtual.com\/noticias\/wp-json\/wp\/v2\/posts\/2798\/revisions"}],"wp:featuredmedia":[{"embeddable":true,"href":"https:\/\/www.imovirtual.com\/noticias\/wp-json\/wp\/v2\/media\/2799"}],"wp:attachment":[{"href":"https:\/\/www.imovirtual.com\/noticias\/wp-json\/wp\/v2\/media?parent=2798"}],"wp:term":[{"taxonomy":"category","embeddable":true,"href":"https:\/\/www.imovirtual.com\/noticias\/wp-json\/wp\/v2\/categories?post=2798"},{"taxonomy":"post_tag","embeddable":true,"href":"https:\/\/www.imovirtual.com\/noticias\/wp-json\/wp\/v2\/tags?post=2798"}],"curies":[{"name":"wp","href":"https:\/\/api.w.org\/{rel}","templated":true}]}}