{"id":272,"date":"2022-08-30T00:00:00","date_gmt":"2022-08-30T00:00:00","guid":{"rendered":"https:\/\/www.imovirtual.com\/noticias2\/2022\/08\/30\/barometro-precos-das-casas-em-agosto-de-2022-venda-e-arrendamento\/"},"modified":"2022-08-30T00:00:00","modified_gmt":"2022-08-30T00:00:00","slug":"barometro-precos-das-casas-em-agosto-de-2022-venda-e-arrendamento","status":"publish","type":"post","link":"https:\/\/www.imovirtual.com\/noticias\/relatorio-de-precos\/barometro-precos-das-casas-em-agosto-de-2022-venda-e-arrendamento\/","title":{"rendered":"Bar\u00f3metro.Pre\u00e7os das casas em agosto de 2022: venda e arrendamento"},"content":{"rendered":"<p class=\"css-8qfla4\">\n<p class=\"css-m5h6m0 edperro0\">\n<h1><strong>Bar\u00f3metro. Pre\u00e7os das casas em agosto de 2022: venda e arrendamento<\/strong><\/h1>\n<\/p>\n<h2><strong>Quanto custa comprar uma casa em Portugal?<\/strong><\/h2>\n<p>Continuamos a assistir estabiliza\u00e7\u00e3o do mercado quando analisamos a varia\u00e7\u00e3o mensal, <strong>o mesmo se verifica de julho para agosto<\/strong>. De facto, assistimos a uma estabiliza\u00e7\u00e3o do valor m\u00e9dio dos im\u00f3veis de 0,7%, passando de uma m\u00e9dia de 401.312\u20ac para 403.935\u20ac.<\/p>\n<p>De julho para agosto, <strong>os distritos que registaram um maior aumento no pre\u00e7o das casas foram Coimbra <\/strong>(+3,4%, de 197.721\u20ac para 204.487\u20ac)<strong>, Regi\u00e3o Aut\u00f3noma da Madeira <\/strong>(+3,3%, de 448.592\u20ac para 463.349\u20ac), <strong>Guarda <\/strong>(+3,2%, de 107.018\u20ac para 110.414\u20ac) e <strong>Portalegre <\/strong>(+3,1%, de 118.620\u20ac para 122.330\u20ac).<\/p>\n<p class=\" block-img\"><img decoding=\"async\" src=\"https:\/\/www.imovirtual.com\/noticias\/wp-content\/uploads\/2022\/11\/6301abf9-edaa-4d51-a16a-082d290d328e_Artboard-1.png\" alt=\"imovirtual\"><\/p>\n<p><strong>No geral n\u00e3o assistimos a nenhum distrito com quebras significativas. Em Viana do Castelo e Bragan\u00e7a assistimos a uma estabiliza\u00e7\u00e3o na ordem dos -0,2% e -0,3%, <\/strong>fixando-se nos seguintes valores respectivamente: 251.294\u20ac e 218.035\u20ac.<\/p>\n<p class=\" block-img\"><img decoding=\"async\" src=\"https:\/\/www.imovirtual.com\/noticias\/wp-content\/uploads\/2022\/11\/3b663087-fe85-4ff6-89e0-224a6efad80f_Artboard-1-copy.png\" alt=\"imovirtual\"><\/p>\n<p><strong>Veja na tabela abaixo, os valores m\u00e9dios e percentuais &#8211; e ainda os comparativos entre julho e agosto e varia\u00e7\u00e3o com per\u00edodo hom\u00f3logo de 2021 &#8211; em todos os distritos de Portugal.<\/strong><\/p>\n<p class=\" block-img\"><img decoding=\"async\" src=\"https:\/\/www.imovirtual.com\/noticias\/wp-content\/uploads\/2022\/11\/0281f8de-3752-4358-9ad1-4214a2389769_Artboard-1-copy-2.png\" alt=\"imovirtual\"><\/p>\n<h2><strong>Quanto custa arrendar uma casa?<\/strong><\/h2>\n<p>Tal como no m\u00eas anterior, em agosto assistimos um <strong>crescimento de +7,2%,<\/strong> passando de 1.317\u20ac em julho para 1.412\u20ac em agosto.<\/p>\n<p>Arrendar uma casa em <strong>Castelo Branco e Lisboa aumentou 14% e 11,5% respetivamente, <\/strong>fixando-se os pre\u00e7os m\u00e9dios em 781\u20ac e 1.804\u20ac.<\/p>\n<p class=\" block-img\"><img decoding=\"async\" src=\"https:\/\/www.imovirtual.com\/noticias\/wp-content\/uploads\/2022\/11\/8035c69f-7395-43c4-9882-1a310a53156a_Artboard-1-copy-3.png\" alt=\"imovirtual\"><\/p>\n<p>Em contrapartida, como pode ver na tabela abaixo, <strong>Regi\u00e3o Aut\u00f3noma da Madeira, Viana do Castelo e Bragan\u00e7a apresentaram as maiores quedas de pre\u00e7o percentual <\/strong>dos im\u00f3veis: -13,5%, -11,6% e -10%, respetivamente.&nbsp;<\/p>\n<p class=\" block-img\"><img decoding=\"async\" src=\"https:\/\/www.imovirtual.com\/noticias\/wp-content\/uploads\/2022\/11\/7b2146b4-9f3f-4db7-a9de-5f658f76e6a0_Artboard-1-copy-4.png\" alt=\"imovirtual\"><\/p>\n<p class=\" block-img\"><img decoding=\"async\" src=\"https:\/\/www.imovirtual.com\/noticias\/wp-content\/uploads\/2022\/11\/4e29c62d-931e-40a8-a30d-1e853bea8fa0_Artboard-1-copy-6.png\" alt=\"imovirtual\"><\/p>\n<h2><strong>Varia\u00e7\u00e3o Anual: Agosto 2022 vs Agosto 2021<\/strong><\/h2>\n<p>Relativamente ao pre\u00e7o das casas para venda, a n\u00edvel nacional, verifica-se uma subida de 10,6%, os valores anunciados no Imovirtual em 2021 tinham um valor m\u00e9dio de 365.264\u20ac, contra o valor de 403.935\u20ac que se verifica atualmente.&nbsp;<\/p>\n<p>Comparando com valores de 2021, <strong>os distritos que registaram um maior aumento no pre\u00e7o das casas foram a Regi\u00e3o Aut\u00f3noma da Madeira<\/strong> (+24,9%, de 370.942\u20ac para 463.349\u20ac)<strong> e Set\u00fabal <\/strong>(+23,2%, de 306.026\u20ac para 376.945\u20ac)<strong>.<\/strong><\/p>\n<p>J\u00e1 <strong>Vila Real <\/strong>(-6,5%, de 193.435\u20ac para 180.812\u20ac)<strong> registou a maior queda de pre\u00e7os de um ano para o outro<\/strong>.<\/p>\n<p class=\" block-img\"><img decoding=\"async\" src=\"https:\/\/www.imovirtual.com\/noticias\/wp-content\/uploads\/2022\/11\/b9b6127b-09ee-47bd-bca7-96a850b4c893_Artboard-8.png\" alt=\"imovirtual\"><\/p>\n<p>Relativamente ao pre\u00e7o das casas para arrendar, a n\u00edvel nacional, verifica-se uma subida significativa de 38,6%, os valores anunciados no Imovirtual em 2021 tinham um valor m\u00e9dio de 1.019\u20ac, contra o valor de 1.412\u20ac que se verifica atualmente.&nbsp;<\/p>\n<p>Arrendar uma casa em <strong>Castelo Branco, Faro e Beja aumentou uns impressionantes 100,8% <\/strong>(de 389\u20ac para 781\u20ac)<strong> , 69,8% <\/strong>(de 821\u20ac para 1.394\u20ac)<strong> e 65,3% <\/strong>(de 473\u20ac para 782\u20ac)<strong> respetivamente.<\/strong><\/p>\n<p>Se quer saber onde pode encontrar as casas mais baratas para arrendar saiba que o \u00fanico distrito que registou uma <strong>quebra percentual significativa foi Portalegre com -25,7%,<\/strong> onde a renda m\u00e9dia passou de 459\u20ac para 341\u20ac.<\/p>\n<p class=\" block-img\"><img decoding=\"async\" src=\"https:\/\/www.imovirtual.com\/noticias\/wp-content\/uploads\/2022\/11\/052c08b1-f92e-4208-868f-f164b3443d6c_Artboard-8-copy.png\" alt=\"imovirtual\"><\/p>\n<\/p>\n<div class=\"css-h5fkc8\"><strong>Ultima actualiza\u00e7\u00e3o:<\/strong> 30 agosto 2022<\/div>\n","protected":false},"excerpt":{"rendered":"<p>Bar\u00f3metro. Pre\u00e7os das casas em agosto de 2022: venda e arrendamento Quanto custa comprar uma casa em Portugal? Continuamos a assistir estabiliza\u00e7\u00e3o do mercado quando analisamos a varia\u00e7\u00e3o mensal, o mesmo se verifica de julho para agosto. De facto, assistimos a uma estabiliza\u00e7\u00e3o do valor m\u00e9dio dos im\u00f3veis de 0,7%, passando de uma m\u00e9dia de &hellip;<\/p>\n","protected":false},"author":3,"featured_media":65,"comment_status":"closed","ping_status":"open","sticky":false,"template":"","format":"standard","meta":{"footnotes":""},"categories":[2],"tags":[],"class_list":["post-272","post","type-post","status-publish","format-standard","has-post-thumbnail","hentry","category-relatorio-de-precos"],"_links":{"self":[{"href":"https:\/\/www.imovirtual.com\/noticias\/wp-json\/wp\/v2\/posts\/272","targetHints":{"allow":["GET"]}}],"collection":[{"href":"https:\/\/www.imovirtual.com\/noticias\/wp-json\/wp\/v2\/posts"}],"about":[{"href":"https:\/\/www.imovirtual.com\/noticias\/wp-json\/wp\/v2\/types\/post"}],"author":[{"embeddable":true,"href":"https:\/\/www.imovirtual.com\/noticias\/wp-json\/wp\/v2\/users\/3"}],"replies":[{"embeddable":true,"href":"https:\/\/www.imovirtual.com\/noticias\/wp-json\/wp\/v2\/comments?post=272"}],"version-history":[{"count":0,"href":"https:\/\/www.imovirtual.com\/noticias\/wp-json\/wp\/v2\/posts\/272\/revisions"}],"wp:featuredmedia":[{"embeddable":true,"href":"https:\/\/www.imovirtual.com\/noticias\/wp-json\/wp\/v2\/media\/65"}],"wp:attachment":[{"href":"https:\/\/www.imovirtual.com\/noticias\/wp-json\/wp\/v2\/media?parent=272"}],"wp:term":[{"taxonomy":"category","embeddable":true,"href":"https:\/\/www.imovirtual.com\/noticias\/wp-json\/wp\/v2\/categories?post=272"},{"taxonomy":"post_tag","embeddable":true,"href":"https:\/\/www.imovirtual.com\/noticias\/wp-json\/wp\/v2\/tags?post=272"}],"curies":[{"name":"wp","href":"https:\/\/api.w.org\/{rel}","templated":true}]}}