{"id":270,"date":"2022-11-02T00:00:00","date_gmt":"2022-11-02T00:00:00","guid":{"rendered":"https:\/\/www.imovirtual.com\/noticias2\/2022\/11\/02\/feriados-em-portugal-em-2023\/"},"modified":"2024-08-28T10:28:56","modified_gmt":"2024-08-28T10:28:56","slug":"feriados-em-portugal-em-2023","status":"publish","type":"post","link":"https:\/\/www.imovirtual.com\/noticias\/imobiliario\/feriados-em-portugal-em-2023\/","title":{"rendered":"Feriados em Portugal 2023"},"content":{"rendered":"<p>Fizemos um apanhado dos feriados de 2023 para poder come\u00e7ar a pensar no seu calend\u00e1rio de f\u00e9rias, mini-f\u00e9rias e escapadinhas de fim-de-semana.<\/p>\n<p>Se \u00e9 daquelas pessoas que adora aproveitar ao m\u00e1ximo todos os feriados de forma a conseguir o m\u00e1ximo de dias de descanso, este artigo \u00e9 para si.<\/p>\n<p>Fica j\u00e1 a saber que 2023 ter\u00e1 <strong>cinco fins-de-semana prolongados<\/strong>. <strong>Haver\u00e1 13 feriados obrigat\u00f3rios<\/strong> mais o Carnaval (feriado facultativo). Destes 13 feriados, apenas quatro calham ao fim-de-semana. Os restantes podem ser bem aproveitados como dias extra de descanso.<\/p>\n<h2><strong>Feriados em Portugal em 2023, m\u00eas a m\u00eas<\/strong><\/h2>\n<p>Abaixo encontra a lista de feriados em Portugal, m\u00eas a m\u00eas. Se quiser ficar a saber o motivo ou acontecimento por detr\u00e1s de cada um dos feriados, continue a ler o artigo e explicamos tudo.<\/p>\n<p class=\" block-img\"><img decoding=\"async\" src=\"https:\/\/www.imovirtual.com\/noticias\/wp-content\/uploads\/2022\/11\/d1f8d128-53a4-4a6e-9c36-df3a6b5c7b6d_img_02.jpg\" alt=\"Calendario 2023 Portugal\" \/><\/p>\n<p><strong>Janeiro:\u00a0<\/strong>O \u00fanico feriado de Janeiro \u00e9 mesmo o dia 1, <strong>Dia de Ano Novo<\/strong>. Em 2023 calha a um domingo e \u00e9 o primeiro de quatro feriados que calham a um fim-de-semana. O primeiro m\u00eas do ano n\u00e3o tem dias de descanso extra no pr\u00f3ximo ano.<\/p>\n<p><strong>Fevereiro:<\/strong>\u00a0O <strong>Carnaval <\/strong>n\u00e3o \u00e9 feriado obrigat\u00f3rio mas h\u00e1 muitas empresas que d\u00e3o toler\u00e2ncia de ponto aos funcion\u00e1rios. O <strong>Entrudo<\/strong> \u00e9 sempre \u00e0 ter\u00e7a-feira e em 2023 ser\u00e1 no dia 21 de fevereiro. Se puder usufruir da ponte na segunda-feira, tem aqui o seu primeiro fim-de-semana de quatro dias.<\/p>\n<p><strong>Mar\u00e7o:<\/strong> Em 2023 n\u00e3o vai haver nenhum feriado no terceiro m\u00eas do ano, mas abril vai compensar.<\/p>\n<p><strong>Abril:<\/strong>\u00a0No pr\u00f3ximo ano o <strong>domingo de P\u00e1scoa<\/strong> ser\u00e1 no dia 9, logo, a <strong>Sexta-feira Santa<\/strong> calha no dia 7. Pausa de tr\u00eas dias logo no in\u00edcio do m\u00eas. Mais para a frente, o dia 25 de abril, quando se assinala o <strong>Dia da Liberdade<\/strong>, ser\u00e1 a uma ter\u00e7a-feira. \u00c9 a segunda oportunidade do ano para fazer uma ponte na segunda-feira e descansar quatro dias seguidos.<\/p>\n<p><strong>Maio:\u00a0<\/strong>O primeiro de maio, <strong>Dia do Trabalhador<\/strong>, \u00e9 feriado e calha a uma segunda-feira. Tamb\u00e9m em maio ter\u00e1 oportunidade de fazer uma escapadinha de tr\u00eas dias.<\/p>\n<p><strong>Junho:<\/strong>\u00a0\u00c9 normalmente o m\u00eas mais rico em feriados. 2023 n\u00e3o \u00e9 exce\u00e7\u00e3o. O feriado de <strong>Corpo de Deus<\/strong> assinala-se a 8 de junho, quinta-feira. Se tirar um dia de f\u00e9rias na sexta-feira fica com quatro dias seguidos sem ir trabalhar. Logo a seguir temos o dia 10 de junho, <strong>Dia de Portugal, de Cam\u00f5es e das Comunidades Portuguesas<\/strong> mas que calhar\u00e1 a um s\u00e1bado.<\/p>\n<p>Para quem trabalha em Lisboa, o <strong>dia de Santo Ant\u00f3nio<\/strong>, a 13 de junho, calha numa ter\u00e7a-feira. Ou seja, mais uma possibilidade de ponte e mini-f\u00e9rias de 4 dias. J\u00e1 o <strong>dia de S. Jo\u00e3o<\/strong>, 24 de junho, este ano calha a um s\u00e1bado.<\/p>\n<p><strong>Julho:<\/strong> Apesar de ser o primeiro m\u00eas de ver\u00e3o, julho n\u00e3o ter\u00e1 feriados em 2023.<\/p>\n<p><strong>Agosto:\u00a0<\/strong>Mesmo a meio do m\u00eas, dia 15, temos o <strong>dia da Assun\u00e7\u00e3o da Nossa Senhora<\/strong>. Ser\u00e1 a uma ter\u00e7a-feira. Mais uma boa oportunidade para fazer uma ponte e gozar de quatro dias de pausa.<\/p>\n<p><strong>Setembro:<\/strong> Tamb\u00e9m em setembro n\u00e3o haver\u00e1 nenhum feriado em 2023.<\/p>\n<p><strong>Outubro:<\/strong>\u00a0O dia 5 de outubro, data em que se assinala a <strong>Implanta\u00e7\u00e3o da Rep\u00fablica<\/strong>, \u00e9 uma quinta-feira. Outra possibilidade para marcar a sexta-feira de f\u00e9rias e fazer uma escapadinha de quatro dias.<\/p>\n<p><strong>Novembro:<\/strong>\u00a0O primeiro de novembro, <strong>Dia de Todos os Santos<\/strong>, \u00e9 feriado e calha mesmo a meio da semana, a uma quarta-feira. Se quiser marcar dois dias de f\u00e9rias ter\u00e1 5 dias de descanso. Se lhe fazem falta para outra altura, ent\u00e3o ser\u00e1 uma boa pausa a meio da semana para retemperar for\u00e7as.<\/p>\n<p><strong>Dezembro:<\/strong>\u00a0Para acabar 2023 em beleza, dezembro tem tr\u00eas feriados e tr\u00eas fins de semana prolongados. Os dias 1 &#8211; <strong>dia da Restaura\u00e7\u00e3o da Independ\u00eancia<\/strong> &#8211; e o 8 &#8211; <strong>dia da Imaculada Concei\u00e7\u00e3o<\/strong> &#8211; calham a sextas-feiras e o dia de Natal, 25 de dezembro, ser\u00e1 a uma segunda-feira.<\/p>\n<p>Em resumo, s\u00e3o 13 feriados, sete dos quais s\u00e3o religiosos. Quatro calham a um fim-de-semana, mas em contrapartida cinco acontecem a uma segunda ou a uma sexta-feira. Quatro dos feriados acontecem a uma ter\u00e7a ou quinta-feira, o que lhe d\u00e1 quatro oportunidades de fazer uma ponte e usufruir de um fim-de-semana super prolongado.<\/p>\n<p>Agora que j\u00e1 tem todas as possibilidades de pontes e fins-de-semana grandes em seu poder, pegue num calend\u00e1rio e comece j\u00e1 a organizar a sua agenda.<\/p>\n<h3><strong>Veja tamb\u00e9m:<\/strong><\/h3>\n<ul>\n<li><a href=\"https:\/\/www.imovirtual.com\/noticias\/imobiliario\/omprar-ou-arrendar-um-t0-conheca-todas-as-vantagens\" target=\"_blank\" rel=\"noopener\"><strong>Comprar ou arrendar um T0: conhe\u00e7a todas as vantagens<\/strong><\/a><\/li>\n<li><a href=\"https:\/\/www.imovirtual.com\/noticias\/imobiliario\/direito-de-preferencia\" target=\"_blank\" rel=\"noopener\"><strong>Direito de prefer\u00eancia: o que \u00e9?<\/strong><\/a><\/li>\n<li><a href=\"https:\/\/www.imovirtual.com\/noticias\/financas\/mapa-de-responsabilidades-o-que-e-e-como-pode-obter\" target=\"_blank\" rel=\"noopener\"><strong>Mapa de responsabilidades: o que \u00e9 e como o pode obter?<\/strong><\/a><\/li>\n<\/ul>\n<div class=\"css-h5fkc8\"><strong>Ultima actualiza\u00e7\u00e3o:<\/strong> 02 novembro 2022<\/div>\n","protected":false},"excerpt":{"rendered":"<p>Fizemos um apanhado dos feriados de 2023 para poder come\u00e7ar a pensar no seu calend\u00e1rio de f\u00e9rias, mini-f\u00e9rias e escapadinhas de fim-de-semana. Se \u00e9 daquelas pessoas que adora aproveitar ao m\u00e1ximo todos os feriados de forma a conseguir o m\u00e1ximo de dias de descanso, este artigo \u00e9 para si. Fica j\u00e1 a saber que 2023 &hellip;<\/p>\n","protected":false},"author":3,"featured_media":45,"comment_status":"closed","ping_status":"open","sticky":false,"template":"","format":"standard","meta":{"footnotes":""},"categories":[37,5],"tags":[],"class_list":["post-270","post","type-post","status-publish","format-standard","has-post-thumbnail","hentry","category-financas-e-imobiliario","category-imobiliario"],"_links":{"self":[{"href":"https:\/\/www.imovirtual.com\/noticias\/wp-json\/wp\/v2\/posts\/270","targetHints":{"allow":["GET"]}}],"collection":[{"href":"https:\/\/www.imovirtual.com\/noticias\/wp-json\/wp\/v2\/posts"}],"about":[{"href":"https:\/\/www.imovirtual.com\/noticias\/wp-json\/wp\/v2\/types\/post"}],"author":[{"embeddable":true,"href":"https:\/\/www.imovirtual.com\/noticias\/wp-json\/wp\/v2\/users\/3"}],"replies":[{"embeddable":true,"href":"https:\/\/www.imovirtual.com\/noticias\/wp-json\/wp\/v2\/comments?post=270"}],"version-history":[{"count":0,"href":"https:\/\/www.imovirtual.com\/noticias\/wp-json\/wp\/v2\/posts\/270\/revisions"}],"wp:featuredmedia":[{"embeddable":true,"href":"https:\/\/www.imovirtual.com\/noticias\/wp-json\/wp\/v2\/media\/45"}],"wp:attachment":[{"href":"https:\/\/www.imovirtual.com\/noticias\/wp-json\/wp\/v2\/media?parent=270"}],"wp:term":[{"taxonomy":"category","embeddable":true,"href":"https:\/\/www.imovirtual.com\/noticias\/wp-json\/wp\/v2\/categories?post=270"},{"taxonomy":"post_tag","embeddable":true,"href":"https:\/\/www.imovirtual.com\/noticias\/wp-json\/wp\/v2\/tags?post=270"}],"curies":[{"name":"wp","href":"https:\/\/api.w.org\/{rel}","templated":true}]}}