{"id":269,"date":"2022-10-21T00:00:00","date_gmt":"2022-10-21T00:00:00","guid":{"rendered":"https:\/\/www.imovirtual.com\/noticias2\/2022\/10\/21\/unu-rede-imobiliaria-ganha-nova-identidade-visual\/"},"modified":"2024-09-02T14:48:34","modified_gmt":"2024-09-02T14:48:34","slug":"unu-rede-imobiliaria-ganha-nova-identidade-visual","status":"publish","type":"post","link":"https:\/\/www.imovirtual.com\/noticias\/novidades\/unu-rede-imobiliaria-ganha-nova-identidade-visual\/","title":{"rendered":"UNU Rede Imobili\u00e1ria ganha nova identidade visual e promete mais novidades!"},"content":{"rendered":"<p class=\"css-8qfla4\">\n<p class=\"css-m5h6m0 edperro0\">\n<p>A UNU Rede Imobili\u00e1ria, presente no mercado desde 2016, acaba de dar a conhecer aquela que ser\u00e1 a nova imagem do melhor servi\u00e7o imobili\u00e1rio em Portugal.<\/p>\n<p>Demonstrando uma vez mais a constante evolu\u00e7\u00e3o da sua marca e tendo por base a express\u00e3o \u201cLess Is More\u201d, a rede imobili\u00e1ria UNU desenvolveu uma nova identidade que aposta num estilo mais s\u00f3brio, contempor\u00e2neo e progressista.<\/p>\n<p>A ideia \u00e9 trabalhar uma nova linguagem de design que ir\u00e1 dar ainda mais destaque ao nome da marca fazendo com que seja facilmente identificada a n\u00edvel nacional.<\/p>\n<p>Esta nova aposta de rebranding acompanha o investimento que tem sido feito na notoriedade da marca e adv\u00e9m da caracter\u00edstica j\u00e1 presente no ADN da UNU em providenciar o melhor servi\u00e7o imobili\u00e1rio nacional, tal como ganhar destaque entre todos aqueles que confiam e acreditam na marca.<\/p>\n<p>A UNU tem como preocupa\u00e7\u00e3o a inova\u00e7\u00e3o e melhoramento cont\u00ednuo dos seus servi\u00e7os e acredita que este \u00e9 mais um passo para o crescimento da marca e da rede.<\/p>\n<p>Daniel Gomes, diretor de opera\u00e7\u00f5es da UNU Rede Imobili\u00e1ria, descreve esta mudan\u00e7a como \u201cnatural para uma marca que tem na sua ess\u00eancia a evolu\u00e7\u00e3o constante e a procura das melhores ferramentas e solu\u00e7\u00f5es para os seus clientes\u201d. Relata ainda que \u201ca nova imagem foi muito bem recebida por toda a rede, e que pode desde j\u00e1 ser encontrada na comunica\u00e7\u00e3o das ag\u00eancias UNU por todo o pa\u00eds.\u201d<\/p>\n<p>As novidades n\u00e3o ficam por aqui e, em breve, a marca ir\u00e1 revelar novas otimiza\u00e7\u00f5es e melhorias que v\u00e3o impactar todo o p\u00fablico-alvo e proporcionar mais e melhores experi\u00eancias a todos os que usufruem do servi\u00e7o da rede.<\/p>\n<p>A <a href=\"https:\/\/www.unu.pt\/\" target=\"_blank\" rel=\"noopener\">UNU Rede Imobili\u00e1ria<\/a>, conta com 45 ag\u00eancias a n\u00edvel nacional e faz parte do maior grupo portugu\u00eas de franchising, Grupo Nbrand.<\/p>\n<\/p>\n<div class=\"css-h5fkc8\"><strong>Ultima actualiza\u00e7\u00e3o:<\/strong> 21 outubro 2022<\/div>\n","protected":false},"excerpt":{"rendered":"<p>A UNU Rede Imobili\u00e1ria, presente no mercado desde 2016, acaba de dar a conhecer aquela que ser\u00e1 a nova imagem do melhor servi\u00e7o imobili\u00e1rio em Portugal. Demonstrando uma vez mais a constante evolu\u00e7\u00e3o da sua marca e tendo por base a express\u00e3o \u201cLess Is More\u201d, a rede imobili\u00e1ria UNU desenvolveu uma nova identidade que aposta &hellip;<\/p>\n","protected":false},"author":3,"featured_media":42,"comment_status":"closed","ping_status":"open","sticky":false,"template":"","format":"standard","meta":{"footnotes":""},"categories":[4,36],"tags":[],"class_list":["post-269","post","type-post","status-publish","format-standard","has-post-thumbnail","hentry","category-novidades","category-profissionais"],"_links":{"self":[{"href":"https:\/\/www.imovirtual.com\/noticias\/wp-json\/wp\/v2\/posts\/269","targetHints":{"allow":["GET"]}}],"collection":[{"href":"https:\/\/www.imovirtual.com\/noticias\/wp-json\/wp\/v2\/posts"}],"about":[{"href":"https:\/\/www.imovirtual.com\/noticias\/wp-json\/wp\/v2\/types\/post"}],"author":[{"embeddable":true,"href":"https:\/\/www.imovirtual.com\/noticias\/wp-json\/wp\/v2\/users\/3"}],"replies":[{"embeddable":true,"href":"https:\/\/www.imovirtual.com\/noticias\/wp-json\/wp\/v2\/comments?post=269"}],"version-history":[{"count":0,"href":"https:\/\/www.imovirtual.com\/noticias\/wp-json\/wp\/v2\/posts\/269\/revisions"}],"wp:featuredmedia":[{"embeddable":true,"href":"https:\/\/www.imovirtual.com\/noticias\/wp-json\/wp\/v2\/media\/42"}],"wp:attachment":[{"href":"https:\/\/www.imovirtual.com\/noticias\/wp-json\/wp\/v2\/media?parent=269"}],"wp:term":[{"taxonomy":"category","embeddable":true,"href":"https:\/\/www.imovirtual.com\/noticias\/wp-json\/wp\/v2\/categories?post=269"},{"taxonomy":"post_tag","embeddable":true,"href":"https:\/\/www.imovirtual.com\/noticias\/wp-json\/wp\/v2\/tags?post=269"}],"curies":[{"name":"wp","href":"https:\/\/api.w.org\/{rel}","templated":true}]}}