{"id":2666,"date":"2020-04-28T00:00:00","date_gmt":"2020-04-28T00:00:00","guid":{"rendered":"https:\/\/www.imovirtual.com\/noticias2\/2020\/04\/28\/areeiro-o-bairro-ideal-para-familias-e-estudantes-id95\/"},"modified":"2020-04-28T00:00:00","modified_gmt":"2020-04-28T00:00:00","slug":"areeiro-o-bairro-ideal-para-familias-e-estudantes-id95","status":"publish","type":"post","link":"https:\/\/www.imovirtual.com\/noticias\/relatorio-de-precos\/areeiro-o-bairro-ideal-para-familias-e-estudantes-id95\/","title":{"rendered":"Areeiro: o bairro ideal para fam\u00edlias e estudantes"},"content":{"rendered":"<p class=\"css-8qfla4\">\n<p class=\"css-m5h6m0 edperro0\">\n<h1><strong>Areeiro: o bairro ideal para fam\u00edlias e estudantes<\/strong><\/h1>\n<p>A freguesia \u00e9 conhecida pelo seu com\u00e9rcio abundante, mas, tamb\u00e9m, por se ter tornado num destino muito procurado pelos estudantes, devido ao facto de ser um local pr\u00f3ximo do campus do Instituto Superior T\u00e9cnico. No entanto, continua a ser uma zona ideal para qualquer fam\u00edlia.<\/p>\n<p>&nbsp;<\/p>\n<h2><strong>A Hist\u00f3ria do Areeiro<\/strong><\/h2>\n<p>Sabia que o nome deste bairro se deve \u00e0s escava\u00e7\u00f5es para extra\u00e7\u00e3o de areia que eram efetuadas na Quinta da Montanha? Ainda hoje \u00e9 poss\u00edvel encontrar vest\u00edgios na Avenida dos Estados Unidos da Am\u00e9rica.<\/p>\n<p>A freguesia do Areeiro \u00e9 composta pelas antigas freguesias do Alto do Pina e de S\u00e3o Jo\u00e3o de Deus.<\/p>\n<p>A Freguesia do Alto da Pina foi muito procurada ap\u00f3s o terramoto de Lisboa de 1755. J\u00e1 no s\u00e9culo XX, foi novamente requisitada pela C\u00e2mara Municipal de Lisboa, que instalou um bairro para os seus funcion\u00e1rios, chamado Bairro Carmona.<\/p>\n<p>S\u00e3o Jo\u00e3o de Deus nasceu na d\u00e9cada de 30 liderado pelo Arquiteto Faria da Costa, mas as habita\u00e7\u00f5es, tal como as conhecemos, foram idealizadas por outros dois jovens arquitetos. Durante a constru\u00e7\u00e3o destes bairros o principal objetivo passava por evitar a constru\u00e7\u00e3o de edif\u00edcios de forma aleat\u00f3ria e sem qualidade.<\/p>\n<\/p>\n<h3>&nbsp;<\/h3>\n<h2><strong>Como \u00e9 viver no Areeiro?<\/strong><\/h2>\n<p>A freguesia do Areeiro \u00e9 uma combina\u00e7\u00e3o de bairros hist\u00f3ricos e espa\u00e7os cosmopolitas, onde o esp\u00edrito bairrista se funde com a ess\u00eancia universit\u00e1ria.<\/p>\n<p>Ao longo do Areeiro pode encontrar in\u00fameros restaurantes tipicamente portugueses, gourmet e multiculturais, como os Indianos, Chineses e Italianos.&nbsp; S\u00e3o v\u00e1rios os hot\u00e9is, Hostels e outros tipos de alojamentos locais, que recebem na Capital in\u00fameros turistas e estudantes universit\u00e1rios, uma vez que \u00e9 o bairro mais pr\u00f3ximo do Instituto Superior T\u00e9cnico. A par da vida universit\u00e1ria, existem v\u00e1rios bares e caf\u00e9s, que trazem mais vida \u00e0s noites de Lisboa.<\/p>\n<p><strong>Existem espa\u00e7os de lazer para todas as personalidades<\/strong>: se \u00e9 apreciador de um bom whisky, a Casa Museu Whisky &amp; Companhia localiza-se no Areeiro; para os apaixonados por desporto, o Pavilh\u00e3o do Complexo Desportivo Municipal Casal Vistoso encontra-se na zona central do bairro, bem como o gin\u00e1sios e piscinas; se aprecia umas boas caminhadas ao ar livre, pode aproveitar para visitar a Fonte Luminosa e os espa\u00e7os verdes em seu redor. A freguesia&nbsp;<strong>possuiu, ainda, v\u00e1rios estabelecimentos e com\u00e9rcio, escolas, servi\u00e7os de sa\u00fade, como farm\u00e1cias, e de seguran\u00e7a p\u00fablica<\/strong>.<\/p>\n<p><strong>O Areeiro est\u00e1 muito bem localizado e disp\u00f5em de \u00f3timos acessos e transportes p\u00fablicos<\/strong>, como o metropolitano de Lisboa, autocarros, comboios e t\u00e1xis.<\/p>\n<p>&nbsp;<\/p>\n<h2><strong>O Areeiro em n\u00fameros<\/strong><\/h2>\n<p><strong>A freguesia do Areeiro estende-se por uma \u00e1rea de mais de 1,74 km2 e possui cerca de 20.131 habitantes<\/strong>, dos quais 8.911 s\u00e3o homens e 11.200 s\u00e3o mulheres,&nbsp;<strong>distribu\u00eddos por mais de 12.558 alojamentos<\/strong>, de acordo com os Censos de 2011.<\/p>\n<p>No que diz respeito \u00e0 habita\u00e7\u00e3o, o Areeiro apresenta pre\u00e7os medianos e taxas de varia\u00e7\u00e3o inferiores aos praticados na cidade de Lisboa.&nbsp;<strong>Neste bairro, o pre\u00e7o m\u00e9dio das vendas de um im\u00f3vel ronda os 2.700\u20ac por metro quadrado<\/strong>.<\/p>\n<p>Num estudo realizado pelo&nbsp;<a href=\"https:\/\/www.imovirtual.com\/\" target=\"_blank\" rel=\"noopener\">Imovirtual<\/a>&nbsp;sobre as freguesias de Portugal, junto dos pr\u00f3prios residentes, neste caso, da freguesia do Areeiro, foi poss\u00edvel avaliar v\u00e1rias categorias, como a seguran\u00e7a, limpeza, estacionamento, espa\u00e7os de lazer e outros da freguesia. Os resultados foram os seguintes:<\/p>\n<\/p>\n<p>De todas as caracter\u00edsticas, destacam-se, com melhor pontua\u00e7\u00e3o, os transportes p\u00fablicos, os estabelecimentos de ensino e os acessos.<\/p>\n<p><strong>O Areeiro recebeu, assim, uma avalia\u00e7\u00e3o global de 4.05 pontos<\/strong>, numa escala de 0 a 5,&nbsp;<strong>ocupando o 10.\u00ba lugar das melhores freguesias para <a href=\"https:\/\/www.imovirtual.com\/noticias\/noticias\/azonas-mais-baratas-para-viver-lisboa-e-porto\" target=\"_blank\" rel=\"noopener\">viver em Lisboa<\/a><\/strong>.<\/p>\n<p>Se est\u00e1 \u00e0 procura de casa para&nbsp;<a href=\"https:\/\/www.imovirtual.com\/arrendar\/areeiro-lisboa\/?search%5Bdist%5D=0&amp;search%5Bsubregion_id%5D=153&amp;search%5Bcity_id%5D=11540535\" target=\"_blank\" rel=\"noopener\">arrendar<\/a>&nbsp;ou&nbsp;<a href=\"https:\/\/www.imovirtual.com\/comprar\/areeiro-lisboa\/?search%5Bdist%5D=0&amp;search%5Bsubregion_id%5D=153&amp;search%5Bcity_id%5D=11540535\" target=\"_blank\" rel=\"noopener\">comprar<\/a>&nbsp;no Areeiro, consulte as ofertas dispon\u00edveis no Imovirtual.<\/p>\n<\/p>\n<p class=\" block-img\"><img decoding=\"async\" src=\"https:\/\/www.imovirtual.com\/noticias\/wp-content\/uploads\/2022\/11\/3c23b667-0a08-4ca1-abcb-74566be5c538_Copia-de-Banners-Autores-2.png\" alt=\"Alexandre Lu\u00eds Autor Imovirtual\"><\/p>\n<h5><em>Tamb\u00e9m conhecido como &#8216;O Consultor&#8217;. Pode encontr\u00e1-lo a consultar o \u00faltimo estudo de mercado. N\u00e3o tem talento para vender, mas sabe tudo sobre Imobili\u00e1rio. Fala sobre quest\u00f5es relacionadas com o tema no Blog do Imovirtual.<\/em><\/h5>\n<\/p>\n<h4><strong>Leia tamb\u00e9m<\/strong><\/h4>\n<ul>\n<li>Lisboa:&nbsp;<a href=\"https:\/\/www.imovirtual.com\/noticias\/imoblog\/lisboa-santa-maria-maior-freguesia-de-tradicoes-id101.html\" target=\"_blank\" rel=\"noopener\"><strong>Santa Maria Maior&nbsp;<\/strong><\/a>uma freguesia de Tradi\u00e7\u00f5es<\/li>\n<li><a href=\"https:\/\/www.imovirtual.com\/noticias\/imobiliario\/casas-em-lisboa-comprar-moradia-ou-apartamento\" target=\"_blank\" rel=\"noopener\"><strong>Casas em Lisboa<\/strong><\/a>&nbsp;\u2013 Onde Comprar Moradia ou Apartamento?<\/li>\n<li>Lisboa:&nbsp;<a href=\"https:\/\/www.imovirtual.com\/noticias\/imoblog\/lisboa-alvalade-id89.html\" target=\"_blank\" rel=\"noopener\"><strong>Alvalade<\/strong><\/a><\/li>\n<\/ul>\n<\/p>\n<div class=\"css-h5fkc8\"><strong>Ultima actualiza\u00e7\u00e3o:<\/strong> 17 setembro 2021<\/div>\n","protected":false},"excerpt":{"rendered":"<p>Areeiro: o bairro ideal para fam\u00edlias e estudantes A freguesia \u00e9 conhecida pelo seu com\u00e9rcio abundante, mas, tamb\u00e9m, por se ter tornado num destino muito procurado pelos estudantes, devido ao facto de ser um local pr\u00f3ximo do campus do Instituto Superior T\u00e9cnico. No entanto, continua a ser uma zona ideal para qualquer fam\u00edlia. &nbsp; A &hellip;<\/p>\n","protected":false},"author":3,"featured_media":0,"comment_status":"closed","ping_status":"open","sticky":false,"template":"","format":"standard","meta":{"footnotes":""},"categories":[2],"tags":[],"class_list":["post-2666","post","type-post","status-publish","format-standard","hentry","category-relatorio-de-precos"],"_links":{"self":[{"href":"https:\/\/www.imovirtual.com\/noticias\/wp-json\/wp\/v2\/posts\/2666","targetHints":{"allow":["GET"]}}],"collection":[{"href":"https:\/\/www.imovirtual.com\/noticias\/wp-json\/wp\/v2\/posts"}],"about":[{"href":"https:\/\/www.imovirtual.com\/noticias\/wp-json\/wp\/v2\/types\/post"}],"author":[{"embeddable":true,"href":"https:\/\/www.imovirtual.com\/noticias\/wp-json\/wp\/v2\/users\/3"}],"replies":[{"embeddable":true,"href":"https:\/\/www.imovirtual.com\/noticias\/wp-json\/wp\/v2\/comments?post=2666"}],"version-history":[{"count":0,"href":"https:\/\/www.imovirtual.com\/noticias\/wp-json\/wp\/v2\/posts\/2666\/revisions"}],"wp:attachment":[{"href":"https:\/\/www.imovirtual.com\/noticias\/wp-json\/wp\/v2\/media?parent=2666"}],"wp:term":[{"taxonomy":"category","embeddable":true,"href":"https:\/\/www.imovirtual.com\/noticias\/wp-json\/wp\/v2\/categories?post=2666"},{"taxonomy":"post_tag","embeddable":true,"href":"https:\/\/www.imovirtual.com\/noticias\/wp-json\/wp\/v2\/tags?post=2666"}],"curies":[{"name":"wp","href":"https:\/\/api.w.org\/{rel}","templated":true}]}}