{"id":2658,"date":"2021-09-18T00:00:00","date_gmt":"2021-09-18T00:00:00","guid":{"rendered":"https:\/\/www.imovirtual.com\/noticias2\/2021\/09\/18\/ceramica-portuguesa-marcas-a-nao-perder\/"},"modified":"2024-08-28T10:19:12","modified_gmt":"2024-08-28T10:19:12","slug":"ceramica-portuguesa-marcas-a-nao-perder","status":"publish","type":"post","link":"https:\/\/www.imovirtual.com\/noticias\/lifestyle\/ceramica-portuguesa-marcas-a-nao-perder\/","title":{"rendered":"\u00c9 uma casa portuguesa, com certeza: 5 marcas de cer\u00e2mica a n\u00e3o perder"},"content":{"rendered":"<p class=\"css-8qfla4\">\n<p class=\"css-m5h6m0 edperro0\">\n<h1><strong>5 marcas de cer\u00e2mica portuguesa para embelezarem a sua casa<\/strong><\/h1>\n<p>N\u00e3o h\u00e1 como negar: a <strong>arte da cer\u00e2mica \u00e9 uma parte importante da cultura portuguesa<\/strong>, especialmente quando falamos no azulejo, cujos inconfund\u00edveis <strong>padr\u00f5es foram influenciados pela decora\u00e7\u00e3o ornamental mu\u00e7ulmana<\/strong>. \u00c9 poss\u00edvel encontra-los em casas, igrejas e estabelecimentos comerciais mas \u00e9 em pontos de interesse como a Capela das Almas no <a href=\"https:\/\/www.imovirtual.com\/comprar\/apartamento\/porto\/q-quinta-do-lago\/?search%5Bdescription%5D=1&amp;search%5Bregion_id%5D=13\" target=\"_blank\" rel=\"noopener\">Porto<\/a>, a Quinta da Bacalhoa em <a href=\"https:\/\/www.imovirtual.com\/comprar\/apartamento\/lisboa\/?search%5Bdescription%5D=1&amp;search%5Bregion_id%5D=11&amp;search%5Bsubregion_id%5D=153\" target=\"_blank\" rel=\"noopener\">Lisboa<\/a> e o Convento de Cristo em <a href=\"https:\/\/www.imovirtual.com\/comprar\/apartamento\/tomar\/?search%5Bdescription%5D=1&amp;search%5Bregion_id%5D=14&amp;search%5Bsubregion_id%5D=214\" target=\"_blank\" rel=\"noopener\">Tomar<\/a>, que podemos admira-los em todo o seu esplendor. As pe\u00e7as de faian\u00e7a s\u00e3o outro dos exemplos do que melhor se faz em Portugal, com a <a href=\"https:\/\/pt.bordallopinheiro.com\/\" target=\"_blank\" rel=\"noopener\">F\u00e1brica Bordallo Pinheiro<\/a> nas <a href=\"https:\/\/www.imovirtual.com\/comprar\/apartamento\/?search%5Bdescription%5D=1&amp;search%5Bregion_id%5D=10&amp;search%5Bsubregion_id%5D=137\" target=\"_blank\" rel=\"noopener\">Caldas da Rainha<\/a> a destacar-se neste campo.<\/p>\n<p>Mas um pouco por todo o pa\u00eds,<strong> v\u00e1rios s\u00e3o os ceramistas que exibem as suas pe\u00e7as em lojas ou ateliers<\/strong>. Umas mais \u00fateis, outras mais decorativas, mas todas elas pe\u00e7as de autor \u00fanicas. E porque<strong> a decora\u00e7\u00e3o deve espelhar as nossas origens<\/strong>, hoje reunimos uma lista de 5 marcas com pe\u00e7as singulares que n\u00e3o vai querer perder. Porque como diria a grande Am\u00e1lia Rodrigues, <strong>numa casa portuguesa, com certeza que ficar\u00e1 bem&#8230;. uma pe\u00e7a de cer\u00e2mica<\/strong>. Leve um bocadinho da nossa cultura at\u00e9 \u00e0 decora\u00e7\u00e3o do seu <a href=\"https:\/\/www.imovirtual.com\/noticias\/decoracao\/10-dicas-para-decoracao-de-quarto-pequeno-e-com-estilo\" target=\"_blank\" rel=\"noopener\"><strong>quarto<\/strong><\/a>, <a href=\"https:\/\/www.imovirtual.com\/noticias\/decoracao\/transforme-a-sua-sala-de-estar-num-cinema\" target=\"_blank\" rel=\"noopener\"><strong>sala<\/strong><\/a> ou <a href=\"https:\/\/www.imovirtual.com\/noticias\/decoracao\/cozinhas-inspiradoras\" target=\"_blank\" rel=\"noopener\"><strong>cozinha<\/strong><\/a> com a clementinAtelier, Bisaro, O Farol, Anna Westerlund e Lagrima.<\/p>\n<\/p>\n<h3>Veja tamb\u00e9m: <a href=\"https:\/\/www.imovirtual.com\/noticias\/lifestyle\/7-maravilhas-do-mundo-em-portugal\" target=\"_blank\" rel=\"noopener\"><strong>7 maravilhas do mundo em Portugal<\/strong><\/a><\/h3>\n<\/p>\n<h2><strong>clementinAtelier<\/strong><\/h2>\n<p class=\" block-img\"><img decoding=\"async\" src=\"https:\/\/www.imovirtual.com\/noticias\/wp-content\/uploads\/2022\/11\/d7205ce9-c948-40a3-8b93-60689ab9e56c_image.png\" alt=\"clementinatelier\"><\/p>\n<p>A <a href=\"https:\/\/www.clementinatelier.com\/\" target=\"_blank\" rel=\"noopener\"><strong>clementinAtelier<\/strong><\/a> nasceu pelas m\u00e3os de Rita Machado. Trata-se de uma marca 100% portuguesa com pe\u00e7as feitas \u00e0 m\u00e3o de personalidade \u00fanica, que remetem (quase sempre) para o universo da natureza, atrav\u00e9s das suas incr\u00edveis texturas incr\u00edveis. &#8220;<strong>Gosto de despertar emo\u00e7\u00f5es atrav\u00e9s das texturas<\/strong>, tentando criar uma maior conex\u00e3o com a mat\u00e9ria prima e <strong>gosto da combina\u00e7\u00e3o forte das cores ou do simples branco do barro<\/strong>. Na pasta que uso, maioritariamente faian\u00e7a, por vezes misturo corantes para ter v\u00e1rias tonalidades de pasta e adoro construir pe\u00e7as novas atrav\u00e9s de moldes antigos que tenha no atelier&#8221; revela a artes\u00e3 no seu website. Com um belo ramo de flores, a <a href=\"https:\/\/www.clementinatelier.com\/jarra-terra-azores\" target=\"_blank\" rel=\"noopener\">Jarra Terra Azores<\/a> daria um \u00f3timo centro de mesa para a sua sala de jantar. <\/p>\n<\/p>\n<h2><strong>Bisaro<\/strong><\/h2>\n<p class=\" block-img\"><img decoding=\"async\" src=\"https:\/\/www.imovirtual.com\/noticias\/wp-content\/uploads\/2022\/11\/e2c2ae30-6ac6-4ecb-950f-35938f710f5a_Cibo2.png\" alt=\"cibo\"><\/p>\n<p>Assume-se como uma marca de pe\u00e7as de cer\u00e2mica contempor\u00e2nea, &#8220;<strong>emocional, consciente e simples<\/strong>&#8220;. A <a href=\"https:\/\/www.bisarro.pt\/\" target=\"_blank\" rel=\"noopener\"><strong>Bisaro<\/strong><\/a> segue as tradi\u00e7\u00f5es da arte portuguesa, utilizando o <strong>m\u00e9todo da Soenga<\/strong>. &#8220;Um processo muito antigo de cozedura do barro num forno escavado no ch\u00e3o, que pode atingir temperaturas de 1000 graus cent\u00edgrados. As chamas altas s\u00e3o abafadas e \u00e9 o seu fumo que fixa nas pe\u00e7as a sua cor preta natural, por vezes com padr\u00f5es \u00fanicos&#8221;, explicam no seu website. Juntando a<strong> tradi\u00e7\u00e3o \u00e0 modernidade<\/strong>, surgem pe\u00e7as verdadeiramente singulares. Porque n\u00e3o investir na pe\u00e7a <a href=\"https:\/\/www.bisarro.pt\/shop\/cibo\" target=\"_blank\" rel=\"noopener\">Cibo<\/a> e impressionar nos jantares entre amigos? <\/p>\n<\/p>\n<h2><strong>O Farol<\/strong><\/h2>\n<p class=\" block-img\"><img decoding=\"async\" src=\"https:\/\/www.imovirtual.com\/noticias\/wp-content\/uploads\/2022\/11\/d7f18c81-3b6f-4b64-8842-e42445189095_FOTO-CAPA-SANTO-ANTONIO.jpg\" alt=\"pedro br\u00e1s\"><\/p>\n<p>Diretamente da <strong>cidade da cer\u00e2mica<\/strong>, as Caldas da Rainha, para o mundo, <a href=\"https:\/\/pbceramista.com\/\" target=\"_blank\" rel=\"noopener\"><strong>O Farol<\/strong><\/a> de Pedro Br\u00e1s oferece pe\u00e7as \u00fanicas, 100% portuguesas e feitas \u00e0 m\u00e3o. O ceramista explica o seu processo de cria\u00e7\u00e3o que primeiro passa por uma <strong>moldagem e acabamento<\/strong>, de seguida por uma <strong>cozedura e decora\u00e7\u00e3o<\/strong> e finalmente pela <strong>vidragem<\/strong>. Nas suas cole\u00e7\u00f5es oferece cria\u00e7\u00f5es utilit\u00e1rias e decorativas, com motivos que remetem para a natureza, como os flores, folhas, animais (destaque para as andorinhas), mas tamb\u00e9m figuras como o Santo Ant\u00f3nio e o Pres\u00e9pio. Porque n\u00e3o investir um conjunto de <a href=\"https:\/\/pbceramista.com\/categoria-produto\/casticais\/\" target=\"_blank\" rel=\"noopener\">casti\u00e7ais<\/a> para embelezar a c\u00f3moda do seu <a href=\"https:\/\/www.imovirtual.com\/noticias\/imobiliario\/6-formas-reaproveitar-quarto\" target=\"_blank\" rel=\"noopener\"><strong>quarto<\/strong><\/a>?<\/p>\n<\/p>\n<h2><strong>Anna Westerlund<\/strong><\/h2>\n<p class=\" block-img\"><img decoding=\"async\" src=\"https:\/\/www.imovirtual.com\/noticias\/wp-content\/uploads\/2022\/11\/647e8cd8-3fbd-4bcc-a2d7-a9dcd71bdc20_MMS_0892.jpg\" alt=\"dots sugar cup with ceramic spoon\"><\/p>\n<p>Quem visita o site de <a href=\"https:\/\/www.annawesterlund.com\/\" target=\"_blank\" rel=\"noopener\">Anna Westerlund<\/a> pode encontrar uma sele\u00e7\u00e3o de pe\u00e7as feitas \u00e0 m\u00e3o, tanto para a casa, como para usar no dia-a-dia. Exemplo desta \u00faltima s\u00e3o os brincos, que juntam v\u00e1rios tipos de materiais. Os amantes da <strong><a href=\"https:\/\/www.imovirtual.com\/noticias\/decoracao\/descubra-o-seu-estilo-de-decoracao-de-interiores\" target=\"_blank\" rel=\"noopener\">decora\u00e7\u00e3o de interiores<\/a><\/strong> v\u00e3o ficar rendidos com as crian\u00e7\u00f5es com motivos bohemios, delicadas e coloridas. Pode encontrar as cria\u00e7\u00f5es da artes\u00e3 na sua loja TOGHETHER, no Chiado e em algumas concept store. Mas se n\u00e3o conseguir resistir fa\u00e7a j\u00e1 uma visita \u00e0 loja online, onde pode encontra, por entre v\u00e1rias pe\u00e7as, o<a href=\"https:\/\/www.annawesterlund.com\/shop\/dancingblues-sugar-cup-2nwy7\" target=\"_blank\" rel=\"noopener\"> dots sugar cup with ceramic spoon<\/a>, um a\u00e7ucareiro muito doce que brilhar\u00e1 em qualquer <strong><a href=\"https:\/\/www.imovirtual.com\/noticias\/decoracao\/bancadas-madeira-cozinha-vantagens-desvantagens\" target=\"_blank\" rel=\"noopener\">bancada de cozinha<\/a><\/strong>.<\/p>\n<\/p>\n<h2><strong>Lagrima<\/strong><\/h2>\n<p class=\" block-img\"><img decoding=\"async\" src=\"https:\/\/www.imovirtual.com\/noticias\/wp-content\/uploads\/2022\/11\/d6d4a954-7e1e-4c72-84e4-41068b108aff_kleenex-pretoebeje.jpg\" alt=\"Tissue Box Cover\"><\/p>\n<p>O Estudio <a href=\"https:\/\/www.lagrimastudio.com\/\" target=\"_blank\" rel=\"noopener\"><strong>Lagrima<\/strong><\/a>, fundado em 2015 por Maria Joana. Duarte, situa-se na baixa do Porto e pode ser visitado mediante marca\u00e7\u00e3o atrav\u00e9s do site da artes\u00e3. As <strong>coloridas e apelativas cole\u00e7\u00f5es de ta\u00e7as, copos, jarras, t\u00e1buas <\/strong>e outras demais pe\u00e7as s\u00e3o todas produzidas manualmente pela artista. Al\u00e9m de ser poss\u00edvel vislumbrar as suas cria\u00e7\u00f5es no atelier, onde faz toda a produ\u00e7\u00e3o das mesmas,<strong> os originais Lagrima est\u00e3o \u00e0 venda em v\u00e1rias lojas espalhadas pelo pa\u00eds<\/strong>. Mas \u00e9 na loja online que se concentram as vendas e numa visita r\u00e1pida, percebemos que grande parte das cria\u00e7\u00f5es se encontram esgotadas, tal n\u00e3o \u00e9 o sucesso de Lagrima. N\u00f3s ficamos f\u00e3s da <a href=\"https:\/\/www.lagrimastudio.com\/store-2\/p\/xrz09ouktpysxsxxj1pgbz5ms5jv2x\" target=\"_blank\" rel=\"noopener\">Tissue Box Cover<\/a>, porque quem \u00e9 que gosta de ter uma caixa de len\u00e7os feia \u00e0 vista na <a href=\"https:\/\/www.imovirtual.com\/noticias\/decoracao\/dicas-para-decorar-a-casa-de-banho\" target=\"_blank\" rel=\"noopener\"><strong>casa de banho<\/strong><\/a>?<strong> <\/strong><\/p>\n<p class=\" block-img\"><img decoding=\"async\" src=\"https:\/\/www.imovirtual.com\/noticias\/wp-content\/uploads\/2022\/11\/af14b393-f5d1-4a75-8368-42f656903033_Copia-de-Banners-Autores-3.png\" alt=\"Maria Lu\u00edsa Autor Imovirtual\"><\/p>\n<h5><em>Maria Lu\u00edsa \u00e9 a decoradora. A paix\u00e3o pela decora\u00e7\u00e3o surgiu desde muito cedo, quando as paredes se tornaram folhas de desenho. Juntou o \u00fatil ao agrad\u00e1vel e fez da voca\u00e7\u00e3o o seu trabalho. Est\u00e1 a cargo dos temas sobre &#8216;Decora\u00e7\u00e3o&#8217; do Blog do Imovirtual.<\/em><\/h5>\n<\/p>\n<h4><strong>Mais sobre Decora\u00e7\u00e3o<\/strong><\/h4>\n<ul>\n<li><a href=\"https:\/\/www.imovirtual.com\/noticias\/decoracao\/bancadas-madeira-cozinha-vantagens-desvantagens\" target=\"_blank\" rel=\"noopener\"><strong>Bancadas de madeira na cozinha<\/strong><\/a>: vantagens e desvantagens<\/li>\n<li>Feng Shui e a import\u00e2ncia da&nbsp;<a href=\"https:\/\/www.imovirtual.com\/noticias\/decoracao\/feng-shui-importancia-cabeceira-cama\" target=\"_blank\" rel=\"noopener\"><strong>cabeceira da cama<\/strong><\/a><\/li>\n<li>4 solu\u00e7\u00f5es para&nbsp;<a href=\"https:\/\/www.imovirtual.com\/noticias\/decoracao\/pendurar-quadros-sem-furar-parede\" target=\"_blank\" rel=\"noopener\"><strong>pendurar quadros sem furar a parede<\/strong><\/a><\/li>\n<\/ul>\n<\/p>\n<div class=\"css-h5fkc8\"><strong>Ultima actualiza\u00e7\u00e3o:<\/strong> 20 setembro 2021<\/div>\n","protected":false},"excerpt":{"rendered":"<p>5 marcas de cer\u00e2mica portuguesa para embelezarem a sua casa N\u00e3o h\u00e1 como negar: a arte da cer\u00e2mica \u00e9 uma parte importante da cultura portuguesa, especialmente quando falamos no azulejo, cujos inconfund\u00edveis padr\u00f5es foram influenciados pela decora\u00e7\u00e3o ornamental mu\u00e7ulmana. \u00c9 poss\u00edvel encontra-los em casas, igrejas e estabelecimentos comerciais mas \u00e9 em pontos de interesse como &hellip;<\/p>\n","protected":false},"author":3,"featured_media":2659,"comment_status":"closed","ping_status":"open","sticky":false,"template":"","format":"standard","meta":{"footnotes":""},"categories":[3],"tags":[],"class_list":["post-2658","post","type-post","status-publish","format-standard","has-post-thumbnail","hentry","category-lifestyle"],"_links":{"self":[{"href":"https:\/\/www.imovirtual.com\/noticias\/wp-json\/wp\/v2\/posts\/2658","targetHints":{"allow":["GET"]}}],"collection":[{"href":"https:\/\/www.imovirtual.com\/noticias\/wp-json\/wp\/v2\/posts"}],"about":[{"href":"https:\/\/www.imovirtual.com\/noticias\/wp-json\/wp\/v2\/types\/post"}],"author":[{"embeddable":true,"href":"https:\/\/www.imovirtual.com\/noticias\/wp-json\/wp\/v2\/users\/3"}],"replies":[{"embeddable":true,"href":"https:\/\/www.imovirtual.com\/noticias\/wp-json\/wp\/v2\/comments?post=2658"}],"version-history":[{"count":0,"href":"https:\/\/www.imovirtual.com\/noticias\/wp-json\/wp\/v2\/posts\/2658\/revisions"}],"wp:featuredmedia":[{"embeddable":true,"href":"https:\/\/www.imovirtual.com\/noticias\/wp-json\/wp\/v2\/media\/2659"}],"wp:attachment":[{"href":"https:\/\/www.imovirtual.com\/noticias\/wp-json\/wp\/v2\/media?parent=2658"}],"wp:term":[{"taxonomy":"category","embeddable":true,"href":"https:\/\/www.imovirtual.com\/noticias\/wp-json\/wp\/v2\/categories?post=2658"},{"taxonomy":"post_tag","embeddable":true,"href":"https:\/\/www.imovirtual.com\/noticias\/wp-json\/wp\/v2\/tags?post=2658"}],"curies":[{"name":"wp","href":"https:\/\/api.w.org\/{rel}","templated":true}]}}