{"id":2581,"date":"2021-09-08T00:00:00","date_gmt":"2021-09-08T00:00:00","guid":{"rendered":"https:\/\/www.imovirtual.com\/noticias2\/2021\/09\/08\/pantone-cores-do-ano-em-casa\/"},"modified":"2024-08-28T10:19:13","modified_gmt":"2024-08-28T10:19:13","slug":"pantone-cores-do-ano-em-casa","status":"publish","type":"post","link":"https:\/\/www.imovirtual.com\/noticias\/lifestyle\/pantone-cores-do-ano-em-casa\/","title":{"rendered":"Pantone: 5 formas de incorporar as cores do ano na sua decora\u00e7\u00e3o"},"content":{"rendered":"<p class=\"css-8qfla4\">\n<p class=\"css-m5h6m0 edperro0\">\n<h1><strong>5 formas de incorporar as cores do ano na decora\u00e7\u00e3o da sua casa<\/strong><\/h1>\n<p>Desde 2000, que o <a href=\"https:\/\/www.pantone.com\/eu\/en\/\" target=\"_blank\" rel=\"noopener\">Pantone Color Institute<\/a> revela todos os meses de dezembro qual ser\u00e1 a<strong> cor do ano<\/strong>. Uma escolha que afeta tend\u00eancias de v\u00e1rias ind\u00fastrias como a moda, a cosm\u00e9tica e claro, a decora\u00e7\u00e3o. Em 2021 tivemos o privil\u00e9gio de contar, n\u00e3o com uma, mas com duas cores de destaque: <a href=\"https:\/\/www.pantone.com\/color-finder\/13-0647-TCX\" target=\"_blank\" rel=\"noopener\">Illuminating<\/a>, um amarelo vibrante, e <a href=\"https:\/\/www.pantone.com\/color-finder\/17-5104-TCX\" target=\"_blank\" rel=\"noopener\">Ultimate Gray<\/a>, um cinza neutro que contrasta com a vivacidade do primeiro tom. <\/p>\n<p>Na altura da revela\u00e7\u00e3o das eleitas<strong> <a href=\"https:\/\/www.dexigner.com\/news\/33425\" target=\"_blank\" rel=\"noopener\">Leatrice Eiseman<\/a><\/strong>,<strong> Diretora Executiva do Pantone Color Institute<\/strong>, disse que<em> &#8220;A sele\u00e7\u00e3o de duas cores independentes destaca como os diferentes elementos se unem para expressar uma mensagem de for\u00e7a e esperan\u00e7a, que \u00e9 duradoura e edificante, transmitindo a ideia de que n\u00e3o se trata de uma cor ou de uma pessoa, mas de mais do que uma&#8221;<\/em>. Estamos a pouco mais de tr\u00eas meses da revela\u00e7\u00e3o de qual ser\u00e1 a cor de 2022, mas <strong>nunca \u00e9 tarde de mais para fazer mudan\u00e7as e seguir tend\u00eancias<\/strong>. Ainda vai a tempo a de incorporar estes dois tons na sua decora\u00e7\u00e3o e o <a href=\"https:\/\/www.imovirtual.com\/\" target=\"_blank\" rel=\"noopener\"><strong>Imovirtual<\/strong><\/a> explica-lhe como:<\/p>\n<\/p>\n<h3><strong>Leia tamb\u00e9m: <\/strong>A <a href=\"https:\/\/www.imovirtual.com\/noticias\/decoracao\/cromoterapia-como-escolher-as-cores-para-a-sua-casa\" target=\"_blank\" rel=\"noopener\"><strong>cromoterapia<\/strong><\/a>: como escolher as cores para a sua casa<\/h3>\n<\/p>\n<h2><strong>Troque de sof\u00e1<\/strong><\/h2>\n<p>Talvez at\u00e9 precise de trocar o seu sof\u00e1 por um novo, mais confort\u00e1vel e esta seja a desculpa perfeita para apostar numa<strong> pe\u00e7a de <a href=\"https:\/\/www.imovirtual.com\/noticias\/decoracao\/mudou-de-casa-e-nao-sabe-o-que-fazer-a-mobilia-da-sua\" target=\"_blank\" rel=\"noopener\">mobili\u00e1rio<\/a> mais arrojada e fora da caixa<\/strong>. Se n\u00e3o estiver disposto a desfazer-se do seu atual sof\u00e1, pode sempre dar-lhe uma nova vida, mudando as capas para adicionar alguma cor \u00e0 sua divis\u00e3o. Claro que o resto da decora\u00e7\u00e3o teria de ser ajustada para ficar em sintonia com esta pe\u00e7a de destaque. Por isso, se n\u00e3o estiver disposto a esse trabalho, j\u00e1 referimos que h\u00e1 uma segunda cor do ano? Pois \u00e9, um sof\u00e1 no tom Pantone Ultimate Gray seria perfeito para os <strong>amantes de <a href=\"https:\/\/www.imovirtual.com\/noticias\/decoracao\/descubra-o-seu-estilo-de-decoracao-de-interiores\" target=\"_blank\" rel=\"noopener\">decora\u00e7\u00e3o<\/a> mais neutra e sofisticada<\/strong>.<\/p>\n<\/p>\n<h2><strong>Alegre a sua cozinha<\/strong><\/h2>\n<p>Alguma vez ouviu a frase<strong> &#8220;o segredo est\u00e1 nos detalhes?&#8221;<\/strong>. Pois \u00e9, n\u00e3o precisa de muito para dar um ar de sua gra\u00e7a \u00e0 sua cozinha &#8211; mas se quiser fazer <a href=\"https:\/\/www.imovirtual.com\/noticias\/imobiliario\/lei-obras-casa\" target=\"_blank\" rel=\"noopener\">obras<\/a> mais profundas, estamos sempre a favor de mudan\u00e7as. Pode dar uma nova cara ao espa\u00e7o adicionando as cores do ano da Pantone nos pequenos detalhes e lembre-se: <strong>n\u00e3o h\u00e1 que ter medo de arriscar no amarelo<\/strong>. Se os seus <a href=\"https:\/\/www.imovirtual.com\/noticias\/lifestyle\/eletrodomesticos-must-have\" target=\"_blank\" rel=\"noopener\">eletrodom\u00e9sticos<\/a> forem em tons cinza tanto melhor: embora possam n\u00e3o corresponder exatamente \u00e0 cor do ano, encaixaram perfeitamente nesta jun\u00e7\u00e3o. <strong>Estas s\u00e3o algumas sugest\u00f5es do que pode fazer para alegrar a sua cozinha<\/strong>:<\/p>\n<ul>\n<li>Pintar os <strong>vasos de <a href=\"https:\/\/www.imovirtual.com\/noticias\/lifestyle\/plantas-repelentes-de-insetos\" target=\"_blank\" rel=\"noopener\">plantas<\/a><\/strong>;<\/li>\n<li>Investir num <strong>corredor de mesa <\/strong>em tons amarelos;<\/li>\n<li>Mudar as <strong>ilustra\u00e7\u00f5es <\/strong>penduradas no frigor\u00edfico para as desenhos e frases nas cores do ano;<\/li>\n<li>Alterar os r\u00f3tulos da<strong> prateleira das especiarias<\/strong>;<\/li>\n<li>Dar largas \u00e0 imagina\u00e7\u00e3o, pintando as <strong>cadeiras<\/strong> de amarelo;<\/li>\n<li>Apostar num <strong>jogo de toalhas de m\u00e3os e panos de cozinha<\/strong> a condizer com o tom Illuminating;<\/li>\n<li>Substituir o seu antigo <strong>conjunto de <a href=\"https:\/\/www.imovirtual.com\/noticias\/lifestyle\/utensilios-para-ter-em-casa-e-ser-um-verdadeiro-chef\" target=\"_blank\" rel=\"noopener\">utens\u00edlios<\/a><\/strong> pretos por um em tons amarelos;<\/li>\n<li>Trocar as suas<strong> cer\u00e2micas <\/strong>por pe\u00e7as nas cores do ano.<\/li>\n<\/ul>\n<h3><strong>Inspira\u00e7\u00e3o:<\/strong> 9 sugest\u00f5es de <a href=\"https:\/\/www.imovirtual.com\/noticias\/decoracao\/cozinhas-inspiradoras\" target=\"_blank\" rel=\"noopener\"><strong>cozinhas<\/strong><\/a><\/h3>\n<\/p>\n<h2><strong>Crie uma parede de destaque<\/strong><\/h2>\n<p>Uma <strong>parede de destaque <\/strong>pode ser criada recorrendo a v\u00e1rios tipos de material: tinta, azulejos, cimento, papel de parede, quadros, s\u00e3o alguns deles. Todos estes exemplos permitem-lhe incorporar as cores do ano da Pantone, sendo uns mais f\u00e1ceis de conseguir que outros. <strong>Dependendo da divis\u00e3o em que pretenda criar a sua parede de destaque e a dimens\u00e3o do espa\u00e7o <\/strong>deve definir aquele que melhor se adapta \u00e0s suas necessidades &#8211; assim como a cor. Qual das duas ser\u00e1 a melhor para o <a href=\"https:\/\/www.imovirtual.com\/noticias\/decoracao\/hall-entrada-pequeno-dicas\" target=\"_blank\" rel=\"noopener\">hall de entrada<\/a>? E para a sala de estar?<\/p>\n<\/p>\n<h2><strong>Aposte em mantas, almofadas, tapetes e edredons<\/strong><\/h2>\n<p>Uma dica que pode ser aplicada tanto nos <a href=\"https:\/\/www.imovirtual.com\/noticias\/imobiliario\/quartos-estudantes-lisboa\" target=\"_blank\" rel=\"noopener\">quartos<\/a> como na sala de estar \u00e9 a da troca dos t\u00eaxteis. <strong>Basta trocar as capas das almofadas, edredons e investir em novas mantas para dar outra dimens\u00e3o ao espa\u00e7o<\/strong>. Se for adepto de carpetes e tapetes, considere colocar na sua sala de estar ou mesmo por baixo da sua cama para aumentar a sensa\u00e7\u00e3o de conforto. E lembre-se: o melhor ser\u00e1 misturar o tom amarelo com alguns detalhes cinzentos para assim melhor incorporar as <strong>cores do ano da Pantone<\/strong> na sua decora\u00e7\u00e3o. <\/p>\n<\/p>\n<h2><strong>Mude os cortinados<\/strong><\/h2>\n<p>Se est\u00e1 a ponderar em adquirir um sof\u00e1 amarelo para a sua sala, talvez seja demasiado comprar cortinas para fazer pandam. Mas se n\u00e3o estiver disposto a fazer tal investimento, esta \u00e9 uma mais uma das solu\u00e7\u00f5es para poder incorporar a <strong>cor do ano da Pantone Illuminating<\/strong> na sua decora\u00e7\u00e3o. Claro que pode sempre mudar as suas <a href=\"https:\/\/www.imovirtual.com\/noticias\/decoracao\/estores-cortinas-vantagens-desvantagens\" target=\"_blank\" rel=\"noopener\">cortinas<\/a> para um tom mais escuro, mas isso ir\u00e1 criar uma ideia errada do espa\u00e7o e bloquear a luz natural da sua habita\u00e7\u00e3o. Por isso, porque n\u00e3o comprar uns<strong> cortinados amarelas<\/strong> para alegrar o seu dia. <\/p>\n<\/p>\n<p class=\" block-img\"><img decoding=\"async\" src=\"https:\/\/www.imovirtual.com\/noticias\/wp-content\/uploads\/2022\/11\/af14b393-f5d1-4a75-8368-42f656903033_Copia-de-Banners-Autores-3.png\" alt=\"Maria Lu\u00edsa Autor Imovirtual\"><\/p>\n<h5><em>Maria Lu\u00edsa \u00e9 a decoradora. A paix\u00e3o pela decora\u00e7\u00e3o surgiu desde muito cedo, quando as paredes se tornaram folhas de desenho. Juntou o \u00fatil ao agrad\u00e1vel e fez da voca\u00e7\u00e3o o seu trabalho. Est\u00e1 a cargo dos temas sobre &#8216;Decora\u00e7\u00e3o&#8217; do Blog do Imovirtual.<\/em><\/h5>\n<\/p>\n<h4><strong>Leia tamb\u00e9m<\/strong><\/h4>\n<ul>\n<li>A versatilidade e os diferentes usos das <a href=\"https:\/\/www.imovirtual.com\/noticias\/decoracao\/usos-estantes\" target=\"_blank\" rel=\"noopener\"><strong>estantes<\/strong><\/a><\/li>\n<li>4 solu\u00e7\u00f5es para pendurar <a href=\"https:\/\/www.imovirtual.com\/noticias\/decoracao\/pendurar-quadros-sem-furar-parede\" target=\"_blank\" rel=\"noopener\"><strong>quadros sem furar a parede<\/strong><\/a><\/li>\n<li><strong><a href=\"https:\/\/www.imovirtual.com\/noticias\/decoracao\/feng-shui-importancia-cabeceira-cama\" target=\"_blank\" rel=\"noopener\">Feng Shui<\/a> <\/strong>e a import\u00e2ncia da cabeceira da cama<\/li>\n<\/ul>\n<\/p>\n<div class=\"css-h5fkc8\"><strong>Ultima actualiza\u00e7\u00e3o:<\/strong> 08 setembro 2021<\/div>\n","protected":false},"excerpt":{"rendered":"<p>5 formas de incorporar as cores do ano na decora\u00e7\u00e3o da sua casa Desde 2000, que o Pantone Color Institute revela todos os meses de dezembro qual ser\u00e1 a cor do ano. Uma escolha que afeta tend\u00eancias de v\u00e1rias ind\u00fastrias como a moda, a cosm\u00e9tica e claro, a decora\u00e7\u00e3o. Em 2021 tivemos o privil\u00e9gio de &hellip;<\/p>\n","protected":false},"author":3,"featured_media":2582,"comment_status":"closed","ping_status":"open","sticky":false,"template":"","format":"standard","meta":{"footnotes":""},"categories":[3],"tags":[],"class_list":["post-2581","post","type-post","status-publish","format-standard","has-post-thumbnail","hentry","category-lifestyle"],"_links":{"self":[{"href":"https:\/\/www.imovirtual.com\/noticias\/wp-json\/wp\/v2\/posts\/2581","targetHints":{"allow":["GET"]}}],"collection":[{"href":"https:\/\/www.imovirtual.com\/noticias\/wp-json\/wp\/v2\/posts"}],"about":[{"href":"https:\/\/www.imovirtual.com\/noticias\/wp-json\/wp\/v2\/types\/post"}],"author":[{"embeddable":true,"href":"https:\/\/www.imovirtual.com\/noticias\/wp-json\/wp\/v2\/users\/3"}],"replies":[{"embeddable":true,"href":"https:\/\/www.imovirtual.com\/noticias\/wp-json\/wp\/v2\/comments?post=2581"}],"version-history":[{"count":0,"href":"https:\/\/www.imovirtual.com\/noticias\/wp-json\/wp\/v2\/posts\/2581\/revisions"}],"wp:featuredmedia":[{"embeddable":true,"href":"https:\/\/www.imovirtual.com\/noticias\/wp-json\/wp\/v2\/media\/2582"}],"wp:attachment":[{"href":"https:\/\/www.imovirtual.com\/noticias\/wp-json\/wp\/v2\/media?parent=2581"}],"wp:term":[{"taxonomy":"category","embeddable":true,"href":"https:\/\/www.imovirtual.com\/noticias\/wp-json\/wp\/v2\/categories?post=2581"},{"taxonomy":"post_tag","embeddable":true,"href":"https:\/\/www.imovirtual.com\/noticias\/wp-json\/wp\/v2\/tags?post=2581"}],"curies":[{"name":"wp","href":"https:\/\/api.w.org\/{rel}","templated":true}]}}