{"id":2576,"date":"2021-08-29T00:00:00","date_gmt":"2021-08-29T00:00:00","guid":{"rendered":"https:\/\/www.imovirtual.com\/noticias2\/2021\/08\/29\/casas-povoa-do-varzim\/"},"modified":"2024-08-28T10:29:39","modified_gmt":"2024-08-28T10:29:39","slug":"casas-povoa-do-varzim","status":"publish","type":"post","link":"https:\/\/www.imovirtual.com\/noticias\/imobiliario\/casas-povoa-do-varzim\/","title":{"rendered":"Oportunidades de Im\u00f3veis em P\u00f3voa de Varzim"},"content":{"rendered":"<p class=\"css-8qfla4\">\n<p class=\"css-m5h6m0 edperro0\">\n<h1><strong>Casas na P\u00f3voa de Varzim<\/strong><\/h1>\n<p>Parte integrante da <a href=\"https:\/\/www.imovirtual.com\/noticias\/imobiliario\/casas-grande-porto\" target=\"_blank\" rel=\"noopener\"><strong>\u00c1rea Metropolitana do Porto<\/strong><\/a>, trata-se de uma cidade costeira, distribu\u00edda em sete freguesias &#8211; Agu\u00e7adoura e Navais, Aver-o-Mar, Amorim e Terroso, Balazar, Estela, La\u00fandos, P\u00f3voa de Varzim, Beiriz e Argivai, S\u00e3o Pedro de Rates &#8211; com tradi\u00e7\u00f5es piscat\u00f3rias, situada a apenas 25 minutos da Invicta. Muito requisitada para banhos, a <strong>P\u00f3voa de Varzim possu\u00ed cerca de 12 km de praias de areais dourado<\/strong>s e \u00e1guas ricas em iodo que fazem as del\u00edcias dos banhistas. Redonda, Salgueira e Lagoa s\u00e3o alguns exemplos de praias para quem pretenda ir a banhos com a fam\u00edlia, enquanto Salgueira e Agu\u00e7adoura s\u00e3o mais procuradas por quem pratica surf. Al\u00e9m da sua liga\u00e7\u00e3o com disso, \u00e9 a terra do conhecido <a href=\"https:\/\/casino-povoa.com\/\" target=\"_blank\" rel=\"noopener\"><strong>Casino da P\u00f3voa<\/strong><\/a> e de iguarias gastronomicas como a Pescada \u00e0 povoeira, o arroz de sardinha, a caldeirada de peixe e a lagosta suada.<\/p>\n<p>A cidade<strong> oferece todas as infra-estruturas culturais e de sa\u00fade, com\u00e9rcio, servi\u00e7os e escolas, para que os seus habitantes possam viver em plen<\/strong>o. A n\u00edvel de transportes, a P\u00f3voa de Varzim conta com liga\u00e7\u00e3o \u00e0 cidade do Porto e ao <a href=\"https:\/\/www.aeroportoporto.pt\/en\/opo\/home\" target=\"_blank\" rel=\"noopener\">Aeroporto Francisco S\u00e1 Carneiro<\/a>, atrav\u00e9s da linha B do metro, bem como de uma rede de transportes urbanos gerida pela <a href=\"https:\/\/www.litoralnorte.pt\/horarios\" target=\"_blank\" rel=\"noopener\"><strong>Litoral Norte<\/strong><\/a>. No que toca a estradas, a P\u00f3voa de Varzim \u00e9 servida pelas autoestradas A28, A7 e A11 e pelas estradas nacionais EN13, EN205 e EN206.<\/p>\n<p><strong>No que toca a im\u00f3veis, a oferta tamb\u00e9m \u00e9 extensa<\/strong>. Se est\u00e1 \u00e0 procura de casa na P\u00f3voa de Varzim, fique a conhecer alguns dos an\u00fancios dispon\u00edveis no&nbsp;<a href=\"https:\/\/www.imovirtual.com\/\" target=\"_blank\" rel=\"noopener\">Imovirtual<\/a>.<\/p>\n<\/p>\n<h2>Para comprar<\/h2>\n<\/p>\n<h2><strong>Apartamentos<\/strong><\/h2>\n<h3>Encontre aqui todos os&nbsp;<a href=\"https:\/\/www.imovirtual.com\/comprar\/apartamento\/povoa-de-varzim\/?search%5Bregion_id%5D=13&amp;search%5Bsubregion_id%5D=191\" target=\"_blank\" rel=\"noopener\">Apartamentos para Comprar na P\u00f3voa de Varzim<\/a><\/h3>\n<\/p>\n<h3><strong>Apartamento T1<\/strong><\/h3>\n<p>119 900 \u20ac<\/p>\n<p class=\" block-img\"><img decoding=\"async\" src=\"https:\/\/www.imovirtual.com\/noticias\/wp-content\/uploads\/2022\/11\/08b83ff8-47d4-4eff-befa-1c5404ef5ed3_apt.-t1-para-comprar.png\" alt=\"apartamento t1 para comprar em p\u00f3voa de varzim\"><\/p>\n<p><a href=\"https:\/\/www.imovirtual.com\/pt\/anuncio\/apartamento-t1-venda-em-povoa-de-varzim-beiriz-e-argivai-povoa-de-var-ID16vtY.html#25f0b3fffe\" target=\"_blank\" rel=\"noopener\"><strong>Apartamento T1<\/strong><\/a> em pleno centro da P\u00f3voa de Varzim, totalmente remodelado, mobilado e equipado. A poucos metros da Praia, do Mercado Municipal, da esta\u00e7\u00e3o de Metro da P\u00f3voa e de todos os servi\u00e7os que necessita para usufruir do seu dia-a-dia com comodidade. Encontra-se ainda junto a transportes p\u00fablicos, farm\u00e1cias, com\u00e9rcio local, Pingo Doce, restaurantes e caf\u00e9s e pr\u00f3ximo do Centro Hospitalar da P\u00f3voa de Varzim e diversos outros servi\u00e7os do dia-a-dia. O apartamento \u00e9 constitu\u00eddo por: openspace com cozinha moderna equipada; espa\u00e7o sala mobilado e com varanda; quarto mobilado; casa de Banho com cabine de chuveiro. O apartamento foi pensado no pormenor pelo que os arrumos s\u00e3o imensos.<\/p>\n<\/p>\n<h3><strong>Apartamento T2<\/strong><\/h3>\n<p>115 000 \u20ac<\/p>\n<p class=\" block-img\"><img decoding=\"async\" src=\"https:\/\/www.imovirtual.com\/noticias\/wp-content\/uploads\/2022\/11\/4a1df661-7bfa-4178-9a4d-066d61983da0_apt.-t2-para-comprar.png\" alt=\"apartamento t2 para comprar em p\u00f3voa de varzim\"><\/p>\n<p><a href=\"https:\/\/www.imovirtual.com\/pt\/anuncio\/apartamento-t2-para-venda-com-terraco-e-garagem-fechada-para-2-carro-ID16JMS.html#13a24dcf9b\" target=\"_blank\" rel=\"noopener\"><strong>Apartamento T2<\/strong><\/a>&nbsp;em bom estado de conserva\u00e7\u00e3o. Localizado na zona residencial,&nbsp; pr\u00f3ximo da esta\u00e7\u00e3o de Metro Portas Fronhas , escolas, transportes e servi\u00e7os diversos. O im\u00f3vel disp\u00f5e de sala com terra\u00e7o orientado a sul; cozinha equipada com fog\u00e3o, forno, exaustor e esquentador; quartos generosos, com roupeiros embutidos; lavandaria; garagem para dois carros.<\/p>\n<\/p>\n<h3><strong>Apartamento T3<\/strong><\/h3>\n<p>132 500 \u20ac<\/p>\n<p class=\" block-img\"><img decoding=\"async\" src=\"https:\/\/www.imovirtual.com\/noticias\/wp-content\/uploads\/2022\/11\/b83dfe50-b600-4ad8-9204-3bf7dfa2e3da_apt.-t23-para-comprar.png\" alt=\"apartamento t3 para comprar em p\u00f3voa de varzim\"><\/p>\n<p><a href=\"https:\/\/www.imovirtual.com\/pt\/anuncio\/apartamento-t3-em-povoa-de-varzim-junto-a-praia-para-venda-ID16bNF.html#25f0b3fffe\" target=\"_blank\" rel=\"noopener\"><strong>Apartamento T3<\/strong><\/a>, para venda, localizado em zona residencial calma e pr\u00f3xima da praia. Disp\u00f5e de tr\u00eas quartos com roupeiros embutidos, duas casas de banho, cozinha mobilada e uma varanda.<\/p>\n<\/p>\n<h3><strong>Apartamento T4<\/strong><\/h3>\n<p>650 000 \u20ac<\/p>\n<p class=\" block-img\"><img decoding=\"async\" src=\"https:\/\/www.imovirtual.com\/noticias\/wp-content\/uploads\/2022\/11\/7ec8b6f8-bccb-4270-83db-0dcfeecb69ed_apt.-t4-para-comprar.png\" alt=\"apartamento t4 para comprar em p\u00f3voa de varzim\"><\/p>\n<p><a href=\"https:\/\/www.imovirtual.com\/pt\/anuncio\/apartamento-t4-com-vistas-mar-em-povoa-de-varzim-ID16omV.html#25f0b3fffe\" target=\"_blank\" rel=\"noopener\"><strong>Apartamento T4<\/strong><\/a> com vistas Mar em P\u00f3voa de Varzim, Porto. Fica na rua dos pescadores em Aver-o-Mar-P\u00f3voa de Varzim, muito perto da autoestrada A28. O im\u00f3vel apresenta as seguintes caracter\u00edsticas: tr\u00eas varandas, sendo duas viradas a poente com vistas diretas para o mar; pr\u00e9 instala\u00e7\u00e3o de ar condicionado; sistema dom\u00f3tica em toda a casa; elevador; suite; tr\u00eas casas de banho; estores el\u00e9tricos; cortinados el\u00e9tricos; banheira de hidromassagem; v\u00eddeo porteiro; sistema de luzes el\u00e9trico; cozinha equipada com eletrodom\u00e9sticos da marca siemens.<\/p>\n<\/p>\n<h2><strong>Moradias<\/strong><\/h2>\n<h3>Encontre aqui todas as&nbsp;<a href=\"https:\/\/www.imovirtual.com\/comprar\/moradia\/povoa-de-varzim\/?search%5Bregion_id%5D=13&amp;search%5Bsubregion_id%5D=191\" target=\"_blank\" rel=\"noopener\">Moradias para Comprar na P\u00f3voa de Varzim<\/a><\/h3>\n<\/p>\n<h3><strong>Moradia T3<\/strong><\/h3>\n<p>263 000 \u20ac<\/p>\n<p class=\" block-img\"><img decoding=\"async\" src=\"https:\/\/www.imovirtual.com\/noticias\/wp-content\/uploads\/2022\/11\/b71c2eed-75fb-4bf3-abe5-7df5eaf4cdd4_moradia-t3-para-comprar.png\" alt=\"moradia t3 para comprar na p\u00f3voa de varzim\"><\/p>\n<p><a href=\"https:\/\/www.imovirtual.com\/pt\/anuncio\/otima-moradia-t3-no-centro-da-cidade-povoa-de-varzim-ID15vaO.html#e0712700cc\" target=\"_blank\" rel=\"noopener\"><strong>Moradia T3<\/strong><\/a> no centro da cidade situada em zona habitacional em pleno centro da cidade, na P\u00f3voa de Varzim. Com 3 pisos, sendo o R\/C uma garagem para 3 carros e WC de servi\u00e7o. 1\u00ba andar composto por sala, WC de servi\u00e7o e cozinha equipada com liga\u00e7\u00e3o a um terra\u00e7o com churrasqueira. o 2\u00ba andar \u00e9 composto por 3 quartos com sendo um deles suite e um WC completo. Aquecimento central e roupeiros embutidos.<\/p>\n<h3><strong>Moradia T4+1<\/strong><\/h3>\n<p>399 000 \u20ac<\/p>\n<p class=\" block-img\"><img decoding=\"async\" src=\"https:\/\/www.imovirtual.com\/noticias\/wp-content\/uploads\/2022\/11\/2471bbb2-ff03-4306-8436-409994268412_moradia-t4-para-comprar.png\" alt=\"moradia t4+1 para comprar na p\u00f3voa de varzim\"><\/p>\n<p><a href=\"https:\/\/www.imovirtual.com\/pt\/anuncio\/moradia-t4-1-de-luxo-na-povoa-de-varzim-amorim-ID16mNb.html#80ff8a468b\" target=\"_blank\" rel=\"noopener\"><strong>Moradia T4 + 1<\/strong><\/a>, com acabamentos de Luxo, localizada na P\u00f3voa de Varzim (Amorim). Composta por madeira de carvalho em toda a casa, cozinha em termo-laminado, aspira\u00e7\u00e3o central, aquecimento central com caldeira a g\u00e1s, lavandaria e garagem com 31m2 para 2 carros. No RC disp\u00f5e de sala, cozinha, lavanderia, despensa, 1 quarto e casa de banho. Ao n\u00edvel do primeiro andar oferece master suite com closet com 30m2 e varanda, 2 quartos com 15m2, ambos com varandas, casa de banho e um pequeno quarto com 7m2 que pode funcionar como escrit\u00f3rio. No exterior est\u00e1 uma garagem e jardim com 150m2. A moradia tem uma excelente exposi\u00e7\u00e3o solar de Nascente\/Poente\/Sul.<\/p>\n<\/p>\n<h3><strong>Moradia T5<\/strong><\/h3>\n<p>1 500 000 \u20ac<\/p>\n<p class=\" block-img\"><img decoding=\"async\" src=\"https:\/\/www.imovirtual.com\/noticias\/wp-content\/uploads\/2022\/11\/b39d8e63-c168-4121-9515-c09747dd60e3_moradia-t5-para-comprar.png\" alt=\"moradia t5 para comprar na p\u00f3voa de varzim\"><\/p>\n<p><strong><a href=\"https:\/\/www.imovirtual.com\/pt\/anuncio\/venda-de-moradia-de-luxo-com-piscina-e-campo-de-jogos-povoa-de-varzi-ID10v0m.html#ea060ae4ae\" target=\"_blank\" rel=\"noopener\">Moradia T5<\/a>&nbsp;<\/strong>de&nbsp;luxo, com&nbsp;jardim,&nbsp;piscina,&nbsp;campo de jogos e&nbsp;sal\u00e3o de festas, na&nbsp;P\u00f3voa de Varzim. Im\u00f3vel, para&nbsp;venda, com \u00e1reas interiores e exteriores muito amplas, muita luminosidade e bons acabamentos. A apenas 20 minutos da cidade do&nbsp;Porto.<\/p>\n<\/p>\n<h2>Para arrendar<\/h2>\n<\/p>\n<h2><strong>Apartamentos<\/strong><\/h2>\n<h3>Encontre aqui todos os&nbsp;<a href=\"https:\/\/www.imovirtual.com\/arrendar\/apartamento\/povoa-de-varzim\/?search%5Bregion_id%5D=13&amp;search%5Bsubregion_id%5D=191\" target=\"_blank\" rel=\"noopener\">Apartamentos para Arrendar na P\u00f3voa de Varzim<\/a><\/h3>\n<\/p>\n<h3><strong>Apartamento T1+1<\/strong><\/h3>\n<p>650 \u20ac<\/p>\n<p class=\" block-img\"><img decoding=\"async\" src=\"https:\/\/www.imovirtual.com\/noticias\/wp-content\/uploads\/2022\/11\/3ee1765e-b763-4031-8ecb-927efbb8cee6_apartamento-t1-para-arrendar.png\" alt=\"apartamento t1+1 para arrendar na p\u00f3voa de varzim\"><\/p>\n<p><a href=\"https:\/\/www.imovirtual.com\/pt\/anuncio\/arrendo-apartamento-t1-1-novo-povoa-varzim-centro-metro-ID11ky3.html#1aebd31065\" target=\"_blank\" rel=\"noopener\"><strong>Apartamento T1+1<\/strong> <\/a>novo em zona central da Cidade da P\u00f3voa de Varzim, na Avenida Mouzinho, pr\u00f3ximo \u00e1 praia. Situa-se em pr\u00e9dio com elevador e disp\u00f5e de cozinha equipada, tetos falsos com focos, estores el\u00e9ctricos e soalho.<\/p>\n<\/p>\n<h3><strong>Apartamento T2<\/strong><\/h3>\n<p>700 \u20ac<\/p>\n<p class=\" block-img\"><img decoding=\"async\" src=\"https:\/\/www.imovirtual.com\/noticias\/wp-content\/uploads\/2022\/11\/c6824bc6-67d3-4b0d-952b-68c1531c2838_apartamento-t2-para-arrendar.png\" alt=\"apartamento t2 para arrendar\"><\/p>\n<p><a href=\"https:\/\/www.imovirtual.com\/pt\/anuncio\/apartamento-t2-centro-proximo-do-metro-povoa-de-varzim-ID16KSl.html#35c95dc90d\" target=\"_blank\" rel=\"noopener\"><strong>Apartamento T2 <\/strong><\/a>novo para arrendamento na P\u00f3voa de Varzim, mesmo no centro da cidade, onde pode usufruir de todos os servi\u00e7os e com\u00e9rcio, assim como pr\u00f3ximo do metro e de f\u00e1cil acesso \u00e0s principais vias de comunica\u00e7\u00e3o A28\/A7 e N13. Este im\u00f3vel oferece exposi\u00e7\u00e3o solar nascente\/poente; sala e cozinha em&nbsp;<em>open space&nbsp;<\/em>com acesso a um terra\u00e7o; cozinha mobilada e equipada com forno, placa de indu\u00e7\u00e3o, exaustor, micro-ondas, m\u00e1quina de lavar lou\u00e7a e m\u00e1quina de lavar roupa; WC completo com base de duche; 2 quartos com roupeiros e acesso a varanda.<\/p>\n<\/p>\n<h3><strong>Apartamento T3<\/strong><\/h3>\n<p>1 350 \u20ac<\/p>\n<p class=\" block-img\"><img decoding=\"async\" src=\"https:\/\/www.imovirtual.com\/noticias\/wp-content\/uploads\/2022\/11\/649b2e80-2c3b-472d-bc8a-b01ccbf716d2_apartamento-t3-para-arrendar.png\" alt=\"apartamento t3 para arrendar na p\u00f3voa de varzim\"><\/p>\n<p><a href=\"https:\/\/www.imovirtual.com\/pt\/anuncio\/apartamento-t3-povoa-de-varzim-frente-mar-ID16K3S.html#35c95dc90d\" target=\"_blank\" rel=\"noopener\"><strong>Apartamento T3<\/strong><\/a> P\u00f3voa de Varzim Frente Mar, \u00faltimo piso, sendo uma cobertura com vistas maravilhosas do mar e da cidade. Em plena Avenida dos Banhos, onde pode desfrutar de um \u00daNICO&nbsp; p\u00f4r-do-sol, com vistas de cortar a respira\u00e7\u00e3o. Este apartamento, de orienta\u00e7\u00e3o nascente\/poente, com 139 m2, disp\u00f5e de: grande varanda frente mar; sala e cozinha com vistas mar; cozinha equipada: forno, placa, exaustor, microondas, combinado, m\u00e1quina de lou\u00e7a; lavandaria com m\u00e1quina de lavar roupa e m\u00e1quina de secar roupa; estores el\u00e9tricos; ar condicionado; tetos falsos com focos; 4 Roupeiros embutidos; suite com duas pias e banheira e chuveiro independentes; 2 WC\u2019s completos<\/p>\n<\/p>\n<h3><strong>Apartamento T4<\/strong><\/h3>\n<p>1 500 \u20ac<\/p>\n<p class=\" block-img\"><img decoding=\"async\" src=\"https:\/\/www.imovirtual.com\/noticias\/wp-content\/uploads\/2022\/11\/e6f8d37a-25c3-43da-8137-11c88721245d_apartamento-t4-para-arrendar.png\" alt=\"apartamento t4 para arrendar na p\u00f3voa de varzim\"><\/p>\n<p><a href=\"https:\/\/www.imovirtual.com\/pt\/anuncio\/apartamento-t4-no-centro-da-povoa-do-varzim-para-arrendamento-ID16B3Q.html#35c95dc90d\" target=\"_blank\" rel=\"noopener\"><strong>Apartamento T4<\/strong><\/a> para arrendar, num segundo andar em pr\u00e9dio de 2011. Localizado pr\u00f3ximo ao hospital da luz, com garagem fechada para dois carros. Encontra-se totalmente mobilado e equipado, pr\u00f3ximo da praia e insere-se num dos edif\u00edcios mais conceituados da cidade. Disp\u00f5e de quatro quartos com roupeiros embutidos, (sendo um suite), tr\u00eas casas de banho, sala com lareira, televis\u00e3o e sistema de som, cozinha mobilada e equipada e zona de lavandaria com m\u00e1quina de lavar roupa e tanque. Possui comodidades tais como aquecimento central, aspira\u00e7\u00e3o central e sistema de filtragem de \u00e1gua da rede dom\u00e9stica, recuperador de calor, vidros duplos, estores el\u00e9tricos e alarme. Pode ainda usufruir de uma enorme varanda virada a sul e que termina numa zona mais ampla com cadeiras de descanso.<\/p>\n<p class=\" block-img\"><img decoding=\"async\" src=\"https:\/\/www.imovirtual.com\/noticias\/wp-content\/uploads\/2022\/11\/3c23b667-0a08-4ca1-abcb-74566be5c538_Copia-de-Banners-Autores-2.png\" alt=\"Alexandre Lu\u00eds Autor Imovirtual\"><\/p>\n<h5><em>Tamb\u00e9m conhecido como &#8216;O Consultor&#8217;. Pode encontr\u00e1-lo a consultar o \u00faltimo estudo de mercado. N\u00e3o tem talento para vender, mas sabe tudo sobre Imobili\u00e1rio. Fala sobre quest\u00f5es relacionadas com o tema no Blog do Imovirtual.<\/em><\/h5>\n<\/p>\n<h4><strong>Veja tamb\u00e9m<\/strong><\/h4>\n<ul>\n<li><a href=\"https:\/\/www.imovirtual.com\/noticias\/imobiliario\/lei-obras-casa\" target=\"_blank\" rel=\"noopener\"><strong>Obras em casa<\/strong><\/a>: o que diz a lei<\/li>\n<li>Como escolher a&nbsp;<a href=\"https:\/\/www.imovirtual.com\/noticias\/imobiliario\/dicas-para-escolher-zona-onde-viver\" target=\"_blank\" rel=\"noopener\"><strong>zona certa para viver<\/strong><\/a><\/li>\n<li><a href=\"https:\/\/www.imovirtual.com\/noticias\/imobiliario\/casas-com-piscina-para-alugar-no-porto\" target=\"_blank\" rel=\"noopener\"><strong>Casas com piscina<\/strong><\/a>&nbsp;para arrendar no Porto<\/li>\n<\/ul>\n<\/p>\n<div class=\"css-h5fkc8\"><strong>Ultima actualiza\u00e7\u00e3o:<\/strong> 24 setembro 2021<\/div>\n","protected":false},"excerpt":{"rendered":"<p>Casas na P\u00f3voa de Varzim Parte integrante da \u00c1rea Metropolitana do Porto, trata-se de uma cidade costeira, distribu\u00edda em sete freguesias &#8211; Agu\u00e7adoura e Navais, Aver-o-Mar, Amorim e Terroso, Balazar, Estela, La\u00fandos, P\u00f3voa de Varzim, Beiriz e Argivai, S\u00e3o Pedro de Rates &#8211; com tradi\u00e7\u00f5es piscat\u00f3rias, situada a apenas 25 minutos da Invicta. Muito requisitada &hellip;<\/p>\n","protected":false},"author":3,"featured_media":2577,"comment_status":"closed","ping_status":"open","sticky":false,"template":"","format":"standard","meta":{"footnotes":""},"categories":[37,5],"tags":[],"class_list":["post-2576","post","type-post","status-publish","format-standard","has-post-thumbnail","hentry","category-financas-e-imobiliario","category-imobiliario"],"_links":{"self":[{"href":"https:\/\/www.imovirtual.com\/noticias\/wp-json\/wp\/v2\/posts\/2576","targetHints":{"allow":["GET"]}}],"collection":[{"href":"https:\/\/www.imovirtual.com\/noticias\/wp-json\/wp\/v2\/posts"}],"about":[{"href":"https:\/\/www.imovirtual.com\/noticias\/wp-json\/wp\/v2\/types\/post"}],"author":[{"embeddable":true,"href":"https:\/\/www.imovirtual.com\/noticias\/wp-json\/wp\/v2\/users\/3"}],"replies":[{"embeddable":true,"href":"https:\/\/www.imovirtual.com\/noticias\/wp-json\/wp\/v2\/comments?post=2576"}],"version-history":[{"count":0,"href":"https:\/\/www.imovirtual.com\/noticias\/wp-json\/wp\/v2\/posts\/2576\/revisions"}],"wp:featuredmedia":[{"embeddable":true,"href":"https:\/\/www.imovirtual.com\/noticias\/wp-json\/wp\/v2\/media\/2577"}],"wp:attachment":[{"href":"https:\/\/www.imovirtual.com\/noticias\/wp-json\/wp\/v2\/media?parent=2576"}],"wp:term":[{"taxonomy":"category","embeddable":true,"href":"https:\/\/www.imovirtual.com\/noticias\/wp-json\/wp\/v2\/categories?post=2576"},{"taxonomy":"post_tag","embeddable":true,"href":"https:\/\/www.imovirtual.com\/noticias\/wp-json\/wp\/v2\/tags?post=2576"}],"curies":[{"name":"wp","href":"https:\/\/api.w.org\/{rel}","templated":true}]}}