{"id":2555,"date":"2021-10-06T00:00:00","date_gmt":"2021-10-06T00:00:00","guid":{"rendered":"https:\/\/www.imovirtual.com\/noticias2\/2021\/10\/06\/imosintese-noticias-0410\/"},"modified":"2021-10-06T00:00:00","modified_gmt":"2021-10-06T00:00:00","slug":"imosintese-noticias-0410","status":"publish","type":"post","link":"https:\/\/www.imovirtual.com\/noticias\/novidades\/imosintese-noticias-0410\/","title":{"rendered":"IMOS\u00cdNTESE &#8211; NOT\u00cdCIAS 04\/10"},"content":{"rendered":"<p class=\"css-8qfla4\">\n<p class=\"css-m5h6m0 edperro0\">\n<h2><strong>Em parceria com o Di\u00e1rio Imobili\u00e1rio, o Imovirtual apresenta diariamente um resumo notici\u00e1rio dos acontecimentos mais relevantes do dia. Fique a par das \u00faltimas novidades do Mercado Imobili\u00e1rio:<\/strong><\/h2>\n<\/p>\n<h1><strong>Num investimento de 13 milh\u00f5es de euros a Asprela recebe a STUDYOU Porto<\/strong><\/h1>\n<p>Num investimento de 13 milh\u00f5es de euros nasceu na Asprela, no Porto, o STUDYOU Porto Asprela que apresenta 5.400 metros quadrados e \u00e9 o mais recente alojamento para estudantes no Porto, tendo aberto as portas com 220 suites.<\/p>\n<h3><strong>Saiba mais <a href=\"https:\/\/www.diarioimobiliario.pt\/Actualidade\/Num-investimento-de-13-milhoes-de-euros-a-Asprela-recebe-a-STUDYOU-Porto\" target=\"_blank\" rel=\"noopener\">aqui<\/a><\/strong><\/h3>\n<\/p>\n<h1><strong>Multifamily capta 23% do investimento e torna-se segundo maior segmento imobili\u00e1rio na Europa<\/strong><\/h1>\n<p>No final do primeiro semestre de 2021, o segmento Multifamily conseguiu captar um volume de investimento de 24,1 mil milh\u00f5es de euros, representando 23% do total de investimentos imobili\u00e1rios realizados em 12 pa\u00edses europeus&nbsp;analisados pela Savills. Nos \u00faltimos cinco anos, o Multifamily conseguiu captar uma m\u00e9dia de 16% do volume total.<\/p>\n<h3><strong>Saiba mais <a href=\"https:\/\/www.diarioimobiliario.pt\/Actualidade\/Internacional\/Multifamily-capta-23-do-investimento-e-torna-se-segundo-maior-segmento-imobiliario-na-Europa\" target=\"_blank\" rel=\"noopener\">aqui<\/a><\/strong><\/h3>\n<\/p>\n<h1><strong>Portugal Real Estate Summit: Mais de 80% dos investidores querem estar activos na compra de imobili\u00e1rio em 2022<\/strong><\/h1>\n<p>Num momento em que se entra na fase final de desconfinamento pand\u00e9mico, a ind\u00fastria de investimento imobili\u00e1rio mostra-se especialmente optimista e planeia intervir activamente no mercado no pr\u00f3ximo ano, concluiu-se na V edi\u00e7\u00e3o do Portugal Real Estate Summit, que durante dois dias reuniu a comunidade de investimento imobili\u00e1rio presente ou com interesse no mercado ib\u00e9rico.<\/p>\n<h3><strong>Saiba mais <a href=\"https:\/\/www.diarioimobiliario.pt\/Actualidade\/Portugal-Real-Estate-Summit-Mais-de-80-dos-investidores-querem-estar-activos-na-compra-de-imobiliario-em-2022\" target=\"_blank\" rel=\"noopener\">aqui<\/a><\/strong><\/h3>\n<\/p>\n<h1><strong>Imovirtual \u00e9 o portal oficial do SIL \u2013 Sal\u00e3o Imobili\u00e1rio de Portugal<\/strong><\/h1>\n<p>O Sal\u00e3o Imobili\u00e1rio de Portugal \u2013 o maior evento do sector realizado a n\u00edvel nacional &#8211; regressa em formato h\u00edbrido de 7 a 10 de Outubro, contanto com o Imovirtual como portal oficial do evento.<\/p>\n<h3><strong>Saiba mais <a href=\"https:\/\/www.diarioimobiliario.pt\/Actualidade\/Imovirtual-e-o-portal-oficial-do-SIL-Salao-Imobiliario-de-Portugal\" target=\"_blank\" rel=\"noopener\">aqui<\/a><\/strong><\/h3>\n<\/p>\n<h1><strong>Fugir para o interior<\/strong><\/h1>\n<p><strong>[Artigo de Opini\u00e3o &#8211; Francisco Mota Ferreira] &#8211; <\/strong>Em Portugal, qualquer Governo que se preze tem sempre o discurso de povoar o interior, de dar mais condi\u00e7\u00f5es ao interior, de lutar contra a desertifica\u00e7\u00e3o de Portugal.<\/p>\n<h3><strong>Saiba mais <a href=\"https:\/\/www.diarioimobiliario.pt\/Opiniao\/Fugir-para-o-interior\" target=\"_blank\" rel=\"noopener\">aqui<\/a><\/strong><\/h3>\n<\/p>\n<h3><strong>Leia as anteriores Imos\u00edntese:<\/strong><\/h3>\n<p>\ud83d\udc49<a href=\"https:\/\/www.imovirtual.com\/noticias\/noticias\/imosintese-noticias-0110\" target=\"_blank\" rel=\"noopener\"><strong>IMOS\u00cdNTESE &#8211; NOT\u00cdCIAS 01\/10<\/strong><\/a><\/p>\n<p>\ud83d\udc49<a href=\"https:\/\/www.imovirtual.com\/noticias\/noticias\/imosintese-noticias-3009\" target=\"_blank\" rel=\"noopener\"><strong>IMOS\u00cdNTESE &#8211; NOT\u00cdCIAS 30\/09<\/strong><\/a><\/p>\n<p>\ud83d\udc49<a href=\"https:\/\/www.imovirtual.com\/noticias\/noticias\/imosintese-noticias-2909\" target=\"_blank\" rel=\"noopener\"><strong>IMOS\u00cdNTESE &#8211; NOT\u00cdCIAS 29\/09<\/strong><\/a><\/p>\n<\/p>\n<div class=\"css-h5fkc8\"><strong>Ultima actualiza\u00e7\u00e3o:<\/strong> 07 outubro 2021<\/div>\n","protected":false},"excerpt":{"rendered":"<p>Em parceria com o Di\u00e1rio Imobili\u00e1rio, o Imovirtual apresenta diariamente um resumo notici\u00e1rio dos acontecimentos mais relevantes do dia. Fique a par das \u00faltimas novidades do Mercado Imobili\u00e1rio: Num investimento de 13 milh\u00f5es de euros a Asprela recebe a STUDYOU Porto Num investimento de 13 milh\u00f5es de euros nasceu na Asprela, no Porto, o STUDYOU &hellip;<\/p>\n","protected":false},"author":3,"featured_media":100,"comment_status":"closed","ping_status":"open","sticky":false,"template":"","format":"standard","meta":{"footnotes":""},"categories":[4],"tags":[],"class_list":["post-2555","post","type-post","status-publish","format-standard","has-post-thumbnail","hentry","category-novidades"],"_links":{"self":[{"href":"https:\/\/www.imovirtual.com\/noticias\/wp-json\/wp\/v2\/posts\/2555","targetHints":{"allow":["GET"]}}],"collection":[{"href":"https:\/\/www.imovirtual.com\/noticias\/wp-json\/wp\/v2\/posts"}],"about":[{"href":"https:\/\/www.imovirtual.com\/noticias\/wp-json\/wp\/v2\/types\/post"}],"author":[{"embeddable":true,"href":"https:\/\/www.imovirtual.com\/noticias\/wp-json\/wp\/v2\/users\/3"}],"replies":[{"embeddable":true,"href":"https:\/\/www.imovirtual.com\/noticias\/wp-json\/wp\/v2\/comments?post=2555"}],"version-history":[{"count":0,"href":"https:\/\/www.imovirtual.com\/noticias\/wp-json\/wp\/v2\/posts\/2555\/revisions"}],"wp:featuredmedia":[{"embeddable":true,"href":"https:\/\/www.imovirtual.com\/noticias\/wp-json\/wp\/v2\/media\/100"}],"wp:attachment":[{"href":"https:\/\/www.imovirtual.com\/noticias\/wp-json\/wp\/v2\/media?parent=2555"}],"wp:term":[{"taxonomy":"category","embeddable":true,"href":"https:\/\/www.imovirtual.com\/noticias\/wp-json\/wp\/v2\/categories?post=2555"},{"taxonomy":"post_tag","embeddable":true,"href":"https:\/\/www.imovirtual.com\/noticias\/wp-json\/wp\/v2\/tags?post=2555"}],"curies":[{"name":"wp","href":"https:\/\/api.w.org\/{rel}","templated":true}]}}