{"id":2492,"date":"2021-06-03T00:00:00","date_gmt":"2021-06-03T00:00:00","guid":{"rendered":"https:\/\/www.imovirtual.com\/noticias2\/2021\/06\/03\/casas-passivas-sustentabilidade\/"},"modified":"2024-08-28T10:29:54","modified_gmt":"2024-08-28T10:29:54","slug":"casas-passivas-sustentabilidade","status":"publish","type":"post","link":"https:\/\/www.imovirtual.com\/noticias\/imobiliario\/casas-passivas-sustentabilidade\/","title":{"rendered":"ImoExplica: Casas passivas"},"content":{"rendered":"<p class=\"css-8qfla4\">\n<p class=\"css-m5h6m0 edperro0\">\n<h1><strong>Tudo sobre Casas passivas<\/strong><\/h1>\n<p>E se pudesse viver numa casa que al\u00e9m de produzir baixos consumos energ\u00e9ticos, tamb\u00e9m respeita elevados padr\u00f5es de conforto t\u00e9rmico e qualidade do ar interior? N\u00e3o h\u00e1 d\u00favidas que a <a href=\"https:\/\/www.imovirtual.com\/en\/noticias\/imobiliario\/certificacao-energetica\" target=\"_blank\" rel=\"noopener\">Certifica\u00e7\u00e3o Energ\u00e9tica<\/a> \u00e9 cada vez mais um fator preponderante na hora de comprar im\u00f3vel, mas as Casas Passivas v\u00e3o muito al\u00e9m do documento obrigat\u00f3rio por lei para transacionar im\u00f3veis. Segundo a Associa\u00e7\u00e3o Casa Passiva, existem cerca de 60000 edif\u00edcios constru\u00eddos segundo este conceito pelo mundo fora. Em Portugal, <a href=\"https:\/\/database.passivehouse.com\/en\/buildings\/map\/\" target=\"_blank\" rel=\"noopener\">o numero de Casas Passivas ainda n\u00e3o muito expressivo<\/a>, mas no futuro a tend\u00eancia pode vir a ser revertida.<\/p>\n<p>As Casas Passivas, no original Passivhaus, surgiram na Alemanha no final da d\u00e9cada de 80, por interm\u00e9dio de um projeto de arquitetura realizado em <a href=\"https:\/\/passipedia.org\/examples\/residential_buildings\/multi-family_buildings\/central_europe\/the_world_s_first_passive_house_darmstadt-kranichstein_germany?s[]=kranichstein\" target=\"_blank\" rel=\"noopener\">Darmstadt<\/a>. O tipo de constru\u00e7\u00e3o acabaria por vir a ser formalizado pelo Professor Bo Adamson e pelo Dr. Wolfgang Feist, sendo que este \u00faltimo viria a torna-se numa importante pe\u00e7a para a funda\u00e7\u00e3o do Passive House Institute em 1996. Atualmente \u00e9 este organismo que gere toda a pesquisa e certifica\u00e7\u00e3o dos edif\u00edcios constru\u00eddos sob este conceito.<\/p>\n<\/p>\n<h2><strong>O que s\u00e3o Casas Passivas? <\/strong><\/h2>\n<p>A <a href=\"https:\/\/www.ua.pt\/pt\/casapassiva\/page\/24129\" target=\"_blank\" rel=\"noopener\">Associa\u00e7\u00e3o Casa Passiva<\/a> define-as como uma &#8220;constru\u00e7\u00e3o baseada em estrat\u00e9gias passivas, que resulta no baixo consumo de energia, garantindo um elevado conforto t\u00e9rmico dos espa\u00e7os interiores atrav\u00e9s de um &#8220;pulm\u00e3o&#8221; que estabelece um caudal de ar m\u00ednimo constante, necess\u00e1rio para manter a qualidade e salubridade do ar interior, pode ler-se no site da institui\u00e7\u00e3o. <\/p>\n<p>Dentro de uma Passive House: <\/p>\n<ul>\n<li>A temperatura m\u00ednima deve rondar os 20\u00ba e a m\u00e1xima os 25\u00ba; <\/li>\n<li>N\u00e3o existem grandes varia\u00e7\u00f5es t\u00e9rmicas, mas sim uma boa qualidade do ar; <\/li>\n<li>As poupan\u00e7as energ\u00e9ticas podem atingir os 75% em compara\u00e7\u00e3o com os edif\u00edcios convencionais; <\/li>\n<li>H\u00e1 uma redu\u00e7\u00e3o dr\u00e1stica das emiss\u00f5es de CO2. <\/li>\n<\/ul>\n<h2><strong>Quais s\u00e3o os princ\u00edpios das Casas Passivas?<\/strong><\/h2>\n<p>O sucesso da constru\u00e7\u00e3o das Passive Houses assenta em cinco princ\u00edpios:<\/p>\n<ul>\n<li>Bom n\u00edvel de isolamento t\u00e9rmico da envolvente opaca;<\/li>\n<li>Minimiza\u00e7\u00e3o das pontes t\u00e9rmicas;<\/li>\n<li>Estanquidade ao ar;<\/li>\n<li>Ventila\u00e7\u00e3o mec\u00e2nica com recupera\u00e7\u00e3o de calor;<\/li>\n<li>Envidra\u00e7ados eficientes.<\/li>\n<\/ul>\n<h2><strong>Como reconhecer uma Casa Passiva?<\/strong><\/h2>\n<p>\u00c0 primeira vista n\u00e3o \u00e9 poss\u00edvel distinguir uma Casa Passiva de uma constru\u00e7\u00e3o que n\u00e3o o \u00e9, esclarece a <a href=\"https:\/\/www.ecopassivehouses.pt\/casa-passiva\/\" target=\"_blank\" rel=\"noopener\">Eco Passive House<\/a>, j\u00e1 que existe total liberdade no que ao sistema de constru\u00e7\u00e3o e materiais diz respeito. Todavia, existe um conjunto de requisitos, implementados pelo <a href=\"https:\/\/passivehouse.com\/\" target=\"_blank\" rel=\"noopener\">Passive House Institute<\/a>, a que todas as constru\u00e7\u00f5es devem obedecer. <\/p>\n<\/p>\n<h2><strong>Quais s\u00e3o os requisitos de uma Casa Passiva? <\/strong><\/h2>\n<p>De acordo com o site da Associa\u00e7\u00e3o Casa Passiva, uma constru\u00e7\u00e3o deste tipo ter\u00e1 de obedecer a 5 requisitos: <\/p>\n<ul>\n<li>As necessidades de energia para aquecimento&nbsp;(Nh)&nbsp;devem ser&nbsp;inferiores a 15 kWh\/m2.a&nbsp;&nbsp;ou a carga de aquecimento&nbsp;inferior a&nbsp;10 W\/m2&nbsp;;<\/li>\n<li>As necessidades de energia para arrefecimento&nbsp;(Nc)&nbsp;devem ser&nbsp;inferiores a 15 kWh\/m2.a&nbsp;&nbsp;acrescida das necessidades de desumidifica\u00e7\u00e3o, ou a carga de arrefecimento&nbsp;inferior aos 10 W\/m2;<\/li>\n<li>As&nbsp;necessidades de Energia Prim\u00e1ria (Np)&nbsp;para equipamentos e produ\u00e7\u00e3o de \u00e1gua quente sanit\u00e1ria&nbsp;n\u00e3o devem exceder os 120 kWh\/m2.a&nbsp;no \u00e2mbito da classifica\u00e7\u00e3o Classic;<\/li>\n<li>A&nbsp;temperatura interior do edif\u00edcio (T), para que se garanta o conforto, dever\u00e1 estar&nbsp;compreendida entre os 20 \u00baC e os 25 \u00baC&nbsp;(em pa\u00edses quentes a temperatura m\u00e1xima pode ser de 26 \u00baC). A temperatura m\u00e1xima n\u00e3o deve exceder mais de 10% das horas num ano.<\/li>\n<li>A&nbsp;&nbsp;estanquidade ao ar \u00e9 limitada pela taxa de renova\u00e7\u00e3o de ar por hora de 0,6&nbsp;, verificado com recurso ao&nbsp;Ensaio de Porta Ventiladora&nbsp;para uma press\u00e3o (positiva e negativa) de&nbsp;50 Pa;<\/li>\n<\/ul>\n<h2><strong>Quanto custa uma Casa Passiva? <\/strong><\/h2>\n<p>Os valores para a constru\u00e7\u00e3o de uma Casa Passiva podem ser os mesmos que para um edif\u00edcio convencional, defende a <a href=\"http:\/\/www.passivhaus.pt\/sobre?m=2\" target=\"_blank\" rel=\"noopener\">Associa\u00e7\u00e3o Passivhaus Portugal<\/a>. Todavia, a institui\u00e7\u00e3o alerta que &#8220;os custos de opera\u00e7\u00e3o de uma Passive House s\u00e3o substancialmente mais baixos que um edif\u00edcio convencional devido \u00e0s reduzidas necessidades energ\u00e9ticas e de manuten\u00e7\u00e3o&#8221;.<\/p>\n<\/p>\n<p class=\" block-img\"><img decoding=\"async\" src=\"https:\/\/www.imovirtual.com\/noticias\/wp-content\/uploads\/2022\/11\/3c23b667-0a08-4ca1-abcb-74566be5c538_Copia-de-Banners-Autores-2.png\" alt=\"alexandre lu\u00eds imovirtual \"><\/p>\n<h5><em>Tamb\u00e9m conhecido como &#8216;O Consultor&#8217;. Pode encontr\u00e1-lo a consultar o \u00faltimo estudo de mercado. N\u00e3o tem talento para vender, mas sabe tudo sobre Imobili\u00e1rio. Fala sobre quest\u00f5es relacionadas com o tema no Blog do Imovirtual.<\/em><\/h5>\n<\/p>\n<h4><strong>Tamb\u00e9m lhe pode interessar<\/strong><\/h4>\n<ul>\n<li>ImoExplica: O que \u00e9 a <a href=\"https:\/\/www.imovirtual.com\/noticias\/financas\/o-que-e-a-permuta\" target=\"_blank\" rel=\"noopener\"><strong>Permuta<\/strong><\/a>?<\/li>\n<li>ImoExplica: <a href=\"https:\/\/www.imovirtual.com\/noticias\/financas\/o-que-e-uma-avalicao-bancaria\" target=\"_blank\" rel=\"noopener\"><strong>Avalia\u00e7\u00e3o Banc\u00e1ria<\/strong><\/a><\/li>\n<li>ImoExplica: O que mudou no <a href=\"https:\/\/www.imovirtual.com\/noticias\/financas\/o-que-mudou-no-pagamento-das-mais-valias\" target=\"_blank\" rel=\"noopener\"><strong>pagamento das mais-valias<\/strong><\/a><\/li>\n<\/ul>\n<\/p>\n<div class=\"css-h5fkc8\"><strong>Ultima actualiza\u00e7\u00e3o:<\/strong> 01 outubro 2021<\/div>\n","protected":false},"excerpt":{"rendered":"<p>Tudo sobre Casas passivas E se pudesse viver numa casa que al\u00e9m de produzir baixos consumos energ\u00e9ticos, tamb\u00e9m respeita elevados padr\u00f5es de conforto t\u00e9rmico e qualidade do ar interior? N\u00e3o h\u00e1 d\u00favidas que a Certifica\u00e7\u00e3o Energ\u00e9tica \u00e9 cada vez mais um fator preponderante na hora de comprar im\u00f3vel, mas as Casas Passivas v\u00e3o muito al\u00e9m &hellip;<\/p>\n","protected":false},"author":3,"featured_media":2494,"comment_status":"closed","ping_status":"open","sticky":false,"template":"","format":"standard","meta":{"footnotes":""},"categories":[37,5],"tags":[],"class_list":["post-2492","post","type-post","status-publish","format-standard","has-post-thumbnail","hentry","category-financas-e-imobiliario","category-imobiliario"],"_links":{"self":[{"href":"https:\/\/www.imovirtual.com\/noticias\/wp-json\/wp\/v2\/posts\/2492","targetHints":{"allow":["GET"]}}],"collection":[{"href":"https:\/\/www.imovirtual.com\/noticias\/wp-json\/wp\/v2\/posts"}],"about":[{"href":"https:\/\/www.imovirtual.com\/noticias\/wp-json\/wp\/v2\/types\/post"}],"author":[{"embeddable":true,"href":"https:\/\/www.imovirtual.com\/noticias\/wp-json\/wp\/v2\/users\/3"}],"replies":[{"embeddable":true,"href":"https:\/\/www.imovirtual.com\/noticias\/wp-json\/wp\/v2\/comments?post=2492"}],"version-history":[{"count":0,"href":"https:\/\/www.imovirtual.com\/noticias\/wp-json\/wp\/v2\/posts\/2492\/revisions"}],"wp:featuredmedia":[{"embeddable":true,"href":"https:\/\/www.imovirtual.com\/noticias\/wp-json\/wp\/v2\/media\/2494"}],"wp:attachment":[{"href":"https:\/\/www.imovirtual.com\/noticias\/wp-json\/wp\/v2\/media?parent=2492"}],"wp:term":[{"taxonomy":"category","embeddable":true,"href":"https:\/\/www.imovirtual.com\/noticias\/wp-json\/wp\/v2\/categories?post=2492"},{"taxonomy":"post_tag","embeddable":true,"href":"https:\/\/www.imovirtual.com\/noticias\/wp-json\/wp\/v2\/tags?post=2492"}],"curies":[{"name":"wp","href":"https:\/\/api.w.org\/{rel}","templated":true}]}}