{"id":2435,"date":"2021-03-03T00:00:00","date_gmt":"2021-03-03T00:00:00","guid":{"rendered":"https:\/\/www.imovirtual.com\/noticias2\/2021\/03\/03\/as-ruas-mais-emblematicas-do-porto-portugal\/"},"modified":"2021-03-03T00:00:00","modified_gmt":"2021-03-03T00:00:00","slug":"as-ruas-mais-emblematicas-do-porto-portugal","status":"publish","type":"post","link":"https:\/\/www.imovirtual.com\/noticias\/lifestyle\/as-ruas-mais-emblematicas-do-porto-portugal\/","title":{"rendered":"As ruas mais emblem\u00e1ticas do Porto"},"content":{"rendered":"<p class=\"css-8qfla4\">\n<p class=\"css-m5h6m0 edperro0\">\n<h1><strong>As ruas mais emblem\u00e1ticas do Porto<\/strong><\/h1>\n<p>A paisagem do Rio Douro at\u00e9 pode ser o postal de visita do <a href=\"https:\/\/www.imovirtual.com\/comprar\/apartamento\/porto\/?search%5Bregion_id%5D=13&amp;search%5Bsubregion_id%5D=190\" target=\"_blank\" rel=\"noopener\">Porto<\/a>, mas a verdade \u00e9 que um pouco por toda a cidade, v\u00e1rias s\u00e3o as ruas com uma aura e arquitetura tipicamente portuenses e muitas est\u00f3rias e segredos prontos a serem descobertos. A par disso, \u00e9 imposs\u00edvel ficar indiferente \u00e0 hospitalidade das gentes da terra e \u00e0 m\u00edstica do Porto, que convidam qualquer um a ficar. Se est\u00e1 a pensar visitar a Invicta ou a ponderar mudar-se para l\u00e1, vai querer conhecer os seguintes arruamentos para n\u00e3o perder pitada.<\/p>\n<\/p>\n<h3><strong>Rua de Santa Catarina<\/strong><\/h3>\n<p>\u00c9 conhecida pela sua forte associa\u00e7\u00e3o ao com\u00e9rcio que come\u00e7ou na d\u00e9cada de 70, quando as lojas de pronto a vestir, as sapatarias, os pequenos restaurantes e as v\u00e1rias confeitarias come\u00e7aram a surgir ao longo do arruamento. Atualmente, a maioria do percurso da Rua de Santa Catarina pode ser feito a p\u00e9, o que proporciona uma experi\u00eancia \u00fanica. Por l\u00e1 \u00e9 poss\u00edvel contactar com o tradicionalismo portuense e a internacionalidade dos turistas que enchem as ruas da cidade. Al\u00e9m do enorme volume de lojas e restaurantes, a Rua de Santa Catarina esconde dois ex-l\u00edbris de paragem obrigat\u00f3ria: a carism\u00e1tica Capela das Almas e o memor\u00e1vel Caf\u00e9 Majestic. <\/p>\n<h3>Encontre aqui os im\u00f3veis dispon\u00edveis na <a href=\"https:\/\/www.imovirtual.com\/comprar\/apartamento\/cedofeita-santo-ildefonso-se-miragaia-sao-nicolau-e-vitoria-porto\/?search%5Bregion_id%5D=13&amp;search%5Bsubregion_id%5D=190&amp;search%5Bcity_id%5D=13643793&amp;search%5Bstreet_id%5D=177540&amp;page=2\" target=\"_blank\" rel=\"noopener\"><strong>Rua de Santa Catarina<\/strong><\/a><\/h3>\n<\/p>\n<h2><strong>Rua de Cedofeita<\/strong><\/h2>\n<p>Com 840 metros de extens\u00e3o, a Rua de Cedofeita \u00e9 mais um dos arruamentos do Porto com uma forte liga\u00e7\u00e3o ao com\u00e9rcio do retalho, n\u00e3o fosse esta a casa da famosa e extinta loja de brinquedos \u201cBazar dos Tr\u00eas Vintens\u201d, que ainda preserva a sua placa de identifica\u00e7\u00e3o. Inaugurada em 1762 sob o nome de Rua da Estrada, esta art\u00e9ria tinha como principal objetivo conectar a parte alta da cidade \u00e0 zona ribeirinha. Mais tarde, foi renomeada como Rua de Cedofeita, em homenagem \u00e0 Igreja de S\u00e3o Martinho de Cedofeita, a mais antiga do Porto. Hoje, ainda preserva os edif\u00edcios de dois a quatro andares com varandas nos pisos superiores e montras voltadas para a rua, embora novas constru\u00e7\u00f5es tenham vindo a surgir. Ao longo dos anos, v\u00e1rias personalidades habitaram esta parte da cidade, como \u00e9 o caso do Rei D. Pedro IV e da escritora, cr\u00edtica liter\u00e1ria e primeira mulher a lecionar numa universidade portuguesa, Carolina Michaelis. <\/p>\n<h3>Encontre aqui os im\u00f3veis dispon\u00edveis na <a href=\"https:\/\/www.imovirtual.com\/comprar\/apartamento\/cedofeita-santo-ildefonso-se-miragaia-sao-nicolau-e-vitoria-porto\/?search%5Bregion_id%5D=13&amp;search%5Bsubregion_id%5D=190&amp;search%5Bcity_id%5D=13643793&amp;search%5Bstreet_id%5D=178226\" target=\"_blank\" rel=\"noopener\"><strong>Rua de Cedofeita<\/strong><\/a><\/h3>\n<\/p>\n<h2><strong>Rua das Flores<\/strong><\/h2>\n<p>Edificada pelo rei D. Manuel I, respons\u00e1vel pela expuls\u00e3o dos Judeus de Portugal em 1496, este arruamento situa-se num antigo campo onde existiam flores \u2013 da\u00ed a origem do seu nome. Ainda que o seu principal objetivo de constru\u00e7\u00e3o tenha sido a vontade de aliviar o tr\u00e1fego da Rua da Bainharia, que lhe \u00e9 paralela, a Rua das Flores acabou por vir ligar v\u00e1rios monumentos religiosos, servindo assim os interesses da monarquia portuguesa, que procurava reafirmar o poder da Igreja Cat\u00f3lica. Cedo, a rua come\u00e7ou a ser associada aos mercadores, em especial aos ourives. Na \u00faltima d\u00e9cada, a Rua das Flores sofreu obras de reabilita\u00e7\u00e3o e tornou-se numa rua exclusivamente pedestre, o que contribuiu para o aumento da sua popularidade.<\/p>\n<h3>Encontre aqui os im\u00f3veis dispon\u00edveis na<strong> <a href=\"https:\/\/www.imovirtual.com\/comprar\/apartamento\/cedofeita-santo-ildefonso-se-miragaia-sao-nicolau-e-vitoria-porto\/?search%5Bregion_id%5D=13&amp;search%5Bsubregion_id%5D=190&amp;search%5Bcity_id%5D=13643793&amp;search%5Bstreet_id%5D=177879\" target=\"_blank\" rel=\"noopener\">Rua das Flores<\/a><\/strong><\/h3>\n<\/p>\n<h2><strong>Rua de S\u00e3o Jo\u00e3o<\/strong><\/h2>\n<p>O seu nome n\u00e3o deixa margem para d\u00favidas: batizada em homenagem a S\u00e3o Jo\u00e3o, este arruamento enche-se de gente na v\u00e9spera de 24 de junho, o dia de celebra\u00e7\u00e3o do Santo padroeiro da cidade. Edificada por Jo\u00e3o de Almada, o grande obreiro da cidade do Porto, a Rua de S\u00e3o Jo\u00e3o liga o Rio Douro \u00e0 Rua dos Mercadores, estando por isso localizada numa das principais art\u00e9rias da cidade: a ribeira. <\/p>\n<h3>Encontre aqui os im\u00f3veis dispon\u00edveis na <strong><a href=\"https:\/\/www.imovirtual.com\/comprar\/apartamento\/cedofeita-santo-ildefonso-se-miragaia-sao-nicolau-e-vitoria-porto\/?search%5Bregion_id%5D=13&amp;search%5Bsubregion_id%5D=190&amp;search%5Bcity_id%5D=13643793&amp;search%5Bstreet_id%5D=178124\" target=\"_blank\" rel=\"noopener\">Rua de S\u00e3o Jo\u00e3o<\/a> <\/strong><\/h3>\n<\/p>\n<h3><strong>Avenida da Boavista<\/strong><\/h3>\n<p>\u00c9 uma das maiores ruas do Porto \u2013 conta com 5,5 quil\u00f3metros de extens\u00e3o \u2013 e uma das principais art\u00e9rias da cidade, que une o passado e o presente. A sua origem remota a meados do s\u00e9culo XIX e j\u00e1 nessa altura era considerada uma das zonas mais nobres, muito por conta dos palacetes erigidos pelas fam\u00edlias mais ricas do Porto, em especial os emigrantes que tinham feito fortuna no Brasil. Hoje ainda \u00e9 poss\u00edvel encontrar essas infraestruturas ao longo da Avenida da Boavista, mas a sua fun\u00e7\u00e3o perdeu-se no tempo. Atualmente, alberga v\u00e1rios edif\u00edcios de escrit\u00f3rios, lojas, restaurantes, caf\u00e9s e hot\u00e9is, numa paisagem onde se misturam influ\u00eancias de v\u00e1rias \u00e9pocas. Tem como principais pontos de interesse a Casa da M\u00fasica, o Monumento aos Her\u00f3is da Guerra Peninsular e o Parque da Cidade. <\/p>\n<h3>Encontre aqui os im\u00f3veis dispon\u00edveis na <a href=\"https:\/\/www.imovirtual.com\/comprar\/apartamento\/?locations%5b0%5d%5bregion_id%5d=13&amp;locations%5b0%5d%5bsubregion_id%5d=190&amp;locations%5b0%5d%5bcity_id%5d=13643787&amp;locations%5b0%5d%5bstreet_id%5d=176273&amp;locations%5b1%5d%5bregion_id%5d=13&amp;locations%5b1%5d%5bsubregion_id%5d=190&amp;locations%5b1%5d%5bcity_id%5d=13643793&amp;locations%5b1%5d%5bstreet_id%5d=177751&amp;locations%5b2%5d%5bregion_id%5d=13&amp;locations%5b2%5d%5bsubregion_id%5d=190&amp;locations%5b2%5d%5bcity_id%5d=13643792&amp;locations%5b2%5d%5bstreet_id%5d=176760&amp;locations%5b3%5d%5bregion_id%5d=13&amp;locations%5b3%5d%5bsubregion_id%5d=190&amp;locations%5b3%5d%5bcity_id%5d=13643794&amp;locations%5b3%5d%5bstreet_id%5d=178445\" target=\"_blank\" rel=\"noopener\"><strong>Avenida da Boavista<\/strong><\/a> <\/h3>\n<\/p>\n<p class=\" block-img\"><img decoding=\"async\" src=\"https:\/\/www.imovirtual.com\/noticias\/wp-content\/uploads\/2022\/11\/bd5974cf-f0b2-4813-a690-c8359669947e_Copia-de-Banners-Autores.png\" alt=\"Ana Catarina Autor Imovirtual\"><\/p>\n<h5><em>Ana Catarina \u00e9 a mi\u00fada das tend\u00eancias. Gosta de ficar em casa a perder-se pelas p\u00e1ginas de um livro, mas tamb\u00e9m n\u00e3o dispensa um caf\u00e9 tardio com os amigos. Est\u00e1 sempre \u00e0 procura do \u00faltimo grito em Lifestyle para revelar no Blog do Imovirtual.<\/em><\/h5>\n<\/p>\n<h2><strong>Descubra mais sobre o Porto em: <\/strong><\/h2>\n<ul>\n<li>As <a href=\"https:\/\/www.imovirtual.com\/noticias\/imobiliario\/as-melhores-zonas-do-porto-para-viver\" target=\"_blank\" rel=\"noopener\"><strong>Melhores Zonas do Porto<\/strong><\/a> para Viver<\/li>\n<li><a href=\"https:\/\/www.imovirtual.com\/noticias\/imobiliario\/obras-antigo-arrancam-setembro-2021\" target=\"_blank\" rel=\"noopener\"><strong>Porto<\/strong><\/a>: Obra do Antigo Matadouro arranca em setembro de 2021 <\/li>\n<li><a href=\"https:\/\/www.imovirtual.com\/noticias\/imobiliario\/programa-de-arrendamento-acessivel-matosinhos-ira-ter-novos-imoveis\" target=\"_blank\" rel=\"noopener\"><strong>Programa de Arrendamento Acess\u00edvel<\/strong><\/a>: Matosinhos ir\u00e1 ter novos im\u00f3veis <\/li>\n<\/ul>\n<\/p>\n<div class=\"css-h5fkc8\"><strong>Ultima actualiza\u00e7\u00e3o:<\/strong> 07 outubro 2021<\/div>\n","protected":false},"excerpt":{"rendered":"<p>As ruas mais emblem\u00e1ticas do Porto A paisagem do Rio Douro at\u00e9 pode ser o postal de visita do Porto, mas a verdade \u00e9 que um pouco por toda a cidade, v\u00e1rias s\u00e3o as ruas com uma aura e arquitetura tipicamente portuenses e muitas est\u00f3rias e segredos prontos a serem descobertos. A par disso, \u00e9 &hellip;<\/p>\n","protected":false},"author":3,"featured_media":2436,"comment_status":"closed","ping_status":"open","sticky":false,"template":"","format":"standard","meta":{"footnotes":""},"categories":[3],"tags":[],"class_list":["post-2435","post","type-post","status-publish","format-standard","has-post-thumbnail","hentry","category-lifestyle"],"_links":{"self":[{"href":"https:\/\/www.imovirtual.com\/noticias\/wp-json\/wp\/v2\/posts\/2435","targetHints":{"allow":["GET"]}}],"collection":[{"href":"https:\/\/www.imovirtual.com\/noticias\/wp-json\/wp\/v2\/posts"}],"about":[{"href":"https:\/\/www.imovirtual.com\/noticias\/wp-json\/wp\/v2\/types\/post"}],"author":[{"embeddable":true,"href":"https:\/\/www.imovirtual.com\/noticias\/wp-json\/wp\/v2\/users\/3"}],"replies":[{"embeddable":true,"href":"https:\/\/www.imovirtual.com\/noticias\/wp-json\/wp\/v2\/comments?post=2435"}],"version-history":[{"count":0,"href":"https:\/\/www.imovirtual.com\/noticias\/wp-json\/wp\/v2\/posts\/2435\/revisions"}],"wp:featuredmedia":[{"embeddable":true,"href":"https:\/\/www.imovirtual.com\/noticias\/wp-json\/wp\/v2\/media\/2436"}],"wp:attachment":[{"href":"https:\/\/www.imovirtual.com\/noticias\/wp-json\/wp\/v2\/media?parent=2435"}],"wp:term":[{"taxonomy":"category","embeddable":true,"href":"https:\/\/www.imovirtual.com\/noticias\/wp-json\/wp\/v2\/categories?post=2435"},{"taxonomy":"post_tag","embeddable":true,"href":"https:\/\/www.imovirtual.com\/noticias\/wp-json\/wp\/v2\/tags?post=2435"}],"curies":[{"name":"wp","href":"https:\/\/api.w.org\/{rel}","templated":true}]}}