{"id":2427,"date":"2021-10-03T00:00:00","date_gmt":"2021-10-03T00:00:00","guid":{"rendered":"https:\/\/www.imovirtual.com\/noticias2\/2021\/10\/03\/empreendimentos-cedofeita\/"},"modified":"2024-08-28T10:29:36","modified_gmt":"2024-08-28T10:29:36","slug":"empreendimentos-cedofeita","status":"publish","type":"post","link":"https:\/\/www.imovirtual.com\/noticias\/imobiliario\/empreendimentos-cedofeita\/","title":{"rendered":"Novos empreendimentos em Cedofeita"},"content":{"rendered":"<p class=\"css-8qfla4\">\n<p class=\"css-m5h6m0 edperro0\">\n<h1><strong>Novos empreendimentos em Cedofeita, Porto<\/strong><\/h1>\n<p>Quer esteja \u00e0 procura da sua nova <a href=\"https:\/\/www.imovirtual.com\/noticias\/lifestyle\/criancas-casas-de-sonho\" target=\"_blank\" rel=\"noopener\">casa de sonho<\/a> ou de um im\u00f3vel para investir e rentabilizar, damos-lhe a conhecer as novas oportunidades de <a href=\"https:\/\/www.imovirtual.com\/investimento\/home\/\" target=\"_blank\" rel=\"noopener\">empreendimentos<\/a> que est\u00e3o a surgir na Invicta, em particular na zona de Cedofeita. Situada no cora\u00e7\u00e3o da capital nortenha, esta freguesia contempla <strong>conhecidos pontos de interesse <\/strong>como a Igreja de Nossa Senhora da Lapa, a Pra\u00e7a Mouzinho de Albuquerque e uma das <strong><a href=\"https:\/\/www.imovirtual.com\/noticias\/lifestyle\/as-ruas-mais-emblematicas-do-porto-portugal\" target=\"_blank\" rel=\"noopener\">ruas mais emblem\u00e1ticas do Porto<\/a><\/strong>, a Rua de Cedofeita. Com transportes, com\u00e9rcio e servi\u00e7os \u00e0 m\u00e3o de semear, esta zona espelha o que \u00e9 o verdadeiro frenesim da vida citadina. Mostramos-lhe alguns dos novos empreendimentos em Cedofeita, a maioria deles, nascidos a partir da reabilita\u00e7\u00e3o de <a href=\"https:\/\/www.imovirtual.com\/noticias\/imobiliario\/historias-surpreendentes-sobre-edificios-historicos\" target=\"_blank\" rel=\"noopener\">edif\u00edcios<\/a> antigos que preservam a t\u00edpica arquitetura portuense. <\/p>\n<\/p>\n<h3>Encontre aqui todos os <a href=\"https:\/\/www.imovirtual.com\/investimento\/cedofeita-santo-ildefonso-se-miragaia-sao-nicolau-e-vitoria-porto\/\" target=\"_blank\" rel=\"noopener\"><strong>empreendimentos em Cedofeita<\/strong><\/a>, Porto<\/h3>\n<\/p>\n<h2><a href=\"https:\/\/www.imovirtual.com\/pt\/anuncio\/opo-flexible-living-ID16RNa.html#8fbf0a4638\" target=\"_blank\" rel=\"noopener\"><strong>OPO Flexible Living<\/strong><\/a><\/h2>\n<p><strong>Pre\u00e7o sob consulta<\/strong><\/p>\n<p class=\" block-img\"><img decoding=\"async\" src=\"https:\/\/www.imovirtual.com\/noticias\/wp-content\/uploads\/2022\/11\/beaf9480-1c6d-4689-a311-2b8695d3a112_PortoCasas.png\" alt=\"OPO Flexible Living empreendimento porto imovirtual\"><\/p>\n<p>O <strong>empreendimento OPO Flexible Livin<\/strong>g est\u00e1 situado no centro hist\u00f3rico da cidade do Porto, \u00e9 constitu\u00eddo 17 unidades de tipologias T0 a T2 com \u00e1reas entre 45 e 180 m2 e conta ainda com uma sala e jardim comuns para usufruto dos habitantes.<\/p>\n<p>O projeto contempla uma <strong>reabilita\u00e7\u00e3o completa de toda a propriedade em que a constru\u00e7\u00e3o ser\u00e1 totalmente nova<\/strong>, incluindo a estrutura e onde apenas a fachada original e os seus tra\u00e7os tradicionais ser\u00e3o mantidos.Pr\u00f3ximo dos Aliados e da Rua de Santa Catarina, <strong>o OPO Flexible Living encontra-se numa das zonas mais ic\u00f3nicas da cidade do Porto<\/strong>, a uma curta dist\u00e2ncia da Torre dos Cl\u00e9rigos, do Mercado do Bolh\u00e3o ou da Ribeira do Porto, entre outros pontos de interesse relevantes na cidade.<\/p>\n<h2><a href=\"https:\/\/www.imovirtual.com\/pt\/anuncio\/post-scriptum-70-ID16uoK.html#8fbf0a4638\" target=\"_blank\" rel=\"noopener\"><strong>Post Scriptum 70<\/strong><\/a><\/h2>\n<p><strong>De 5 000 \u20ac\/m\u00b2<\/strong><\/p>\n<p class=\" block-img\"><img decoding=\"async\" src=\"https:\/\/www.imovirtual.com\/noticias\/wp-content\/uploads\/2022\/11\/ed4a2004-6b65-4feb-9f06-c9c05623249b_post-scriptum.png\" alt=\"Post Scriptum 70 imovirtual empreendimentos porto\"><\/p>\n<p><strong>Post Scriptum 70 \u00e9 o novo empreendimento <\/strong>residencial na Baixa do Porto.<\/p>\n<p>Os apartamentos, com vistas desafogadas sobre<strong> uma das ruas mais carism\u00e1ticas da cidade do Porto<\/strong>, permitem usufruir da tranquilidade em pleno centro, numa zona cosmopolita rodeada de pra\u00e7as e esplanadas, onde tudo acontece.<\/p>\n<p>Com projeto de reabilita\u00e7\u00e3o, o PS70 \u00e9 <strong>composto por <\/strong>25 apartamentos com tipologias T0, T0+1, T1 e T2, com \u00e1reas entre os 29 m2 e os 101 m2.<\/p>\n<\/p>\n<h2><a href=\"https:\/\/www.imovirtual.com\/pt\/anuncio\/anza-boa-hora-living-ID16WZq.html#8fbf0a4638\" target=\"_blank\" rel=\"noopener\"><strong>Anza Boa Hora Living<\/strong><\/a><\/h2>\n<p><strong>De 3 375 \u20ac\/m\u00b2<\/strong><\/p>\n<p class=\" block-img\"><img decoding=\"async\" src=\"https:\/\/www.imovirtual.com\/noticias\/wp-content\/uploads\/2022\/11\/2c5ed229-4c4e-4af5-88d5-08983d70b294_anza-boa-hora.png\" alt=\"Anza Boa Hora Living empreedimentos imovirtual porto\"><\/p>\n<p>O <strong>empreendimento Anza Boa Hora Living<\/strong> encontra-se inserido na zona delimitada para a reabilita\u00e7\u00e3o urbana e das proximidades da emblem\u00e1tica zona residencial e comercial de Cedofeita.<\/p>\n<p>O projecto de arquitectura e design contempor\u00e2neo mostra-se em <strong>perfeita harmonia com o sentimento da zona envolvida e da cidade<\/strong>. Com Tipologias T0+1, T1, T1+1 e T2 Duplex, com elevador, zona de lazer com jardim, jacuzzi e churrasqueira.<\/p>\n<p>Os apartamentos dignos para habita\u00e7\u00e3o permanente, pelas suas configura\u00e7\u00f5es e localiza\u00e7\u00e3o central, s\u00e3o igualmente um<strong> investimento atrativo para alojamento tur\u00edstico<\/strong>.<\/p>\n<\/p>\n<h1><a href=\"https:\/\/www.imovirtual.com\/pt\/anuncio\/camoes-800-ID16Zs5.html#8fbf0a4638\" target=\"_blank\" rel=\"noopener\"><strong>Cam\u00f5es 800<\/strong><\/a><\/h1>\n<p><strong>De 4 090,91 \u20ac\/m\u00b2<\/strong><\/p>\n<p class=\" block-img\"><img decoding=\"async\" src=\"https:\/\/www.imovirtual.com\/noticias\/wp-content\/uploads\/2022\/11\/5e029e6f-2d0c-4d99-bd79-81dd9dfb71d5_camoes.png\" alt=\"cam\u00f5es 800 empreendimento porto imovirtual\"><\/p>\n<p>Um novo conceito de sofistica\u00e7\u00e3o, tradi\u00e7\u00e3o e exclusividade, est\u00e1 a nascer no cora\u00e7\u00e3o do Porto. O<strong> condom\u00ednio Cam\u00f5es 800 <\/strong>\u00e9 um projeto \u00fanico, caracterizado por um forte tra\u00e7o hist\u00f3rico e um sentido de modernidade evidente na constru\u00e7\u00e3o, inserido no centro hist\u00f3rico da cidade e perto de tudo. Servido por excelentes acessos \u00e0 principal via r\u00e1pida da cidade (VCI) e a poucos minutos do metro e de outros meios de transportes p\u00fablicos, este novo condom\u00ednio privado est\u00e1 situado a 600 m da Pra\u00e7a da Rep\u00fablica e a 40 m do Hospital Santa Maria.<\/p>\n<p>Resultado da reabilita\u00e7\u00e3o de um <strong>pr\u00e9dio classificado como Im\u00f3vel de Interesse Patrimonial<\/strong>, o empreendimento Cam\u00f5es 800 \u00e9 composto por um edif\u00edcio de apartamentos e \u00e1rea de moradias, segmentados por Palacete, Moradias e Apartamentos, oferecendo <strong>um total de 21 habita\u00e7\u00f5es<\/strong>, bem como um fant\u00e1stico jardim e estacionamento.<\/p>\n<\/p>\n<h2><a href=\"https:\/\/www.imovirtual.com\/pt\/anuncio\/edificio-infante-ID15U0j.html#8fbf0a4638\" target=\"_blank\" rel=\"noopener\"><strong>Edif\u00edcio Infante<\/strong><\/a><\/h2>\n<p><strong>De 3 613,21 \u20ac\/m\u00b2<\/strong><\/p>\n<p class=\" block-img\"><img decoding=\"async\" src=\"https:\/\/www.imovirtual.com\/noticias\/wp-content\/uploads\/2022\/11\/9f8cef82-fb3b-4ad2-aff4-41c11da136f4_edificio-infante.png\" alt=\"Edif\u00edcio Infante empreendimentos porto imovirtual\"><\/p>\n<p>O empreendimento Edif\u00edcio Infante est\u00e1 localizado no<strong> centro hist\u00f3rico do Porto<\/strong>, na zona Ribeirinha. \u00c9 <strong>constitu\u00eddo por <\/strong>7 pisos, disp\u00f5e de um amplo espa\u00e7o comercial e <strong>oferece<\/strong> apartamentos de tipologia T0 e T2, com pavimentos em madeira, vidros duplos com corte t\u00e9rmico e ac\u00fastico, cozinhas equipadas com eletrodom\u00e9sticos encastr\u00e1veis, portas de seguran\u00e7a, v\u00eddeo porteiro e elevador.<\/p>\n<h3>Consulte todos os <strong><a href=\"https:\/\/www.imovirtual.com\/investimento\/\" target=\"_blank\" rel=\"noopener\">empreendimentos<\/a> <\/strong>dispon\u00edveis no Imovirtual<\/h3>\n<\/p>\n<h1><strong>Mais sobre Cedofeita<\/strong><\/h1>\n<p>\u00c9 uma das zonas que integra a Uni\u00e3o de Freguesias de Cedofeita, Santo Ildefonso, S\u00e9, Miragaia, S\u00e3o Nicolau e Vit\u00f3ria, que aconteceu em 2013: Cedofeita \u00e9 um dos bairros mais <em>cool <\/em>do <a href=\"https:\/\/www.imovirtual.com\/comprar\/apartamento\/porto\/?search%5Bdescription%5D=1&amp;search%5Bregion_id%5D=13\" target=\"_blank\" rel=\"noopener\"><strong>Porto<\/strong><\/a>, muito apreciado por estudantes e jovens. Geograficamente est\u00e1 muito bem posicionado, contemplando alguns dos monumentos e pontos de interesse mais importantes da cidade, assim como uma grande oferta de restaurantes e bares. Est\u00e1 suficientemente perto do centro da cidade para chegar l\u00e1 rapidamente, mas longe para garantir o descanso e tranquilidade dos seus moradores. Conhe\u00e7a as acessibilidades desta zona do Porto. <\/p>\n<h3>Pode conhecer todas as acessibilidades desta zona em: Tudo sobre <a href=\"https:\/\/www.imovirtual.com\/noticias\/imobiliario\/tudo-sobre-cedofeita-porto\" target=\"_blank\" rel=\"noopener\"><strong>Cedofeita, Porto<\/strong><\/a><\/h3>\n<\/p>\n<p class=\" block-img\"><img decoding=\"async\" src=\"https:\/\/www.imovirtual.com\/noticias\/wp-content\/uploads\/2022\/11\/3c23b667-0a08-4ca1-abcb-74566be5c538_Copia-de-Banners-Autores-2.png\" alt=\"Alexandre Lu\u00eds Autor Imovirtual\"><\/p>\n<h5><em>Tamb\u00e9m conhecido como &#8216;O Consultor&#8217;. Pode encontr\u00e1-lo a consultar o \u00faltimo estudo de mercado. N\u00e3o tem talento para vender, mas sabe tudo sobre Imobili\u00e1rio. Fala sobre quest\u00f5es relacionadas com o tema no Blog do Imovirtual.<\/em><\/h5>\n<\/p>\n<h4><strong>Leia tamb\u00e9m<\/strong><\/h4>\n<ul>\n<li>Dicas para&nbsp;<a href=\"https:\/\/www.imovirtual.com\/noticias\/imobiliario\/mudar-de-casa-criancas\" target=\"_blank\" rel=\"noopener\"><strong>mudar de casa com crian\u00e7as<\/strong><\/a><\/li>\n<li>Moradias para comprar no<strong> <a href=\"https:\/\/www.imovirtual.com\/noticias\/imobiliario\/moradias-para-comprar-no-grande-porto\" target=\"_blank\" rel=\"noopener\">Grande Porto<\/a><\/strong><\/li>\n<li>O&nbsp;<a href=\"https:\/\/www.imovirtual.com\/noticias\/imobiliario\/oito-etapas-comprar-casas\" target=\"_blank\" rel=\"noopener\"><strong>processo de compra de um im\u00f3vel<\/strong><\/a>&nbsp;em 8 etapas<\/li>\n<\/ul>\n<\/p>\n<div class=\"css-h5fkc8\"><strong>Ultima actualiza\u00e7\u00e3o:<\/strong> 03 outubro 2021<\/div>\n","protected":false},"excerpt":{"rendered":"<p>Novos empreendimentos em Cedofeita, Porto Quer esteja \u00e0 procura da sua nova casa de sonho ou de um im\u00f3vel para investir e rentabilizar, damos-lhe a conhecer as novas oportunidades de empreendimentos que est\u00e3o a surgir na Invicta, em particular na zona de Cedofeita. Situada no cora\u00e7\u00e3o da capital nortenha, esta freguesia contempla conhecidos pontos de &hellip;<\/p>\n","protected":false},"author":3,"featured_media":2428,"comment_status":"closed","ping_status":"open","sticky":false,"template":"","format":"standard","meta":{"footnotes":""},"categories":[37,5],"tags":[],"class_list":["post-2427","post","type-post","status-publish","format-standard","has-post-thumbnail","hentry","category-financas-e-imobiliario","category-imobiliario"],"_links":{"self":[{"href":"https:\/\/www.imovirtual.com\/noticias\/wp-json\/wp\/v2\/posts\/2427","targetHints":{"allow":["GET"]}}],"collection":[{"href":"https:\/\/www.imovirtual.com\/noticias\/wp-json\/wp\/v2\/posts"}],"about":[{"href":"https:\/\/www.imovirtual.com\/noticias\/wp-json\/wp\/v2\/types\/post"}],"author":[{"embeddable":true,"href":"https:\/\/www.imovirtual.com\/noticias\/wp-json\/wp\/v2\/users\/3"}],"replies":[{"embeddable":true,"href":"https:\/\/www.imovirtual.com\/noticias\/wp-json\/wp\/v2\/comments?post=2427"}],"version-history":[{"count":0,"href":"https:\/\/www.imovirtual.com\/noticias\/wp-json\/wp\/v2\/posts\/2427\/revisions"}],"wp:featuredmedia":[{"embeddable":true,"href":"https:\/\/www.imovirtual.com\/noticias\/wp-json\/wp\/v2\/media\/2428"}],"wp:attachment":[{"href":"https:\/\/www.imovirtual.com\/noticias\/wp-json\/wp\/v2\/media?parent=2427"}],"wp:term":[{"taxonomy":"category","embeddable":true,"href":"https:\/\/www.imovirtual.com\/noticias\/wp-json\/wp\/v2\/categories?post=2427"},{"taxonomy":"post_tag","embeddable":true,"href":"https:\/\/www.imovirtual.com\/noticias\/wp-json\/wp\/v2\/tags?post=2427"}],"curies":[{"name":"wp","href":"https:\/\/api.w.org\/{rel}","templated":true}]}}