{"id":2413,"date":"2021-06-06T00:00:00","date_gmt":"2021-06-06T00:00:00","guid":{"rendered":"https:\/\/www.imovirtual.com\/noticias2\/2021\/06\/06\/hall-entrada-pequeno-dicas\/"},"modified":"2024-08-28T10:19:20","modified_gmt":"2024-08-28T10:19:20","slug":"hall-entrada-pequeno-dicas","status":"publish","type":"post","link":"https:\/\/www.imovirtual.com\/noticias\/lifestyle\/hall-entrada-pequeno-dicas\/","title":{"rendered":"Maximize um hall de entrada pequeno com estas dicas"},"content":{"rendered":"<p class=\"css-8qfla4\">\n<p class=\"css-m5h6m0 edperro0\">\n<h1><strong>Maximize um hall de entrada pequeno com estas dicas<\/strong><\/h1>\n<p>Provavelmente ser\u00e1 uma das divis\u00f5es mais pequenas da <a href=\"https:\/\/www.nossacasanossomundo.com\/\" target=\"_blank\" rel=\"noopener\">sua casa<\/a>, quer viva numa apartamento ou numa moradia. O hall de entrada \u00e9 um espa\u00e7o de passagem, onde se largam sapatos e malas e os bolsos s\u00e3o esvaziados indiscriminadamente para cima das consolas. Mas tamb\u00e9m \u00e9 o cart\u00e3o de visita do seu lar na hora de receber os amigos e familiares. Por se tratar de um espa\u00e7o t\u00e3o pequeno e com v\u00e1rias finalidades, nem sempre \u00e9 f\u00e1cil definir a decora\u00e7\u00e3o do mesmo. A decis\u00e3o final estar\u00e1 sempre do seu lado, mas h\u00e1 itens essenciais que n\u00e3o devem faltar num hall de entrada. Deixamos-lhe uma listas desses objetos.<\/p>\n<\/p>\n<h2><strong>Os essenciais do hall de entrada<\/strong><\/h2>\n<\/p>\n<h3>Consola<\/h3>\n<p>Hall de entrada rima com consola. N\u00e3o rima, mas faz de conta porque esta \u00e9 uma das pe\u00e7as fundamentais para uma decora\u00e7\u00e3o de sucesso. Esteticamente \u00e9 utilizada para a definir o espa\u00e7o, mas tamb\u00e9m em tr\u00e1s consigo bastante funcionalidade. Dependendo do modelo eleito, ter\u00e1 acesso a gavetas, prateleiras ou simplesmente \u00e1 parte superficial da consola onde pode colocar objetos do dia-a-dia como o telefone de casa, as chaves, o correio que chegou recentemente, o desinfectante para as m\u00e3os e outros itens que sejam essenciais. Por l\u00e1 tamb\u00e9m pode assentar objetos decorativos como uma jarra com um ramo de flores frescas ou secas ou uma moldura com uma foto de fam\u00edlia. A escolha \u00e9 sua e depende se pretende tornar este, um local mais funcional ou esteticamente mais apelativo. <\/p>\n<\/p>\n<h3>Tapete<\/h3>\n<p>Os <a href=\"https:\/\/www.ikea.com\/pt\/pt\/cat\/tapetes-10653\/\" target=\"_blank\" rel=\"noopener\">tapetes<\/a> s\u00e3o outra pe\u00e7a que ajuda a definir o espa\u00e7o ao mesmo tempo que cria a sensa\u00e7\u00e3o de conforto e aconchego a quem entra em sua casa. N\u00e3o tenha medo de apostar num tapete grande para esta divis\u00e3o e de o tornar numa das pe\u00e7as centrais. <\/p>\n<\/p>\n<h3>Espelho<\/h3>\n<p>Al\u00e9m de pequenos, muitas vezes os halls de entrada sofrem com a luminosidade reduzida. Uma das formas de equilibrar a luz do espa\u00e7o e ao mesmo tempo dar a ideia que \u00e9 maior do que aquilo que se julga \u00e9 <a href=\"https:\/\/www.imovirtual.com\/noticias\/decoracao\/feng-shui-regras-colocar-espelhos\" target=\"_blank\" rel=\"noopener\">usando espelhos<\/a>. Al\u00e9m disso, quem \u00e9 que n\u00e3o gosta de dar um olhinho no seu semblante antes de sair de casa?<\/p>\n<\/p>\n<h3>Cabide<\/h3>\n<p>Da mesma forma que a consola pode servir como um despeja bolsos &#8211; chaves, moedas, telem\u00f3vel &#8211; tamb\u00e9m um cabide pode ser um larga casacos e malas no seu dia-a-dia. Al\u00e9m desta praticidade, \u00e9 logico que este objeto ser\u00e1 muito funcional nas alturas em que receber fam\u00edlia em casa e necessitar de guardar os casacos de toda a gente. <\/p>\n<\/p>\n<h3>Sapateira<\/h3>\n<p>Nem toda a gente disp\u00f5e de um <em>closet<\/em> destinado a sapatos ou de um arm\u00e1rio incorporado na parede para o efeito. Por isso, uma op\u00e7\u00e3o pr\u00e1tica e l\u00f3gica, \u00e9 colocar uma sapateira \u00e0 entrada\/sa\u00edda de casa, j\u00e1 que muito provavelmente ser\u00e1 a\u00ed que ir\u00e1 colocar o cal\u00e7ado de rua. Assim ir\u00e1 garantir que os seus sapatos estar\u00e3o sempre organizados e que o hall de entrada n\u00e3o ir\u00e1 acumular o cal\u00e7ado de toda a fam\u00edlia. <\/p>\n<h5>Encontre aqui os <a href=\"https:\/\/www.imovirtual.com\/comprar\/q-closet\/?search%5Bdescription%5D=1\" target=\"_blank\" rel=\"noopener\">apartamentos \u00e0 venda<\/a> no Imovirtual com <em>closet <\/em><\/h5>\n<\/p>\n<h2><strong>Os extras que caem sempre bem<\/strong><\/h2>\n<\/p>\n<h3>Banco para cal\u00e7ar<\/h3>\n<p>E por falar em sapatos, n\u00e3o \u00e9 obrigat\u00f3rio mas \u00e9 conveniente ter um banco para se cal\u00e7ar \u00e0 porta de casa. Principalmente no caso das pessoas mais idosas esta pode ser uma solu\u00e7\u00e3o mais confort\u00e1vel, ao inv\u00e9s das tradicionais sapateiras. Note-se que j\u00e1 existem no mercado <a href=\"https:\/\/www.homa.pt\/pt\/es\/banco-com-estante-em-bambu-430877.html\" target=\"_blank\" rel=\"noopener\">bancos com prateleiras<\/a> incorporadas para acondicionar os sapatos. <\/p>\n<\/p>\n<h3>Um candeeiro<\/h3>\n<p>Se o seu hall de entrada n\u00e3o tiver qualquer tipo de ilumina\u00e7\u00e3o, como um candeeiro de teto ou um aplique de parede, ent\u00e3o pense em incorporar um candeeiro de p\u00e9 ou de mesa. Al\u00e9m de serem pe\u00e7as altamente funcionais, tamb\u00e9m existem modelos com uma forte componente est\u00e9tica que s\u00e3o facilmente incorporados no espa\u00e7o apenas para fins decorativos. <\/p>\n<\/p>\n<h3>Uma planta<\/h3>\n<p>Ter uma <a href=\"https:\/\/www.imovirtual.com\/noticias\/decoracao\/plantas-must-have-decoracao-de-interiores\" target=\"_blank\" rel=\"noopener\">planta em qualquer divis\u00e3o da casa<\/a> que seja, \u00e9 sempre uma boa ideia. Todavia, lembre-se que as verdinhas n\u00e3o vivem sem luz, por isso antes de pensar em incluir uma flor no seu hall de entrada certifique-se que existe luminosidade suficiente para esp\u00e9cies como a Sansevieira e a Zamioculcas &#8211; as mais tolerantes \u00e0 sombra &#8211; poderem desenvolver-se de forma saud\u00e1vel. <\/p>\n<\/p>\n<h3>Um papel de parede interessante<\/h3>\n<p>Utilizar papeis de parede no hall de entrada \u00e9 uma forma divertida e f\u00e1cil de adicionar cor \u00e1 divis\u00e3o, al\u00e9m de ajudarem a delimitar o espa\u00e7o. Existem v\u00e1rias op\u00e7\u00f5es de padr\u00f5es no mercado e a sua utiliza\u00e7\u00e3o \u00e9 muito f\u00e1cil: h\u00e1 inclusivamente modelos autocolantes em que a \u00fanica preocupa\u00e7\u00e3o que deve ter \u00e9 deixar o padr\u00e3o uniforme.<\/p>\n<h5>Descubra mais dicas para <a href=\"https:\/\/www.imovirtual.com\/noticias\/decoracao\/dicas-para-integrar-o-papel-de-parede-na-decoracao\" target=\"_blank\" rel=\"noopener\">incorporar o papel de parede<\/a> na decora\u00e7\u00e3o<\/h5>\n<\/p>\n<h3>Uma pe\u00e7a de arte chamativa<\/h3>\n<p>Se o papel de parede for uma op\u00e7\u00e3o demasiado ousada para si pode sempre optar por uma pe\u00e7a de arte de destaque: um quadro com uma ilustra\u00e7\u00e3o, uma pintura ou uma escultura com cores e padr\u00f5es irreverentes s\u00e3o boas op\u00e7\u00f5es. <\/p>\n<\/p>\n<p class=\" block-img\"><img decoding=\"async\" src=\"https:\/\/www.imovirtual.com\/noticias\/wp-content\/uploads\/2022\/11\/af14b393-f5d1-4a75-8368-42f656903033_Copia-de-Banners-Autores-3.png\" alt=\"maria lu\u00edsa imovirtual\"><\/p>\n<h5><em>Maria Lu\u00edsa \u00e9 a decoradora. A paix\u00e3o pela decora\u00e7\u00e3o surgiu desde muito cedo, quando as paredes se tornaram folhas de desenho. Juntou o \u00fatil ao agrad\u00e1vel e fez da voca\u00e7\u00e3o o seu trabalho. Est\u00e1 a cargo dos temas sobre &#8216;Decora\u00e7\u00e3o&#8217; do Blog do Imovirtual. <\/em><\/h5>\n<\/p>\n<h4><strong>Leia tamb\u00e9m<\/strong><\/h4>\n<ul>\n<li>Ideias para reformular o <a href=\"https:\/\/www.imovirtual.com\/noticias\/decoracao\/ideias-para-reformular-sotao-cave\" target=\"_blank\" rel=\"noopener\"><strong>s\u00f3t\u00e3o ou cave<\/strong><\/a><\/li>\n<li>Dicas para decorar a <a href=\"https:\/\/www.imovirtual.com\/noticias\/decoracao\/dicas-para-decorar-a-casa-de-banho\" target=\"_blank\" rel=\"noopener\"><strong>casa de banho<\/strong><\/a><\/li>\n<li>A <a href=\"https:\/\/www.imovirtual.com\/noticias\/decoracao\/cromoterapia-como-escolher-as-cores-para-a-sua-casa\" target=\"_blank\" rel=\"noopener\"><strong>cromoterapia<\/strong><\/a>: como escolher as cores para a sua casa<\/li>\n<\/ul>\n<\/p>\n<div class=\"css-h5fkc8\"><strong>Ultima actualiza\u00e7\u00e3o:<\/strong> 01 outubro 2021<\/div>\n","protected":false},"excerpt":{"rendered":"<p>Maximize um hall de entrada pequeno com estas dicas Provavelmente ser\u00e1 uma das divis\u00f5es mais pequenas da sua casa, quer viva numa apartamento ou numa moradia. O hall de entrada \u00e9 um espa\u00e7o de passagem, onde se largam sapatos e malas e os bolsos s\u00e3o esvaziados indiscriminadamente para cima das consolas. Mas tamb\u00e9m \u00e9 o &hellip;<\/p>\n","protected":false},"author":3,"featured_media":2414,"comment_status":"closed","ping_status":"open","sticky":false,"template":"","format":"standard","meta":{"footnotes":""},"categories":[3],"tags":[],"class_list":["post-2413","post","type-post","status-publish","format-standard","has-post-thumbnail","hentry","category-lifestyle"],"_links":{"self":[{"href":"https:\/\/www.imovirtual.com\/noticias\/wp-json\/wp\/v2\/posts\/2413","targetHints":{"allow":["GET"]}}],"collection":[{"href":"https:\/\/www.imovirtual.com\/noticias\/wp-json\/wp\/v2\/posts"}],"about":[{"href":"https:\/\/www.imovirtual.com\/noticias\/wp-json\/wp\/v2\/types\/post"}],"author":[{"embeddable":true,"href":"https:\/\/www.imovirtual.com\/noticias\/wp-json\/wp\/v2\/users\/3"}],"replies":[{"embeddable":true,"href":"https:\/\/www.imovirtual.com\/noticias\/wp-json\/wp\/v2\/comments?post=2413"}],"version-history":[{"count":0,"href":"https:\/\/www.imovirtual.com\/noticias\/wp-json\/wp\/v2\/posts\/2413\/revisions"}],"wp:featuredmedia":[{"embeddable":true,"href":"https:\/\/www.imovirtual.com\/noticias\/wp-json\/wp\/v2\/media\/2414"}],"wp:attachment":[{"href":"https:\/\/www.imovirtual.com\/noticias\/wp-json\/wp\/v2\/media?parent=2413"}],"wp:term":[{"taxonomy":"category","embeddable":true,"href":"https:\/\/www.imovirtual.com\/noticias\/wp-json\/wp\/v2\/categories?post=2413"},{"taxonomy":"post_tag","embeddable":true,"href":"https:\/\/www.imovirtual.com\/noticias\/wp-json\/wp\/v2\/tags?post=2413"}],"curies":[{"name":"wp","href":"https:\/\/api.w.org\/{rel}","templated":true}]}}