{"id":2402,"date":"2021-06-09T00:00:00","date_gmt":"2021-06-09T00:00:00","guid":{"rendered":"https:\/\/www.imovirtual.com\/noticias2\/2021\/06\/09\/organizar-arquivos-do-escritorio\/"},"modified":"2024-08-28T10:19:19","modified_gmt":"2024-08-28T10:19:19","slug":"organizar-arquivos-do-escritorio","status":"publish","type":"post","link":"https:\/\/www.imovirtual.com\/noticias\/lifestyle\/organizar-arquivos-do-escritorio\/","title":{"rendered":"Saiba como organizar os arquivos do seu escrit\u00f3rio"},"content":{"rendered":"<p class=\"css-8qfla4\">\n<p class=\"css-m5h6m0 edperro0\">\n<h1><strong>Dicas para organizar os arquivos do seu escrit\u00f3rio<\/strong><\/h1>\n<p>O teletrabalho parece ter vindo para ficar e muitas s\u00e3o as empresas que optaram por manter regimes h\u00edbridos ou totalmente remotos, mesmo depois do avan\u00e7o do pa\u00eds na fase de desconfinamento. Durante a quarentena, muitos foram os portugueses que acabaram por criar espa\u00e7os para <a href=\"https:\/\/www.imovirtual.com\/noticias\/lifestyle\/dicas-para-gerir-o-trabalho-em-casa\" target=\"_blank\" rel=\"noopener\">trabalhar em casa<\/a>. Uns preocuparam-se em construir <a href=\"https:\/\/www.imovirtual.com\/noticias\/imobiliario\/como-criar-um-escritorio-em-casa-eficiente\" target=\"_blank\" rel=\"noopener\">escrit\u00f3rios eficientes<\/a>, capazes de satisfazer todas suas necessidades; outros, mais n\u00f3madas, acabaram por preferir a solu\u00e7\u00e3o do <a href=\"https:\/\/www.imovirtual.com\/noticias\/decoracao\/escritorio-movel-em-casa\" target=\"_blank\" rel=\"noopener\">escrit\u00f3rio m\u00f3vel<\/a>, onde cada dia o cen\u00e1rio \u00e9 diferente. <\/p>\n<p>Seja como for, sabemos que n\u00e3o \u00e9 f\u00e1cil manter um escrit\u00f3rio funcional e prazeroso para trabalhar, sobretudo no que diz respeito \u00e0 organiza\u00e7\u00e3o de papeis e tarefas. Encontrar o sistema de classifica\u00e7\u00e3o para os arquivos pode ser um verdadeiro quebra-cabe\u00e7as, mas n\u00e3o \u00e9 imposs\u00edvel. E claro, \u00e9 fundamental fazer limpezas semanais ao espa\u00e7o para se livrar da papelada e dos demais objetos que entretanto por l\u00e1 se juntaram e assim evitar problemas de acumula\u00e7\u00e3o. Confira as nossas dicas para o ajudar a criar um espa\u00e7o limpo e arrumado e a aumentar a sua produtividade.<\/p>\n<ol>\n<li>Guarde os seus documentos e papeis em arm\u00e1rios fechados para evitar uma <a href=\"https:\/\/www.imovirtual.com\/noticias\/decoracao\/visual-clutter-como-resolver\" target=\"_blank\" rel=\"noopener\">desorganiza\u00e7\u00e3o visual<\/a>;<\/li>\n<li>Crie um sistema para os seus arquivos com a ajuda de pastas com divis\u00f3rias e separe os arquivos profissionais dos pessoais;<\/li>\n<li>Designe um espa\u00e7o da secret\u00e1ria para os novos documentos que necessitam ser triados e arquivados;<\/li>\n<li>Identifique as gavetas, estantes, dossiers e todos os materiais que acondicionem os seus arquivos com etiquetas, para ser mais f\u00e1cil reconhecer o seu conte\u00fado;<\/li>\n<li>Instale um quadro ard\u00f3sia ou magn\u00e9tico para que possa l\u00e1 colocar todas as suas tarefas e eventuais papeis importantes &#8211; como as passwords da rede de casa;<\/li>\n<li>Prefira sempre documentos digitais a documentos f\u00edsicos e sempre que poss\u00edvel, digitalize os seus arquivos mais antigos e descarte o formato papel;<\/li>\n<li>No caso de arquivos que seguem a organiza\u00e7\u00e3o por datas, coloque sempre primeiro e mais \u00e0 m\u00e3o a pasta referente ao ano atual; <\/li>\n<li>Fa\u00e7a uma vistoria semestral ao conte\u00fado do seu escrit\u00f3rio para garantir que ainda necessita de toda a papelada e objetos que l\u00e1 moram; <\/li>\n<\/ol>\n<p class=\" block-img\"><img decoding=\"async\" src=\"https:\/\/www.imovirtual.com\/noticias\/wp-content\/uploads\/2022\/11\/af14b393-f5d1-4a75-8368-42f656903033_Copia-de-Banners-Autores-3.png\" alt=\"Maria Lu\u00edsa Autor Imovirtual\"><\/p>\n<h5><em>Maria Lu\u00edsa \u00e9 a decoradora. A paix\u00e3o pela decora\u00e7\u00e3o surgiu desde muito cedo, quando as paredes se tornaram folhas de desenho. Juntou o \u00fatil ao agrad\u00e1vel e fez da voca\u00e7\u00e3o o seu trabalho. Est\u00e1 a cargo dos temas sobre &#8216;Decora\u00e7\u00e3o&#8217; do Blog do Imovirtual. <\/em><\/h5>\n<\/p>\n<h4><strong>Veja tamb\u00e9m<\/strong><\/h4>\n<ul>\n<li>Proteja a sua casa da <a href=\"https:\/\/www.imovirtual.com\/noticias\/lifestyle\/proteja-a-sua-casa-da-humidade-com-estas-dicas\" target=\"_blank\" rel=\"noopener\"><strong>humidade<\/strong><\/a> com estas dicas<\/li>\n<li>Guia para tornar a sua <a href=\"https:\/\/www.imovirtual.com\/noticias\/lifestyle\/guia-para-tornar-a-sua-casa-inteligente\" target=\"_blank\" rel=\"noopener\"><strong>Casa Inteligente<\/strong><\/a><\/li>\n<li>Tudo o que precisa para criar o seu <a href=\"https:\/\/www.imovirtual.com\/noticias\/lifestyle\/tudo-o-que-precisa-para-criar-o-seu-ginasio-em-casa\" target=\"_blank\" rel=\"noopener\"><strong>gin\u00e1sio em casa<\/strong><\/a><\/li>\n<\/ul>\n<\/p>\n<div class=\"css-h5fkc8\"><strong>Ultima actualiza\u00e7\u00e3o:<\/strong> 01 outubro 2021<\/div>\n","protected":false},"excerpt":{"rendered":"<p>Dicas para organizar os arquivos do seu escrit\u00f3rio O teletrabalho parece ter vindo para ficar e muitas s\u00e3o as empresas que optaram por manter regimes h\u00edbridos ou totalmente remotos, mesmo depois do avan\u00e7o do pa\u00eds na fase de desconfinamento. Durante a quarentena, muitos foram os portugueses que acabaram por criar espa\u00e7os para trabalhar em casa. &hellip;<\/p>\n","protected":false},"author":3,"featured_media":2403,"comment_status":"closed","ping_status":"open","sticky":false,"template":"","format":"standard","meta":{"footnotes":""},"categories":[3],"tags":[],"class_list":["post-2402","post","type-post","status-publish","format-standard","has-post-thumbnail","hentry","category-lifestyle"],"_links":{"self":[{"href":"https:\/\/www.imovirtual.com\/noticias\/wp-json\/wp\/v2\/posts\/2402","targetHints":{"allow":["GET"]}}],"collection":[{"href":"https:\/\/www.imovirtual.com\/noticias\/wp-json\/wp\/v2\/posts"}],"about":[{"href":"https:\/\/www.imovirtual.com\/noticias\/wp-json\/wp\/v2\/types\/post"}],"author":[{"embeddable":true,"href":"https:\/\/www.imovirtual.com\/noticias\/wp-json\/wp\/v2\/users\/3"}],"replies":[{"embeddable":true,"href":"https:\/\/www.imovirtual.com\/noticias\/wp-json\/wp\/v2\/comments?post=2402"}],"version-history":[{"count":0,"href":"https:\/\/www.imovirtual.com\/noticias\/wp-json\/wp\/v2\/posts\/2402\/revisions"}],"wp:featuredmedia":[{"embeddable":true,"href":"https:\/\/www.imovirtual.com\/noticias\/wp-json\/wp\/v2\/media\/2403"}],"wp:attachment":[{"href":"https:\/\/www.imovirtual.com\/noticias\/wp-json\/wp\/v2\/media?parent=2402"}],"wp:term":[{"taxonomy":"category","embeddable":true,"href":"https:\/\/www.imovirtual.com\/noticias\/wp-json\/wp\/v2\/categories?post=2402"},{"taxonomy":"post_tag","embeddable":true,"href":"https:\/\/www.imovirtual.com\/noticias\/wp-json\/wp\/v2\/tags?post=2402"}],"curies":[{"name":"wp","href":"https:\/\/api.w.org\/{rel}","templated":true}]}}