{"id":2379,"date":"2021-09-30T00:00:00","date_gmt":"2021-09-30T00:00:00","guid":{"rendered":"https:\/\/www.imovirtual.com\/noticias2\/2021\/09\/30\/podcasts-casa\/"},"modified":"2021-09-30T00:00:00","modified_gmt":"2021-09-30T00:00:00","slug":"podcasts-casa","status":"publish","type":"post","link":"https:\/\/www.imovirtual.com\/noticias\/lifestyle\/podcasts-casa\/","title":{"rendered":"Podcasts para o ajudar na vida dom\u00e9stica"},"content":{"rendered":"<p class=\"css-8qfla4\">\n<p class=\"css-m5h6m0 edperro0\">\n<h1><strong>Podcasts sobre a casa<\/strong><\/h1>\n<p>Organizar e manter uma casa limpa e arrumada n\u00e3o \u00e9 tarefa f\u00e1cil e todos conhecemos a complexidade do processo: entre definir a melhor estrat\u00e9gia, criar uma <a href=\"https:\/\/www.imovirtual.com\/noticias\/lifestyle\/rotina-diaria-de-limpeza-domestica\" target=\"_blank\" rel=\"noopener\"><strong>rotina de limpeza semanal<\/strong><\/a> e conseguir convencer todos os membros do agregado familiar a cumprir com as tarefas dom\u00e9sticas que lhes foram atribu\u00eddas, v\u00e1rios altos e baixos v\u00e3o surgindo no caminho. No <strong>Blog do Imovirtual<\/strong> temos vindo a debater a<strong> quest\u00e3o da organiza\u00e7\u00e3o, rotina e limpeza de um lar<\/strong> ao longo dos \u00faltimos tempos, atrav\u00e9s de v\u00e1rios guias para organizar cada espa\u00e7o e divis\u00e3o e sugerido e da sugest\u00e3o de <strong><a href=\"https:\/\/www.imovirtual.com\/noticias\/lifestyle\/5-series-e-filmes-da-netflix-que-o-ajudam-a-organizar\" target=\"_blank\" rel=\"noopener\">s\u00e9ries<\/a>, <a href=\"https:\/\/www.imovirtual.com\/noticias\/decoracao\/livros-sobre-decoracao-organizacao-casa\" target=\"_blank\" rel=\"noopener\">livros<\/a> <\/strong>e at\u00e9<strong> <a href=\"https:\/\/www.imovirtual.com\/noticias\/lifestyle\/5-apps-tarefas-casa\" target=\"_blank\" rel=\"noopener\">aplica\u00e7\u00f5es<\/a> <\/strong>que oferecem truques e dicas para facilitar a vida dom\u00e9stica.. <\/p>\n<p>Al\u00e9m destes dois formatos, pode encontrar v\u00e1rios conselhos noutros canais, em particular os Podcasts, <strong>um formato \u00e1udio, semelhante \u00e0 r\u00e1dio, que pode ser ouvido sempre que quiser <\/strong>em plataformas como o <a href=\"https:\/\/open.spotify.com\/genre\/podcasts-page\" target=\"_blank\" rel=\"noopener\"><strong>Spotify<\/strong><\/a>, <a href=\"https:\/\/www.youtube.com\/\" target=\"_blank\" rel=\"noopener\"><strong>YouTube<\/strong><\/a> ou <a href=\"https:\/\/www.apple.com\/pt\/itunes\/podcasts\/discover\/\" target=\"_blank\" rel=\"noopener\"><strong>iTunes<\/strong><\/a>. Por isso, e como forma de celebrar o<strong> Dia Internacional dos Podcasts<\/strong>, partilhamos consigo., 7 t\u00edtulos que tocam os<strong> temas da organiza\u00e7\u00e3o, decora\u00e7\u00e3o, culin\u00e1ria, <a href=\"https:\/\/www.imovirtual.com\/noticias\/lifestyle\/plantas-pet-friendly\" target=\"_blank\" rel=\"noopener\">plantas<\/a> e gest\u00e3o financeira<\/strong>, para facilitar a sua vida em casa. Qui\u00e7a, pode at\u00e9 ouvi-los enquanto limpa o p\u00f3 ou trata das suas <a href=\"https:\/\/www.imovirtual.com\/noticias\/lifestyle\/cuidados-tabuas-madeira\" target=\"_blank\" rel=\"noopener\">t\u00e1buas de cozinha<\/a>. <\/p>\n<h2><\/h2>\n<h2><a href=\"https:\/\/makespacepodcast.com\/\" target=\"_blank\" rel=\"noopener\"><strong>Make Space with Cara Newhart<\/strong><\/a><\/h2>\n<p>A anfitri\u00e3 Cara Newhart, designer e YouTuber, \u00e9 quem d\u00e1 vida e voz a <strong><em>Make Space<\/em><\/strong>, um podcast que procura ajudar a<strong> criar espa\u00e7os coesos, a usar as ferramentas de design e a recorrer \u00e0 magia do <em>DIY &#8211; do it yourself<\/em>  <\/strong>(Tradu\u00e7\u00e3o literal: &#8220;Fa\u00e7a voc\u00ea mesmo&#8221;). S\u00e3o v\u00e1rios os epis\u00f3dios que contam com participa\u00e7\u00f5es especiais de convidados especializados nos temas tratados em cada t\u00edtulo e onde Cara Newhart ajuda a encontrar o <a href=\"https:\/\/www.imovirtual.com\/noticias\/decoracao\/descubra-o-seu-estilo-de-decoracao-de-interiores\" target=\"_blank\" rel=\"noopener\"><strong>estilo de decora\u00e7\u00e3o de interiores<\/strong><\/a>, a encarar a decora\u00e7\u00e3o sem medo e a encontrar a confian\u00e7a para transformar a sua casa. O podcast est\u00e1 dispon\u00edvel em v\u00e1rias plataformas incluindo a <a href=\"https:\/\/podcasts.apple.com\/us\/podcast\/make-space-with-cara-newhart-home-design-diy\/id1400547533\" target=\"_blank\" rel=\"noopener\"><strong>iTunes<\/strong><\/a> e a<strong> <a href=\"https:\/\/open.spotify.com\/show\/0TOadgzpoByc7mw2IBAIoo?si=a6MWWFg4Rxq7ibjZowUMuA&amp;dl_branch=1\" target=\"_blank\" rel=\"noopener\">Spotify<\/a><\/strong>, mas se pretender ouvir mais de Cara Newhart e dos temas sobre casa que ela aborda, pode sempre acompanh\u00e1-las no Youtube, atrav\u00e9s do canal <a href=\"https:\/\/www.youtube.com\/c\/Neverskipbrunch\/videos\" target=\"_blank\" rel=\"noopener\"><strong>Never Skip Brunch<\/strong><\/a>.<\/p>\n<\/p>\n<h2><a href=\"https:\/\/bloomandgrowradio.com\/podcast\/\" target=\"_blank\" rel=\"noopener\"><strong>Bloom and Grow<\/strong><\/a><\/h2>\n<p>Tratar das plantas \u00e9 um supl\u00edcio e j\u00e1 n\u00e3o sabe o que fazer para as manter vivas e vi\u00e7osas? Ent\u00e3o a solu\u00e7\u00e3o pode passar pelo <strong><em>Bloom and Grow<\/em><\/strong>, o podcast de Maria Failla. Por l\u00e1, vai encontrar v\u00e1rias <strong>dicas que para criar um jardim vertical em casa, para cuidar das amigas verdes ou para iniciar-se no mundo da jardinagem<\/strong>. Frequentemente, Maria entrevista outras personalidades que ajudam a descodificar os temas, que podem ir desde a temperatura ideal das plantas, ao tipo de solo e ao como cuidar da esp\u00e9cie x \u00e0 esp\u00e9cie y. Dispon\u00edvel no <a href=\"https:\/\/open.spotify.com\/show\/33ExNjMA35y9Uv7ceJZaOK?si=7FYTc1LdTqOhz4NwLtIdMA&amp;dl_branch=1\" target=\"_blank\" rel=\"noopener\"><strong>Spotify<\/strong><\/a>, <a href=\"https:\/\/podcasts.apple.com\/us\/podcast\/bloom-and-grow-radio\/id1313519159\" target=\"_blank\" rel=\"noopener\"><strong>iTunes<\/strong><\/a>, <a href=\"https:\/\/podcasts.google.com\/feed\/aHR0cHM6Ly9mZWVkcy5yZWRjaXJjbGUuY29tL2UzOWY2MGEwLWUxYzAtNDJhOC05ZmIxLTVkOWI5ZmNmYWM0YQ?sa=X&amp;ved=0CAMQ4aUDahcKEwj48prWxpXzAhUAAAAAHQAAAAAQAQ&amp;hl=en-PT\" target=\"_blank\" rel=\"noopener\"><strong>Google<\/strong><\/a> e demais plataformas, j\u00e1 n\u00e3o vai ter desculpa para ser um\/a <em>plantkiller<\/em> (termo usado no mundo das plantas, para quem mata muitas amigas verdes).<\/p>\n<\/p>\n<h3>Veja tamb\u00e9m: <em>Como montar um <strong><a href=\"https:\/\/www.imovirtual.com\/noticias\/decoracao\/saiba-como-montar-um-jardim-vertical-em-casa\" target=\"_blank\" rel=\"noopener\">jardim vertical em casa<\/a><\/strong><\/em><\/h3>\n<\/p>\n<h2><a href=\"https:\/\/moneylab.pt\/2019\/07\/08\/moneybar-o-novo-podcast-sobre-financas-pessoais\" target=\"_blank\" rel=\"noopener\"><strong>MoneyBar<\/strong><\/a><\/h2>\n<p>Se a sua preocupa\u00e7\u00e3o s\u00e3o as<strong> <a href=\"https:\/\/www.imovirtual.com\/noticias\/financas\/\" target=\"_blank\" rel=\"noopener\">finan\u00e7as<\/a><\/strong> e precisa de um podcast em bom portugu\u00eas para se saber orientar por entre os n\u00fameros, ent\u00e3o <em><strong>MoneyBar<\/strong><\/em> com B\u00e1rbara Barroso \u00e9 a resposta para os seus problemas. A sua anfitri\u00e3 \u00e9 fundadora do <a href=\"https:\/\/moneylab.pt\/\" target=\"_blank\" rel=\"noopener\"><strong>MoneyLab<\/strong><\/a>, bem como especialista em finan\u00e7as pessoais, consultora financeira, empres\u00e1ria e palestrante internacional h\u00e1 mais de 10 anos. A especialista criou este podcast para <strong>ajudar os portugueses a gerirem as suas finan\u00e7as pessoais, atrav\u00e9s de conversas descontra\u00eddas<\/strong>, &#8220;quase como se fosse beber um copo com os amigos&#8221;, declara. Dispon\u00edvel no <a href=\"https:\/\/open.spotify.com\/show\/7sA5K4l66tkUaUJ8WmpvyJ?si=G1mgj_LeRve5OTz9ef8lkA&amp;dl_branch=1\" target=\"_blank\" rel=\"noopener\"><strong>Spotify<\/strong><\/a>, <a href=\"https:\/\/podcasts.apple.com\/pt\/podcast\/moneybar\/id1471044442\" target=\"_blank\" rel=\"noopener\"><strong>iTunes<\/strong><\/a> e <a href=\"https:\/\/soundcloud.com\/barbara_barroso\" target=\"_blank\" rel=\"noopener\"><strong>Soundcloud<\/strong><\/a>.<\/p>\n<\/p>\n<h2><a href=\"https:\/\/open.spotify.com\/show\/63oCIyxVSNqeOz4Zcw5xMa\" target=\"_blank\" rel=\"noopener\"><strong>O Chef \u00e9 que sabe<\/strong><\/a><\/h2>\n<p>Trazido pela <a href=\"https:\/\/www.rtp.pt\/rdpinternacional\/\" target=\"_blank\" rel=\"noopener\"><strong>RDP &#8211; Internacional<\/strong><\/a>, a esta\u00e7\u00e3o de r\u00e1dio da RTP, <em><strong>O Chef \u00e9 que sabe<\/strong><\/em> \u00e9 um podcast liderado pelo chef Tiago Emanuel Santos. Em tom descontra\u00eddo, cada epis\u00f3dio aborda uma tem\u00e1tica, uma regi\u00e3o do pa\u00eds, um prato ou um ingrediente, explorando-o e ajudando os ouvintes a vingar no mundo dos tachos e panelas. Se precisa de uma m\u00e3o extra na cozinha, este \u00e9 o podcast para si e a boa not\u00edcia \u00e9 que o pode encontrar diretamente no site da <a href=\"https:\/\/www.rtp.pt\/play\/p6404\/o-chef-e-que-sabe\" target=\"_blank\" rel=\"noopener\"><strong>RTP<\/strong><\/a>, no <a href=\"https:\/\/open.spotify.com\/show\/63oCIyxVSNqeOz4Zcw5xMa\" target=\"_blank\" rel=\"noopener\"><strong>Spotify <\/strong><\/a>ou no <a href=\"https:\/\/podcasts.apple.com\/us\/podcast\/o-chef-%C3%A9-que-sabe\/id1488494171\" target=\"_blank\" rel=\"noopener\"><strong>iTunes<\/strong><\/a>. <strong>Dica: <\/strong>experimente ouvi-lo enquanto (tenta) prepara(r) o pr\u00f3ximo jantar. <\/p>\n<\/p>\n<h3>Tamb\u00e9m lhe pode interessar: <em>O que n\u00e3o pode faltar num <strong><a href=\"https:\/\/www.imovirtual.com\/noticias\/lifestyle\/o-que-nao-pode-faltar-num-jantar-italiano\" target=\"_blank\" rel=\"noopener\">jantar italiano em casa<\/a><\/strong><\/em><\/h3>\n<\/p>\n<h2><a href=\"https:\/\/www.theminimalists.com\/podcast\/\" target=\"_blank\" rel=\"noopener\"><strong>The Minimalists Podcast<\/strong><\/a><\/h2>\n<p>Viver com menos \u00e9 objetivo da discuss\u00e3o do <strong><em>The Minimalists Podcast<\/em><\/strong>, apresentado pelos especialistas em minimalismo norte-americanos, Joshua Fields Millburn e Ryan Nicodemus. Um aclamado podcast que toca temas importantes e desafia o ouvinte a pensar na melhor forma de aplicar o estilo de vida minimalista \u00e0 sua realidade, aos seus h\u00e1bitos e claro \u00e1 organiza\u00e7\u00e3o e decora\u00e7\u00e3o da sua casa. Pode ser ouvido em v\u00e1rias plataformas de streaming, incluindo o <a href=\"https:\/\/podcasts.google.com\/feed\/aHR0cHM6Ly90aGVtaW5pbWFsaXN0cy5saWJzeW4uY29tL3Jzcw\" target=\"_blank\" rel=\"noopener\"><strong>Google Podcasts<\/strong><\/a>, <a href=\"https:\/\/open.spotify.com\/show\/5ECF0soZ1H5NxZHanAzUYd\" target=\"_blank\" rel=\"noopener\"><strong>Spotify<\/strong><\/a>, <a href=\"https:\/\/podcasts.apple.com\/us\/podcast\/the-minimalists-podcast\/id1069757084\" target=\"_blank\" rel=\"noopener\"><strong>iTunes<\/strong><\/a> e <a href=\"https:\/\/www.youtube.com\/theminimalistspodcast\" target=\"_blank\" rel=\"noopener\"><strong>YouTube<\/strong><\/a>. <\/p>\n<\/p>\n<h2><a href=\"https:\/\/open.spotify.com\/show\/3idlFVss7jTS4qb1VkQipR\" target=\"_blank\" rel=\"noopener\"><strong>Caf\u00e9 com a organizer<\/strong><\/a><\/h2>\n<p>Organiza\u00e7\u00e3o, bem estar e qualidade de vida s\u00e3o os temas que o podcast <strong><em>Caf\u00e9 com a organizer<\/em><\/strong> procura tocar. Personal organizer de profiss\u00e3o, Ana Afonso, a anfitri\u00e3 do podcast, procura discutir temas como o consumo, a organiza\u00e7\u00e3o e a limpeza, de forma descontra\u00edda e ponderada. O podcast pode ser escutado atrav\u00e9s do <a href=\"https:\/\/podcasts.apple.com\/us\/podcast\/caf%C3%A9-com-a-organizer\/id1330632727\" target=\"_blank\" rel=\"noopener\"><strong>iTunes<\/strong><\/a> ou do <a href=\"https:\/\/open.spotify.com\/show\/3idlFVss7jTS4qb1VkQipR\" target=\"_blank\" rel=\"noopener\"><strong>Spotify<\/strong><\/a>.<\/p>\n<\/p>\n<h2><strong><a href=\"https:\/\/open.spotify.com\/show\/4GKimR7oYQM6OcAHLJoPPx\" target=\"_blank\" rel=\"noopener\">PodTudo<\/a>: Dicas de Limpeza e Decora\u00e7\u00e3o &#8211; Dr. Lava Tudo<\/strong><\/h2>\n<p>O nome diz tudo n\u00e3o fosse o <strong><em>PodTudo: Dicas de Limpeza e Decora\u00e7\u00e3o<\/em><\/strong> da empresa brasileira Dr. Lava Tudo, o podcast que promete ensinar v\u00e1rios truques para facilitar a sua vida em casa. N\u00e3o \u00e9 por isso de estranhar, que temas como limpeza, organiza\u00e7\u00e3o e bem-estar sejam abordados frequentemente nos epis\u00f3dios do PodTudo. Como tirar o cheiro a mofo, como fazer amaciador caseiro ou como acabar com o cheiro do cigarro, s\u00e3o algumas das tem\u00e1ticas abordadas pela Dr. Lava Tudo, que tamb\u00e9m oferece dicas de limpeza e bem-estar no seu <a href=\"https:\/\/drlavatudo.com\/blog\/\" target=\"_blank\" rel=\"noopener\">blog<\/a>. Quanto ao podcast, esse pode ser escutado atrav\u00e9s do <a href=\"https:\/\/podcasts.apple.com\/us\/podcast\/podtudo-dicas-de-limpeza-e-decora%C3%A7%C3%A3o-dr-lava-tudo\/id1509589764\" target=\"_blank\" rel=\"noopener\"><strong>iTunes<\/strong><\/a> ou <strong><a href=\"https:\/\/open.spotify.com\/show\/4GKimR7oYQM6OcAHLJoPPx\" target=\"_blank\" rel=\"noopener\">Spotify<\/a>.<\/strong><\/p>\n<h3>Mais sobre limpeza e organiza\u00e7\u00e3o: <a href=\"https:\/\/www.imovirtual.com\/noticias\/lifestyle\/dicas-domesticas\" target=\"_blank\" rel=\"noopener\"><em><strong>Truques para facilitar a vida em casa<\/strong><\/em><\/a><\/h3>\n<\/p>\n<p class=\" block-img\"><img decoding=\"async\" src=\"https:\/\/www.imovirtual.com\/noticias\/wp-content\/uploads\/2022\/11\/bd5974cf-f0b2-4813-a690-c8359669947e_Copia-de-Banners-Autores.png\" alt=\"Ana Catarina Autor Imovirtual\"><\/p>\n<h5><em>Ana Catarina \u00e9 a mi\u00fada das tend\u00eancias. Gosta de ficar em casa a perder-se pelas p\u00e1ginas de um livro, mas tamb\u00e9m n\u00e3o dispensa um caf\u00e9 tardio com os amigos. Est\u00e1 sempre \u00e0 procura do \u00faltimo grito em Lifestyle para revelar no Blog do Imovirtual.<\/em><\/h5>\n<\/p>\n<h4><strong>Os nossos guias para organizar a casa:<\/strong><\/h4>\n<ul>\n<li>Organize a sua casa: <a href=\"https:\/\/www.imovirtual.com\/noticias\/lifestyle\/organizar-casa-de-banho\" target=\"_blank\" rel=\"noopener\"><strong>casa de banho<\/strong><\/a><\/li>\n<li>Organize a sua casa: <a href=\"https:\/\/www.imovirtual.com\/noticias\/lifestyle\/organize-a-sua-cozinha\" target=\"_blank\" rel=\"noopener\"><strong>cozinha<\/strong><\/a><\/li>\n<li>Organize a sua casa: <a href=\"https:\/\/www.imovirtual.com\/noticias\/lifestyle\/organize-a-sua-casa-despensa\" target=\"_blank\" rel=\"noopener\"><strong>despensa<\/strong><\/a><\/li>\n<li>Como organizar o <a href=\"https:\/\/www.imovirtual.com\/noticias\/lifestyle\/organizacao-frigorifico-congelador\" target=\"_blank\" rel=\"noopener\"><strong>frigor\u00edfico e congelador<\/strong><\/a><\/li>\n<li><a href=\"https:\/\/www.imovirtual.com\/noticias\/lifestyle\/organizacao-closet\" target=\"_blank\" rel=\"noopener\"><strong>Closet<\/strong><\/a>: como o manter organizado<\/li>\n<\/ul>\n<\/p>\n<div class=\"css-h5fkc8\"><strong>Ultima actualiza\u00e7\u00e3o:<\/strong> 30 setembro 2021<\/div>\n","protected":false},"excerpt":{"rendered":"<p>Podcasts sobre a casa Organizar e manter uma casa limpa e arrumada n\u00e3o \u00e9 tarefa f\u00e1cil e todos conhecemos a complexidade do processo: entre definir a melhor estrat\u00e9gia, criar uma rotina de limpeza semanal e conseguir convencer todos os membros do agregado familiar a cumprir com as tarefas dom\u00e9sticas que lhes foram atribu\u00eddas, v\u00e1rios altos &hellip;<\/p>\n","protected":false},"author":3,"featured_media":2380,"comment_status":"closed","ping_status":"open","sticky":false,"template":"","format":"standard","meta":{"footnotes":""},"categories":[3],"tags":[],"class_list":["post-2379","post","type-post","status-publish","format-standard","has-post-thumbnail","hentry","category-lifestyle"],"_links":{"self":[{"href":"https:\/\/www.imovirtual.com\/noticias\/wp-json\/wp\/v2\/posts\/2379","targetHints":{"allow":["GET"]}}],"collection":[{"href":"https:\/\/www.imovirtual.com\/noticias\/wp-json\/wp\/v2\/posts"}],"about":[{"href":"https:\/\/www.imovirtual.com\/noticias\/wp-json\/wp\/v2\/types\/post"}],"author":[{"embeddable":true,"href":"https:\/\/www.imovirtual.com\/noticias\/wp-json\/wp\/v2\/users\/3"}],"replies":[{"embeddable":true,"href":"https:\/\/www.imovirtual.com\/noticias\/wp-json\/wp\/v2\/comments?post=2379"}],"version-history":[{"count":0,"href":"https:\/\/www.imovirtual.com\/noticias\/wp-json\/wp\/v2\/posts\/2379\/revisions"}],"wp:featuredmedia":[{"embeddable":true,"href":"https:\/\/www.imovirtual.com\/noticias\/wp-json\/wp\/v2\/media\/2380"}],"wp:attachment":[{"href":"https:\/\/www.imovirtual.com\/noticias\/wp-json\/wp\/v2\/media?parent=2379"}],"wp:term":[{"taxonomy":"category","embeddable":true,"href":"https:\/\/www.imovirtual.com\/noticias\/wp-json\/wp\/v2\/categories?post=2379"},{"taxonomy":"post_tag","embeddable":true,"href":"https:\/\/www.imovirtual.com\/noticias\/wp-json\/wp\/v2\/tags?post=2379"}],"curies":[{"name":"wp","href":"https:\/\/api.w.org\/{rel}","templated":true}]}}