{"id":2377,"date":"2020-08-04T00:00:00","date_gmt":"2020-08-04T00:00:00","guid":{"rendered":"https:\/\/www.imovirtual.com\/noticias2\/2020\/08\/04\/2-rooftops-do-porto-com-melhores-vista\/"},"modified":"2020-08-04T00:00:00","modified_gmt":"2020-08-04T00:00:00","slug":"2-rooftops-do-porto-com-melhores-vista","status":"publish","type":"post","link":"https:\/\/www.imovirtual.com\/noticias\/lifestyle\/2-rooftops-do-porto-com-melhores-vista\/","title":{"rendered":"2 Rooftops do Porto com melhores vista"},"content":{"rendered":"<p class=\"css-8qfla4\">\n<p class=\"css-m5h6m0 edperro0\">\n<h1><strong>2 Rooftops do Porto com melhores vista<\/strong><\/h1>\n<p>Desfrutar da maravilhosa vis\u00e3o que proporcionam sobre o bel\u00edssimo casario da cidade Invicta, mas igualmente sobre o imponente rio Douro e as suas variadas e arquitetonicamente belas pontes que o atravessam, \u00e9 apenas um dos prazeres que os imensos rooftops existentes no Porto proporcionam a quem os frequenta.<\/p>\n<p>Situados em alguns dos edif\u00edcios mais altos da urbe tripeira, lugares que colocam os convivas mais perto do c\u00e9u, os rooftops s\u00e3o locais de elei\u00e7\u00e3o para quem, para al\u00e9m da paisagem, pretende desfrutar de um conv\u00edvio entre amigos, um momento de namoro ou um final de tarde de divers\u00e3o, por exemplo, num divertido por do sol musical, entre muitas outras coisas poss\u00edveis de fruir num local t\u00e3o especial como \u00e9 um rooftop.<\/p>\n<p>Obviamente, para acompanhar h\u00e1 sempre bebidas frescas, pois os rooftops, por quest\u00f5es clim\u00e1ticas, funcionam preferencialmente nos meses em torno do ver\u00e3o pelo que se quer, essencialmente\u2026 bebidas frescas. S\u00e3o famosos os cocktails, mas tamb\u00e9m os vinhos, ou n\u00e3o fosse o Porto e o Douro conhecidos pelos seus n\u00e9ctares de excel\u00eancia.<\/p>\n<p>Para al\u00e9m das paisagens extraordin\u00e1rias, dos momentos fant\u00e1sticos entre amigos, das bebidas e da m\u00fasica para animar, nos rooftops do Porto \u00e9 ainda poss\u00edvel degustar comida, mais ou menos tradicional, mas seguramente saborosa e sempre com a cidade no paladar.<\/p>\n<p>Posto isto, a miss\u00e3o mais complicada \u00e9 escolher onde ir. Ou seja, que rooftop visitar? Deixamos duas sugest\u00f5es que certamente agradar\u00e3o. <\/p>\n<\/p>\n<h3><strong>RoofTop Sta. Catarina e Mirajazz<\/strong><\/h3>\n<p>Sob o lema \u201cA Vibe Positiva solta pelo ar, como no\u0301s gostamos\u201d, no terra\u00e7o do centro comercial La Vie, bem no cora\u00e7\u00e3o da cidade do Porto, fica o <a href=\"https:\/\/https:\/\/www.facebook.com\/rooftopsta.catarina\/\" target=\"_blank\" rel=\"noopener\">RoofTop Sta. Catarina<\/a>, aberto das 15h00 \u00e0s 23h00\u2026 um dos locais mais apraz\u00edveis e desejado no ver\u00e3o.<\/p>\n<p>Al\u00e9m da remodelada \u00e1rea de refei\u00e7\u00f5es, o terra\u00e7o tem um menu com petiscos saud\u00e1veis, novas tostas e saladas e hamb\u00fargueres que homenageiam zonas e monumentos da cidade. A vista sobre a cidade \u00e9 deslumbrante, com destaque para alguns dos edif\u00edcios mais ic\u00f3nicos da cidade, como a Torre dos Cl\u00e9rigos, o Mercado do Bolh\u00e3o ou a S\u00e9 Catedral. <\/p>\n<p>Situado em Miragaia, nas Escadas do Caminho Novo, o <a href=\"https:\/\/https:\/\/www.facebook.com\/mirajazz\" target=\"_blank\" rel=\"noopener\">Mirajazz<\/a> \u00e9 um projeto do Grupo Musical de Miragaia e oferece uma vista deslumbrante do rio Douro, proporcionando tardes fant\u00e1sticas em que a m\u00fasica jazz \u00e9 rainha.<\/p>\n<p>Assim, passar a tarde com vistas sobre o Douro, ao som do jazz e com um copo de vinho na m\u00e3o \u00e9 o desafio do Mirajazz, um dos rooftops da Invicta mais carism\u00e1ticos.<\/p>\n<p>Entre as 15h00 e as 21h00, durante todos os dias da semana, no Mirajazz tamb\u00e9m n\u00e3o faltam petiscos se lhe der a fome.<\/p>\n<p>Aberto ao p\u00fablico desde junho de 2017, neste per\u00edodo cheio de desafios, a ger\u00eancia aposta na uni\u00e3o (com dist\u00e2ncia) para fazer a sua for\u00e7a e criar motivos para celebrar!<\/p>\n<p class=\" block-img\"><img decoding=\"async\" src=\"https:\/\/www.imovirtual.com\/noticias\/wp-content\/uploads\/2022\/11\/bd5974cf-f0b2-4813-a690-c8359669947e_Copia-de-Banners-Autores.png\" alt=\"Ana Catarina Autor Imovirtual\"><\/p>\n<h5><em>Ana Catarina \u00e9 a mi\u00fada das tend\u00eancias. Gosta de ficar em casa a perder-se pelas p\u00e1ginas de um livro, mas tamb\u00e9m n\u00e3o dispensa um caf\u00e9 tardio com os amigos. Est\u00e1 sempre \u00e0 procura do \u00faltimo grito em Lifestyle para revelar no Blog do Imovirtual.<\/em><\/h5>\n<\/p>\n<h4><strong>Tamb\u00e9m lhe pode interessar<\/strong><\/h4>\n<ul>\n<li>Fa\u00e7a um passeio pelas&nbsp;<a href=\"https:\/\/www.imovirtual.com\/noticias\/lifestyle\/faca-um-passeio-pelas-aldeias-de-xisto\" target=\"_blank\" rel=\"noopener\"><strong>Aldeias de Xisto<\/strong><\/a><\/li>\n<li>Conhe\u00e7a os encantos do&nbsp;<a href=\"https:\/\/www.imovirtual.com\/noticias\/lifestyle\/conheca-os-encantos-do-geres\" target=\"_blank\" rel=\"noopener\"><strong>Ger\u00eas<\/strong><\/a><\/li>\n<li>Descubra o&nbsp;<a href=\"https:\/\/www.imovirtual.com\/noticias\/lifestyle\/descubra-o-douro-com-um-cruzeiro-magnifico\" target=\"_blank\" rel=\"noopener\"><strong>Douro<\/strong><\/a>&nbsp;com um cruzeiro magn\u00edfico<\/li>\n<\/ul>\n<\/p>\n<div class=\"css-h5fkc8\"><strong>Ultima actualiza\u00e7\u00e3o:<\/strong> 29 setembro 2021<\/div>\n","protected":false},"excerpt":{"rendered":"<p>2 Rooftops do Porto com melhores vista Desfrutar da maravilhosa vis\u00e3o que proporcionam sobre o bel\u00edssimo casario da cidade Invicta, mas igualmente sobre o imponente rio Douro e as suas variadas e arquitetonicamente belas pontes que o atravessam, \u00e9 apenas um dos prazeres que os imensos rooftops existentes no Porto proporcionam a quem os frequenta. &hellip;<\/p>\n","protected":false},"author":3,"featured_media":2378,"comment_status":"closed","ping_status":"open","sticky":false,"template":"","format":"standard","meta":{"footnotes":""},"categories":[3],"tags":[],"class_list":["post-2377","post","type-post","status-publish","format-standard","has-post-thumbnail","hentry","category-lifestyle"],"_links":{"self":[{"href":"https:\/\/www.imovirtual.com\/noticias\/wp-json\/wp\/v2\/posts\/2377","targetHints":{"allow":["GET"]}}],"collection":[{"href":"https:\/\/www.imovirtual.com\/noticias\/wp-json\/wp\/v2\/posts"}],"about":[{"href":"https:\/\/www.imovirtual.com\/noticias\/wp-json\/wp\/v2\/types\/post"}],"author":[{"embeddable":true,"href":"https:\/\/www.imovirtual.com\/noticias\/wp-json\/wp\/v2\/users\/3"}],"replies":[{"embeddable":true,"href":"https:\/\/www.imovirtual.com\/noticias\/wp-json\/wp\/v2\/comments?post=2377"}],"version-history":[{"count":0,"href":"https:\/\/www.imovirtual.com\/noticias\/wp-json\/wp\/v2\/posts\/2377\/revisions"}],"wp:featuredmedia":[{"embeddable":true,"href":"https:\/\/www.imovirtual.com\/noticias\/wp-json\/wp\/v2\/media\/2378"}],"wp:attachment":[{"href":"https:\/\/www.imovirtual.com\/noticias\/wp-json\/wp\/v2\/media?parent=2377"}],"wp:term":[{"taxonomy":"category","embeddable":true,"href":"https:\/\/www.imovirtual.com\/noticias\/wp-json\/wp\/v2\/categories?post=2377"},{"taxonomy":"post_tag","embeddable":true,"href":"https:\/\/www.imovirtual.com\/noticias\/wp-json\/wp\/v2\/tags?post=2377"}],"curies":[{"name":"wp","href":"https:\/\/api.w.org\/{rel}","templated":true}]}}