{"id":2375,"date":"2020-12-04T00:00:00","date_gmt":"2020-12-04T00:00:00","guid":{"rendered":"https:\/\/www.imovirtual.com\/noticias2\/2020\/12\/04\/segunda-consulta-ao-mercado-de-imoveis-para-o-programa-renda-segura\/"},"modified":"2024-09-02T13:52:30","modified_gmt":"2024-09-02T13:52:30","slug":"segunda-consulta-ao-mercado-de-imoveis-para-o-programa-renda-segura","status":"publish","type":"post","link":"https:\/\/www.imovirtual.com\/noticias\/novidades\/segunda-consulta-ao-mercado-de-imoveis-para-o-programa-renda-segura\/","title":{"rendered":"Novas candidaturas ao Programa Renda Segura"},"content":{"rendered":"<p class=\"css-8qfla4\">\n<p class=\"css-m5h6m0 edperro0\">\n<h1><strong>Novas candidaturas ao Programa Renda Segura<\/strong><\/h1>\n<p>A segunda consulta ao mercado de im\u00f3veis para o <a href=\"https:\/\/www.lisboa.pt\/cidade\/habitacao\/programas\">programa Renda Segura<\/a> teve 40 candidaturas vindas do Alojamento Local. Esta segunda consulta j\u00e1 terminou.<\/p>\n<p>Este \u00e9 um programa da C\u00e2mara Municipal de Lisboa que visa \u201carrendar casas a propriet\u00e1rios privados e as subarrendar no regime de renda acess\u00edvel com contratos nunca inferiores a 5 anos\u201d, informa a autarquia na sua p\u00e1gina oficial.<\/p>\n<p>Foram recebidas 107 candidaturas para arrendamento. As tipologias foram as seguintes: 9 T0, 37 T1, 44 T2, 24 T3, 8 T4 e 1 T5. As candidaturas dos im\u00f3veis apresentados vieram de \u201ctodas as zonas da cidade, com especial incid\u00eancia no centro hist\u00f3rico de Lisboa\u201d, informou a C\u00e2mara de Lisboa.<\/p>\n<p>As freguesias de <a href=\"https:\/\/www.imovirtual.com\/noticias\/imoblog\/lisboa-santa-maria-maior-freguesia-de-tradicoes-id101.html\" target=\"_blank\" rel=\"noopener\">Santa Maria Maior<\/a>, <a href=\"https:\/\/www.imovirtual.com\/noticias\/imoblog\/lisboa-santo-antonio-id193.html\">Santo Ant\u00f3nio<\/a> e <a href=\"https:\/\/www.imovirtual.com\/noticias\/imoblog\/lisboa-penha-de-franca-id203.html\" target=\"_blank\" rel=\"noopener\">Penha de Fran\u00e7a<\/a> foram as que tiveram maior n\u00famero de im\u00f3veis apresentados.<\/p>\n<p>O Programa Renda Segura ter\u00e1 as candidaturas abertas durante todo o ano de 2021, candidaturas essas que se iniciam a 2 de janeiro. As condi\u00e7\u00f5es financeiras ser\u00e3o as mesmas, assim como o regime \u201cfiscal, com isen\u00e7\u00e3o total de pagamento de IRS\/IRC e IMI\u201d, esclarece a C\u00e2mara de Lisboa.<\/p>\n<p>Ainda no que diz respeito \u00e0 Renda Segura, mas a C\u00e2mara de Lisboa vai abrir no dia 21 de dezembro o 4\u00ba concurso para a Renda Acess\u00edvel, co m50 apartamentos arrendados pela autarquia \u201ca propriet\u00e1rios privados\u201d.<\/p>\n<p class=\" block-img\"><img decoding=\"async\" src=\"https:\/\/www.imovirtual.com\/noticias\/wp-content\/uploads\/2022\/11\/3c23b667-0a08-4ca1-abcb-74566be5c538_Copia-de-Banners-Autores-2.png\" alt=\"Alexandre Lu\u00eds Autor Imovirtual\"><\/p>\n<h5><em>Tamb\u00e9m conhecido como &#8216;O Consultor&#8217;. Pode encontr\u00e1-lo a consultar o \u00faltimo estudo de mercado. N\u00e3o tem talento para vender, mas sabe tudo sobre Imobili\u00e1rio. Fala sobre quest\u00f5es relacionadas com o tema no Blog do Imovirtual.<\/em><\/h5>\n<h4>\n<p><strong>Leia tamb\u00e9m:<\/strong><\/h4>\n<ul>\n<li>Requalifica\u00e7\u00e3o do quarteir\u00e3o do <a href=\"https:\/\/www.imovirtual.com\/noticias\/noticias\/requalificacao-bairro-alto\"><strong>Bairro Alto<\/strong><\/a> prev\u00ea ter 45 casas de Renda Acess\u00edvel<\/li>\n<li>Casas retiradas do<strong> <a href=\"https:\/\/www.imovirtual.com\/noticias\/noticias\/alojamento-local-deixa-de-pagar-impostos\">Alojamento Local<\/a><\/strong> deixam de pagar imposto sobre mais-valias<\/li>\n<li><strong><a href=\"https:\/\/www.imovirtual.com\/noticias\/noticias\/camara-do-porto-quer-reduzir-em-50-as-rendas\">C\u00e2mara do Porto<\/a> <\/strong>quer reduzir em 50% as rendas para inquilinos comerciais do setor do turismo<\/li>\n<\/ul>\n<\/p>\n<div class=\"css-h5fkc8\"><strong>Ultima actualiza\u00e7\u00e3o:<\/strong> 29 setembro 2021<\/div>\n","protected":false},"excerpt":{"rendered":"<p>Novas candidaturas ao Programa Renda Segura A segunda consulta ao mercado de im\u00f3veis para o programa Renda Segura teve 40 candidaturas vindas do Alojamento Local. Esta segunda consulta j\u00e1 terminou. Este \u00e9 um programa da C\u00e2mara Municipal de Lisboa que visa \u201carrendar casas a propriet\u00e1rios privados e as subarrendar no regime de renda acess\u00edvel com &hellip;<\/p>\n","protected":false},"author":3,"featured_media":2376,"comment_status":"closed","ping_status":"open","sticky":false,"template":"","format":"standard","meta":{"footnotes":""},"categories":[35,4],"tags":[],"class_list":["post-2375","post","type-post","status-publish","format-standard","has-post-thumbnail","hentry","category-guia-de-arrendamento","category-novidades"],"_links":{"self":[{"href":"https:\/\/www.imovirtual.com\/noticias\/wp-json\/wp\/v2\/posts\/2375","targetHints":{"allow":["GET"]}}],"collection":[{"href":"https:\/\/www.imovirtual.com\/noticias\/wp-json\/wp\/v2\/posts"}],"about":[{"href":"https:\/\/www.imovirtual.com\/noticias\/wp-json\/wp\/v2\/types\/post"}],"author":[{"embeddable":true,"href":"https:\/\/www.imovirtual.com\/noticias\/wp-json\/wp\/v2\/users\/3"}],"replies":[{"embeddable":true,"href":"https:\/\/www.imovirtual.com\/noticias\/wp-json\/wp\/v2\/comments?post=2375"}],"version-history":[{"count":0,"href":"https:\/\/www.imovirtual.com\/noticias\/wp-json\/wp\/v2\/posts\/2375\/revisions"}],"wp:featuredmedia":[{"embeddable":true,"href":"https:\/\/www.imovirtual.com\/noticias\/wp-json\/wp\/v2\/media\/2376"}],"wp:attachment":[{"href":"https:\/\/www.imovirtual.com\/noticias\/wp-json\/wp\/v2\/media?parent=2375"}],"wp:term":[{"taxonomy":"category","embeddable":true,"href":"https:\/\/www.imovirtual.com\/noticias\/wp-json\/wp\/v2\/categories?post=2375"},{"taxonomy":"post_tag","embeddable":true,"href":"https:\/\/www.imovirtual.com\/noticias\/wp-json\/wp\/v2\/tags?post=2375"}],"curies":[{"name":"wp","href":"https:\/\/api.w.org\/{rel}","templated":true}]}}